{"id":115,"date":"2014-07-21T13:21:30","date_gmt":"2014-07-21T11:21:30","guid":{"rendered":"http:\/\/photos-et-compagnie.fr\/blog\/?p=115"},"modified":"2014-07-21T13:21:30","modified_gmt":"2014-07-21T11:21:30","slug":"dimanche-29-juin","status":"publish","type":"post","link":"https:\/\/photos-et-compagnie.fr\/blog\/2014\/07\/dimanche-29-juin\/","title":{"rendered":"Dimanche 29 juin"},"content":{"rendered":"<p style=\"text-align: justify;\"><span style=\"text-decoration: underline;\"><strong>Itin\u00e9raire<\/strong><\/span><\/p>\n<p style=\"text-align: justify;\"><a href=\"https:\/\/lh6.googleusercontent.com\/-L7bcFwFxUdw\/U8g0uxYFH9I\/AAAAAAAAE6M\/oy5nbgZxXyg\/w572-h637-no\/Capture2.JPG\"><img decoding=\"async\" loading=\"lazy\" class=\"alignnone\" src=\"https:\/\/lh6.googleusercontent.com\/-L7bcFwFxUdw\/U8g0uxYFH9I\/AAAAAAAAE6M\/oy5nbgZxXyg\/w572-h637-no\/Capture2.JPG\" alt=\"\" width=\"572\" height=\"637\" \/><\/a><\/p>\n<p style=\"text-align: justify;\">Nous \u00e9tions donc quatre fran\u00e7ais passionn\u00e9s de photo \u00e0 nous \u00eatre donn\u00e9 rendez vous \u00e0 St Exup\u00e9ry vers 22h, pour un d\u00e9collage (tr\u00e8s) tardif, juste avant minuit. Nous partons de France en pleine nuit, et apr\u00e8s un peu moins de quatre heures de vol nous approchons de l&rsquo;Islande : il est environ 3h30 heure fran\u00e7aise, 1h30 heure locale, et nous pouvons constater qu&rsquo;effectivement, l&rsquo;\u00e9t\u00e9 islandais laisse peu de place \u00e0 la nuit &#8230;.<\/p>\n<p style=\"text-align: justify;\">Si la vue avant l&rsquo;atterrissage est assez banale depuis les hublots de gauche<\/p>\n<p style=\"text-align: justify;\"><a href=\"https:\/\/lh5.googleusercontent.com\/-9W9L9JDnX0Y\/U8gvGv9jAtI\/AAAAAAAAE5w\/a2dvXbr1yAI\/w958-h639-no\/IMG_2024.JPG\"><img decoding=\"async\" loading=\"lazy\" class=\"alignnone\" src=\"https:\/\/lh5.googleusercontent.com\/-9W9L9JDnX0Y\/U8gvGv9jAtI\/AAAAAAAAE5w\/a2dvXbr1yAI\/w958-h639-no\/IMG_2024.JPG\" alt=\"\" width=\"958\" height=\"639\" \/><\/a><\/p>\n<p style=\"text-align: justify;\">elle est d\u00e9j\u00e0 beaucoup plus sympa depuis les hublots de droite (j&rsquo;avais pass\u00e9 mon appareil \u00e0 une amie qui \u00e9tait assise \u00e0 droite, merci \u00e0 elle pour la photo \ud83d\ude09 )<\/p>\n<p style=\"text-align: justify;\"><a href=\"https:\/\/lh4.googleusercontent.com\/-goWRpEdUMxE\/U8gu07txhEI\/AAAAAAAAE5Y\/M1q5TmmFJ_E\/w958-h639-no\/IMG_2036.JPG\"><img decoding=\"async\" loading=\"lazy\" class=\"alignnone\" src=\"https:\/\/lh4.googleusercontent.com\/-goWRpEdUMxE\/U8gu07txhEI\/AAAAAAAAE5Y\/M1q5TmmFJ_E\/w958-h639-no\/IMG_2036.JPG\" alt=\"\" width=\"958\" height=\"639\" \/><\/a><\/p>\n<p style=\"text-align: justify;\"><a title=\"Lundi 30 juin\" href=\"http:\/\/photos-et-compagnie.fr\/blog\/2014\/07\/lundi-30-juin\/\">Pr\u00e9ambule<\/a>\u00a0\u00a0\u00a0\u00a0\u00a0\u00a0\u00a0\u00a0\u00a0\u00a0\u00a0\u00a0\u00a0\u00a0\u00a0\u00a0\u00a0\u00a0\u00a0\u00a0\u00a0\u00a0\u00a0\u00a0\u00a0\u00a0\u00a0\u00a0\u00a0\u00a0\u00a0\u00a0\u00a0\u00a0\u00a0\u00a0\u00a0\u00a0\u00a0\u00a0\u00a0\u00a0\u00a0\u00a0\u00a0\u00a0\u00a0\u00a0\u00a0\u00a0\u00a0\u00a0\u00a0\u00a0\u00a0\u00a0\u00a0\u00a0\u00a0\u00a0\u00a0\u00a0\u00a0\u00a0\u00a0\u00a0\u00a0\u00a0\u00a0\u00a0\u00a0\u00a0\u00a0\u00a0\u00a0\u00a0\u00a0\u00a0\u00a0\u00a0\u00a0\u00a0\u00a0\u00a0\u00a0\u00a0\u00a0 \u00a0 \u00a0\u00a0\u00a0\u00a0\u00a0\u00a0\u00a0\u00a0 <a title=\"Lundi 30 juin\" href=\"http:\/\/photos-et-compagnie.fr\/blog\/2014\/07\/lundi-30-juin\/\">Lundi 30 juin<\/a><\/p>\n","protected":false},"excerpt":{"rendered":"<p>Itin\u00e9raire Nous \u00e9tions donc quatre fran\u00e7ais passionn\u00e9s de photo \u00e0 nous \u00eatre donn\u00e9 rendez vous \u00e0 St Exup\u00e9ry vers 22h, pour un d\u00e9collage (tr\u00e8s) tardif, juste avant minuit. Nous partons de France en pleine nuit, et apr\u00e8s un peu moins de quatre heures de vol nous approchons de l&rsquo;Islande : il est environ 3h30 heure fran\u00e7aise, 1h30 heure locale, et nous pouvons constater qu&rsquo;effectivement, l&rsquo;\u00e9t\u00e9 islandais laisse peu de place \u00e0 la nuit &#8230;. Si la vue avant l&rsquo;atterrissage est assez banale depuis les hublots de gauche elle est d\u00e9j\u00e0 beaucoup plus sympa depuis les hublots de droite (j&rsquo;avais pass\u00e9 mon appareil \u00e0 une amie qui \u00e9tait assise \u00e0 droite, merci \u00e0 elle pour la photo \ud83d\ude09 ) Pr\u00e9ambule\u00a0\u00a0\u00a0\u00a0\u00a0\u00a0\u00a0\u00a0\u00a0\u00a0\u00a0\u00a0\u00a0\u00a0\u00a0\u00a0\u00a0\u00a0\u00a0\u00a0\u00a0\u00a0\u00a0\u00a0\u00a0\u00a0\u00a0\u00a0\u00a0\u00a0\u00a0\u00a0\u00a0\u00a0\u00a0\u00a0\u00a0\u00a0\u00a0\u00a0\u00a0\u00a0\u00a0\u00a0\u00a0\u00a0\u00a0\u00a0\u00a0\u00a0\u00a0\u00a0\u00a0\u00a0\u00a0\u00a0\u00a0\u00a0\u00a0\u00a0\u00a0\u00a0\u00a0\u00a0\u00a0\u00a0\u00a0\u00a0\u00a0\u00a0\u00a0\u00a0\u00a0\u00a0\u00a0\u00a0\u00a0\u00a0\u00a0\u00a0\u00a0\u00a0\u00a0\u00a0\u00a0\u00a0\u00a0 \u00a0 \u00a0\u00a0\u00a0\u00a0\u00a0\u00a0\u00a0\u00a0 Lundi 30 juin<\/p>\n","protected":false},"author":1,"featured_media":0,"comment_status":"open","ping_status":"open","sticky":false,"template":"","format":"standard","meta":[],"categories":[3],"tags":[],"_links":{"self":[{"href":"https:\/\/photos-et-compagnie.fr\/blog\/wp-json\/wp\/v2\/posts\/115"}],"collection":[{"href":"https:\/\/photos-et-compagnie.fr\/blog\/wp-json\/wp\/v2\/posts"}],"about":[{"href":"https:\/\/photos-et-compagnie.fr\/blog\/wp-json\/wp\/v2\/types\/post"}],"author":[{"embeddable":true,"href":"https:\/\/photos-et-compagnie.fr\/blog\/wp-json\/wp\/v2\/users\/1"}],"replies":[{"embeddable":true,"href":"https:\/\/photos-et-compagnie.fr\/blog\/wp-json\/wp\/v2\/comments?post=115"}],"version-history":[{"count":0,"href":"https:\/\/photos-et-compagnie.fr\/blog\/wp-json\/wp\/v2\/posts\/115\/revisions"}],"wp:attachment":[{"href":"https:\/\/photos-et-compagnie.fr\/blog\/wp-json\/wp\/v2\/media?parent=115"}],"wp:term":[{"taxonomy":"category","embeddable":true,"href":"https:\/\/photos-et-compagnie.fr\/blog\/wp-json\/wp\/v2\/categories?post=115"},{"taxonomy":"post_tag","embeddable":true,"href":"https:\/\/photos-et-compagnie.fr\/blog\/wp-json\/wp\/v2\/tags?post=115"}],"curies":[{"name":"wp","href":"https:\/\/api.w.org\/{rel}","templated":true}]}}