{"id":117,"date":"2014-07-21T13:43:48","date_gmt":"2014-07-21T11:43:48","guid":{"rendered":"http:\/\/photos-et-compagnie.fr\/blog\/?p=117"},"modified":"2014-07-21T13:43:48","modified_gmt":"2014-07-21T11:43:48","slug":"lundi-30-juin","status":"publish","type":"post","link":"https:\/\/photos-et-compagnie.fr\/blog\/2014\/07\/lundi-30-juin\/","title":{"rendered":"Lundi 30 juin"},"content":{"rendered":"<p><span style=\"text-decoration: underline;\"><strong>Itin\u00e9raire<\/strong><\/span><\/p>\n<p><a href=\"https:\/\/lh3.googleusercontent.com\/-_kplUfamlgg\/U8g2Q-sR1eI\/AAAAAAAAE6o\/QRmWZdMtJKc\/w804-h423-no\/Capture.JPG\"><img decoding=\"async\" loading=\"lazy\" class=\"aligncenter\" src=\"https:\/\/lh3.googleusercontent.com\/-_kplUfamlgg\/U8g2Q-sR1eI\/AAAAAAAAE6o\/QRmWZdMtJKc\/w804-h423-no\/Capture.JPG\" alt=\"\" width=\"804\" height=\"423\" \/><\/a><\/p>\n<p style=\"text-align: justify;\">Apr\u00e8s une courte nuit \u00e0 l&rsquo;h\u00f4tel de l&rsquo;a\u00e9roport et un petit d\u00e9jeuner pantagru\u00e9lique, nous prenons possession de notre 4&#215;4 et passons \u00e0 Reyjavik pour r\u00e9cup\u00e9rer le mat\u00e9riel de camping que nous avions lou\u00e9.<\/p>\n<p style=\"text-align: justify;\">Premi\u00e8re d\u00e9convenue, la responsable de l&rsquo;agence de location de mat\u00e9riel nous indique qu&rsquo;une alerte m\u00e9t\u00e9o est en cours sur l&rsquo;ensemble de l&rsquo;\u00eele, et que de tr\u00e8s forts vents et pluies sont pr\u00e9vus pour les deux prochains jours. En cons\u00e9quence le camping est fortement d\u00e9conseill\u00e9. Nous d\u00e9cidons donc de changer nos plans, et de ne pas commencer par nous rendre dans les montagnes (o\u00f9 le camping est quasi obligatoire), mais de partir vers le Sud en suivant la route 1.<\/p>\n<p style=\"text-align: justify;\">Premier arr\u00eat \u00e0 Selfoss, ville inint\u00e9ressante mais avec de nombreux supermarch\u00e9s, afin de faire le plein de provisions, puis direction Skogafoss, notre destination du soir.<\/p>\n<p style=\"text-align: justify;\">Sur le chemin, malgr\u00e9 la pluie qui tombe, nous nous arr\u00eatons pour admirer Urri\u00f0afoss, qui nous tends les bras \u00e0 deux pas de la route. C&rsquo;est notre premi\u00e8re cascade du s\u00e9jour, elle n&rsquo;est pas tr\u00e8s photog\u00e9nique du fait de sa faible hauteur, mais \u00e7a reste assez impressionnant \u00e0 voir, et nous passons un peu de temps \u00e0 lui tirer le portrait.<\/p>\n<div style=\"width: 1010px\" class=\"wp-caption aligncenter\"><a href=\"https:\/\/lh3.googleusercontent.com\/-Z-DnmcHVvRc\/U8wsGCJPw_I\/AAAAAAAAFCM\/gFMuVj7msO0\/w1000-h500-no\/IMG_3838.JPG\"><img decoding=\"async\" loading=\"lazy\" src=\"https:\/\/lh3.googleusercontent.com\/-Z-DnmcHVvRc\/U8wsGCJPw_I\/AAAAAAAAFCM\/gFMuVj7msO0\/w1000-h500-no\/IMG_3838.JPG\" alt=\"\" width=\"1000\" height=\"500\" \/><\/a><p class=\"wp-caption-text\">Urri\u00f0afoss<\/p><\/div>\n<p>&nbsp;<\/p>\n<p style=\"text-align: justify;\">Nous arrivons ensuite \u00e0 Sk\u00f3gafoss sous la pluie. Compte tenu de l&rsquo;alerte m\u00e9t\u00e9o, nous n&rsquo;avons pas plant\u00e9 la tente, et l&rsquo;auberge de jeunesse \u00e9tant compl\u00e8te, nous avons pris une chambre d&rsquo;h\u00f4tel &#8230;. qui nous a cout\u00e9 le prix de 6 nuits en camping, budget h\u00e9bergement explos\u00e9 d\u00e8s le premier soir ! Et pour couronner le tout, comme nous n&rsquo;avions pas le droit d&rsquo;utiliser la cuisine commune de l&rsquo;auberge de jeunesse, nous avons fait cuire nos p\u00e2tes &#8230;.. sur le r\u00e9chaud dans la salle de bain de la chambre.<\/p>\n<p style=\"text-align: justify;\">Malgr\u00e9 le mauvais temps, nous ne pouvions pas passer \u00e0 c\u00f4t\u00e9 d&rsquo;une s\u00e9ance photo : Sk\u00f3gafoss est une merveille, ses proportions id\u00e9ales en font une chute extr\u00eamement photog\u00e9niques : pose courte, pose longue, plan serr\u00e9, plan large &#8230;. Tout lui r\u00e9ussit !<\/p>\n<div style=\"width: 1010px\" class=\"wp-caption aligncenter\"><a href=\"https:\/\/lh5.googleusercontent.com\/-DTQbAGQl8nk\/U8wsGQlUdXI\/AAAAAAAAFCY\/MxwcGRLG9YY\/w1000-h667-no\/IMG_3910.JPG\"><img decoding=\"async\" loading=\"lazy\" src=\"https:\/\/lh5.googleusercontent.com\/-DTQbAGQl8nk\/U8wsGQlUdXI\/AAAAAAAAFCY\/MxwcGRLG9YY\/w1000-h667-no\/IMG_3910.JPG\" alt=\"\" width=\"1000\" height=\"667\" \/><\/a><p class=\"wp-caption-text\">Sk\u00f3gafoss (1)<\/p><\/div>\n<p style=\"text-align: justify;\">Apr\u00e8s une premi\u00e8re s\u00e9ance photo bien humide et son lot de gouttes sur l&rsquo;objectif, nous sommes rentr\u00e9s \u00e0 l&rsquo;h\u00f4tel, pour en ressortir presque aussit\u00f4t pour une seconde s\u00e9ance, car contre toute attente la pluie s&rsquo;est arr\u00eat\u00e9 pendant environ une heure.<\/p>\n<div style=\"width: 1010px\" class=\"wp-caption aligncenter\"><a href=\"https:\/\/lh5.googleusercontent.com\/-rGGfw9RIoiY\/U8wsGf8IfnI\/AAAAAAAAFCU\/9P0hf1zxMCo\/w1000-h500-no\/IMG_3913-Modifier.JPG\"><img decoding=\"async\" loading=\"lazy\" src=\"https:\/\/lh5.googleusercontent.com\/-rGGfw9RIoiY\/U8wsGf8IfnI\/AAAAAAAAFCU\/9P0hf1zxMCo\/w1000-h500-no\/IMG_3913-Modifier.JPG\" alt=\"\" width=\"1000\" height=\"500\" \/><\/a><p class=\"wp-caption-text\">Sk\u00f3gafoss (2)<\/p><\/div>\n<p>&nbsp;<\/p>\n<div style=\"width: 658px\" class=\"wp-caption aligncenter\"><a href=\"https:\/\/lh6.googleusercontent.com\/-KKUyi4p5v9o\/U8wsHKvZ7lI\/AAAAAAAAFCk\/j6BO0xOUsbo\/w648-h971-no\/IMG_3915.JPG\"><img decoding=\"async\" loading=\"lazy\" src=\"https:\/\/lh6.googleusercontent.com\/-KKUyi4p5v9o\/U8wsHKvZ7lI\/AAAAAAAAFCk\/j6BO0xOUsbo\/w648-h971-no\/IMG_3915.JPG\" alt=\"\" width=\"648\" height=\"971\" \/><\/a><p class=\"wp-caption-text\">Sk\u00f3gafoss (3)<\/p><\/div>\n<p>&nbsp;<\/p>\n<div style=\"width: 1010px\" class=\"wp-caption aligncenter\"><a href=\"https:\/\/lh6.googleusercontent.com\/-C8kHY8aJb20\/U8wsHy5xrdI\/AAAAAAAAFCo\/qewaAErzhqY\/w1000-h667-no\/IMG_3941.JPG\"><img decoding=\"async\" loading=\"lazy\" src=\"https:\/\/lh6.googleusercontent.com\/-C8kHY8aJb20\/U8wsHy5xrdI\/AAAAAAAAFCo\/qewaAErzhqY\/w1000-h667-no\/IMG_3941.JPG\" alt=\"\" width=\"1000\" height=\"667\" \/><\/a><p class=\"wp-caption-text\">Sk\u00f3gafoss (4)<\/p><\/div>\n<p>&nbsp;<\/p>\n<p><a title=\"Dimanche 29 juin\" href=\"http:\/\/photos-et-compagnie.fr\/blog\/2014\/07\/dimanche-29-juin\/\">Dimanche 29 juin<\/a> \u00a0 \u00a0 \u00a0 \u00a0 \u00a0 \u00a0 \u00a0 \u00a0 \u00a0 \u00a0 \u00a0 \u00a0 \u00a0 \u00a0 \u00a0 \u00a0 \u00a0 \u00a0 \u00a0 \u00a0 \u00a0 \u00a0 \u00a0 \u00a0 \u00a0 \u00a0 \u00a0 \u00a0 \u00a0 \u00a0 \u00a0 \u00a0 \u00a0 \u00a0 \u00a0 \u00a0 \u00a0 \u00a0<a title=\"Mardi 1er juillet\" href=\"http:\/\/photos-et-compagnie.fr\/blog\/2014\/07\/mardi-1er-juillet\/\"> Mardi 1er juillet<\/a><\/p>\n<p>&nbsp;<\/p>\n","protected":false},"excerpt":{"rendered":"<p>Itin\u00e9raire Apr\u00e8s une courte nuit \u00e0 l&rsquo;h\u00f4tel de l&rsquo;a\u00e9roport et un petit d\u00e9jeuner pantagru\u00e9lique, nous prenons possession de notre 4&#215;4 et passons \u00e0 Reyjavik pour r\u00e9cup\u00e9rer le mat\u00e9riel de camping que nous avions lou\u00e9. Premi\u00e8re d\u00e9convenue, la responsable de l&rsquo;agence de location de mat\u00e9riel nous indique qu&rsquo;une alerte m\u00e9t\u00e9o est en cours sur l&rsquo;ensemble de l&rsquo;\u00eele, et que de tr\u00e8s forts vents et pluies sont pr\u00e9vus pour les deux prochains jours. En cons\u00e9quence le camping est fortement d\u00e9conseill\u00e9. Nous d\u00e9cidons donc de changer nos plans, et de ne pas commencer par nous rendre dans les montagnes (o\u00f9 le camping est quasi obligatoire), mais de partir vers le Sud en suivant la route 1. Premier arr\u00eat \u00e0 Selfoss, ville inint\u00e9ressante mais avec de nombreux supermarch\u00e9s, afin de faire le plein de provisions, puis direction Skogafoss, notre destination du soir. Sur le chemin, malgr\u00e9 la pluie qui tombe, nous nous arr\u00eatons pour..<\/p>\n","protected":false},"author":1,"featured_media":0,"comment_status":"open","ping_status":"open","sticky":false,"template":"","format":"standard","meta":[],"categories":[3],"tags":[],"_links":{"self":[{"href":"https:\/\/photos-et-compagnie.fr\/blog\/wp-json\/wp\/v2\/posts\/117"}],"collection":[{"href":"https:\/\/photos-et-compagnie.fr\/blog\/wp-json\/wp\/v2\/posts"}],"about":[{"href":"https:\/\/photos-et-compagnie.fr\/blog\/wp-json\/wp\/v2\/types\/post"}],"author":[{"embeddable":true,"href":"https:\/\/photos-et-compagnie.fr\/blog\/wp-json\/wp\/v2\/users\/1"}],"replies":[{"embeddable":true,"href":"https:\/\/photos-et-compagnie.fr\/blog\/wp-json\/wp\/v2\/comments?post=117"}],"version-history":[{"count":0,"href":"https:\/\/photos-et-compagnie.fr\/blog\/wp-json\/wp\/v2\/posts\/117\/revisions"}],"wp:attachment":[{"href":"https:\/\/photos-et-compagnie.fr\/blog\/wp-json\/wp\/v2\/media?parent=117"}],"wp:term":[{"taxonomy":"category","embeddable":true,"href":"https:\/\/photos-et-compagnie.fr\/blog\/wp-json\/wp\/v2\/categories?post=117"},{"taxonomy":"post_tag","embeddable":true,"href":"https:\/\/photos-et-compagnie.fr\/blog\/wp-json\/wp\/v2\/tags?post=117"}],"curies":[{"name":"wp","href":"https:\/\/api.w.org\/{rel}","templated":true}]}}