{"id":131,"date":"2014-07-23T09:57:27","date_gmt":"2014-07-23T07:57:27","guid":{"rendered":"http:\/\/photos-et-compagnie.fr\/blog\/?p=131"},"modified":"2014-07-23T09:57:27","modified_gmt":"2014-07-23T07:57:27","slug":"mardi-1er-juillet","status":"publish","type":"post","link":"https:\/\/photos-et-compagnie.fr\/blog\/2014\/07\/mardi-1er-juillet\/","title":{"rendered":"Mardi 1er juillet"},"content":{"rendered":"<p style=\"text-align: justify;\"><span style=\"text-decoration: underline;\"><strong>Itin\u00e9raire<\/strong><\/span><\/p>\n<p style=\"text-align: justify;\"><a href=\"https:\/\/lh3.googleusercontent.com\/-L5oDv886YJY\/U8kdETV-lWI\/AAAAAAAAE7U\/dTppq1t98Io\/w1073-h552-no\/Capture.JPG\"><img decoding=\"async\" loading=\"lazy\" class=\"aligncenter\" src=\"https:\/\/lh3.googleusercontent.com\/-L5oDv886YJY\/U8kdETV-lWI\/AAAAAAAAE7U\/dTppq1t98Io\/w1073-h552-no\/Capture.JPG\" alt=\"\" width=\"1073\" height=\"552\" \/><\/a><\/p>\n<p style=\"text-align: justify;\">Au r\u00e9veil de ce troisi\u00e8me jour pas de pluie, mais, comme dit le po\u00e8te, un ciel si bas qu&rsquo;il fait l&rsquo;humilit\u00e9 <img decoding=\"async\" title=\"Clin d\u00e2\u20ac\u2122\u00c5\u201cil\" src=\"http:\/\/forum.apran.fr\/images\/smilies\/icon_e_wink.gif\" alt=\";)\" \/><\/p>\n<p style=\"text-align: justify;\">Notre \u00e9tape du soir sera Vik, ou plus exactement le camping de \u00deakgil, situ\u00e9 juste apr\u00e8s la sortie de Vik, \u00e0 15 km de piste de la route principale, au milieu de nulle part.<\/p>\n<p style=\"text-align: justify;\">Sur le chemin, nous commen\u00e7ons par un arr\u00eat pour aller \u00e0 la rencontre de notre premier glacier, le S\u00f3lheimaj\u00f6kull.<\/p>\n<div style=\"width: 1010px\" class=\"wp-caption aligncenter\"><a href=\"https:\/\/lh3.googleusercontent.com\/-mbEytlodqdI\/U82Cp4qF17I\/AAAAAAAAFEU\/thdoNZbi93Q\/w1000-h667-no\/IMG_2064.JPG\"><img decoding=\"async\" loading=\"lazy\" src=\"https:\/\/lh3.googleusercontent.com\/-mbEytlodqdI\/U82Cp4qF17I\/AAAAAAAAFEU\/thdoNZbi93Q\/w1000-h667-no\/IMG_2064.JPG\" alt=\"\" width=\"1000\" height=\"667\" \/><\/a><p class=\"wp-caption-text\">S\u00f3lheimaj\u00f6kull (1)<\/p><\/div>\n<div style=\"width: 1010px\" class=\"wp-caption aligncenter\"><a href=\" https:\/\/lh5.googleusercontent.com\/-wxuki5mQN0E\/U82CqdQ5FtI\/AAAAAAAAFEc\/UQeGrU27Bnk\/w1000-h667-no\/IMG_2079.JPG\"><img decoding=\"async\" loading=\"lazy\" src=\" https:\/\/lh5.googleusercontent.com\/-wxuki5mQN0E\/U82CqdQ5FtI\/AAAAAAAAFEc\/UQeGrU27Bnk\/w1000-h667-no\/IMG_2079.JPG\" alt=\"\" width=\"1000\" height=\"667\" \/><\/a><p class=\"wp-caption-text\">S\u00f3lheimaj\u00f6kull (2)<\/p><\/div>\n<p style=\"text-align: justify;\">La couleur \u00ab\u00a0caf\u00e9 au lait\u00a0\u00bb de l&rsquo;eau de la lagune offre un contraste tr\u00e8s esth\u00e9tique avec le blanc et le bleu de la glace, un r\u00e9gal pour le photographe (m\u00eame si un peu plus de lumi\u00e8re n&rsquo;aurait pas \u00e9t\u00e9 de trop\u00a0 &#8230;)<\/p>\n<div style=\"width: 1010px\" class=\"wp-caption aligncenter\"><a href=\"https:\/\/lh6.googleusercontent.com\/-VsV6kJILtao\/U82Cb0OanNI\/AAAAAAAAFEM\/r1wEO6M1xmk\/w1000-h500-no\/IMG_3987.JPG\"><img decoding=\"async\" loading=\"lazy\" src=\"https:\/\/lh6.googleusercontent.com\/-VsV6kJILtao\/U82Cb0OanNI\/AAAAAAAAFEM\/r1wEO6M1xmk\/w1000-h500-no\/IMG_3987.JPG\" alt=\"\" width=\"1000\" height=\"500\" \/><\/a><p class=\"wp-caption-text\">S\u00f3lheimaj\u00f6kull (3)<\/p><\/div>\n<div style=\"width: 1010px\" class=\"wp-caption aligncenter\"><a href=\"https:\/\/lh3.googleusercontent.com\/-BSXqp9-sS_g\/U82CcO6c6XI\/AAAAAAAAFEE\/UOhiSqO6Hu4\/w1000-h667-no\/IMG_3993.JPG\"><img decoding=\"async\" loading=\"lazy\" src=\"https:\/\/lh3.googleusercontent.com\/-BSXqp9-sS_g\/U82CcO6c6XI\/AAAAAAAAFEE\/UOhiSqO6Hu4\/w1000-h667-no\/IMG_3993.JPG\" alt=\"\" width=\"1000\" height=\"667\" \/><\/a><p class=\"wp-caption-text\">S\u00f3lheimaj\u00f6kull (4)<\/p><\/div>\n<p style=\"text-align: justify;\">Nous poursuivons ensuite notre chemin vers Vik. A notre arriv\u00e9e, la pluie et le vent nous incitent \u00e0 aller nous installer directement au camping de \u00deakgil. C&rsquo;est la premi\u00e8re fois que notre 4&#215;4 quitte la route goudronn\u00e9e, et au bout de quelques kilom\u00e8tres le d\u00e9paysement est total, on est au milieu de nulle part &#8230;.<\/p>\n<div style=\"width: 968px\" class=\"wp-caption aligncenter\"><a href=\"https:\/\/lh3.googleusercontent.com\/-qF0ZOo0MXbQ\/U82E7RrfbzI\/AAAAAAAAFFc\/sDUAvWLvb1U\/w958-h479-no\/IMG_4009.JPG\"><img decoding=\"async\" loading=\"lazy\" src=\"https:\/\/lh3.googleusercontent.com\/-qF0ZOo0MXbQ\/U82E7RrfbzI\/AAAAAAAAFFc\/sDUAvWLvb1U\/w958-h479-no\/IMG_4009.JPG\" alt=\"\" width=\"958\" height=\"479\" \/><\/a><p class=\"wp-caption-text\">Sur la route vers \u00deakgil<\/p><\/div>\n<p style=\"text-align: justify;\">Arriv\u00e9s au camping, la pluie et le vent ont forci, et d&rsquo;apr\u00e8s la m\u00e9t\u00e9o cela ne va faire qu&#8217;empirer dans les heures \u00e0 venir. Nous d\u00e9cidons une seconde fois de ne pas planter la tente, et r\u00e9servons un bungalow pour la nuit.<\/p>\n<p style=\"text-align: justify;\">Une fois assur\u00e9s de dormir au sec, nous repartons pour Vik, et les plages de Dyrh\u00f3laey et Reynisfjara. Ces plages de sable noir, surmont\u00e9es de falaises (et d&rsquo;orgues basaltiques pour la seconde), sont magnifiques, mais nous les verrons sous un temps d\u00e9testable : pluie et vent, aucune lumi\u00e8re, et devant lutter en permanence avec les gouttes qui se d\u00e9posent sur la lentille des appareils.<\/p>\n<div style=\"width: 1010px\" class=\"wp-caption aligncenter\"><a href=\"https:\/\/lh5.googleusercontent.com\/-f3YW4690IQU\/U87OYHcD3WI\/AAAAAAAAFGg\/F6OF5rk4xBI\/w1000-h667-no\/IMG_4014.JPG\"><img decoding=\"async\" loading=\"lazy\" src=\"https:\/\/lh5.googleusercontent.com\/-f3YW4690IQU\/U87OYHcD3WI\/AAAAAAAAFGg\/F6OF5rk4xBI\/w1000-h667-no\/IMG_4014.JPG\" alt=\"\" width=\"1000\" height=\"667\" \/><\/a><p class=\"wp-caption-text\">Falaises de Dyrh\u00f3laey<\/p><\/div>\n<div style=\"width: 1010px\" class=\"wp-caption aligncenter\"><a href=\"https:\/\/lh5.googleusercontent.com\/-3UWZRDogOpY\/U87OYcdihkI\/AAAAAAAAFGY\/DcZo5oUyvY8\/w1000-h667-no\/IMG_4030.JPG\"><img decoding=\"async\" loading=\"lazy\" src=\"https:\/\/lh5.googleusercontent.com\/-3UWZRDogOpY\/U87OYcdihkI\/AAAAAAAAFGY\/DcZo5oUyvY8\/w1000-h667-no\/IMG_4030.JPG\" alt=\"\" width=\"1000\" height=\"667\" \/><\/a><p class=\"wp-caption-text\">Vue sur les aiguilles de Reynisfjara depuis Dyrh\u00f3laey, et les gouttes sur l&rsquo;objectif en bonus<\/p><\/div>\n<p style=\"text-align: justify;\">Dans ces conditions, autant dire que les photos sont juste l\u00e0 pour le souvenir, et qu&rsquo;il aurait fallu y retourner par un temps plus cl\u00e9ment pour esp\u00e9rer mettre correctement en valeur ces paysages \ud83d\ude09<\/p>\n<div style=\"width: 1010px\" class=\"wp-caption aligncenter\"><a href=\" https:\/\/lh3.googleusercontent.com\/-Ou2buEhZbTQ\/U87Oa0cc4YI\/AAAAAAAAFHA\/HhlkLkeww24\/w1000-h500-no\/IMG_4130.JPG\"><img decoding=\"async\" loading=\"lazy\" src=\" https:\/\/lh3.googleusercontent.com\/-Ou2buEhZbTQ\/U87Oa0cc4YI\/AAAAAAAAFHA\/HhlkLkeww24\/w1000-h500-no\/IMG_4130.JPG\" alt=\"\" width=\"1000\" height=\"500\" \/><\/a><p class=\"wp-caption-text\">Aiguilles rocheuses de Reynisfjara (1)<\/p><\/div>\n<div style=\"width: 1010px\" class=\"wp-caption aligncenter\"><a href=\"https:\/\/lh6.googleusercontent.com\/-pXe3lGV1vZw\/U87ObtdqEGI\/AAAAAAAAFHI\/Ym369w_gNvA\/w1000-h667-no\/IMG_4147.JPG\"><img decoding=\"async\" loading=\"lazy\" src=\"https:\/\/lh6.googleusercontent.com\/-pXe3lGV1vZw\/U87ObtdqEGI\/AAAAAAAAFHI\/Ym369w_gNvA\/w1000-h667-no\/IMG_4147.JPG\" alt=\"\" width=\"1000\" height=\"667\" \/><\/a><p class=\"wp-caption-text\">Aiguilles rocheuses de Reynisfjara (2)<\/p><\/div>\n<div style=\"width: 1010px\" class=\"wp-caption aligncenter\"><a href=\"https:\/\/lh6.googleusercontent.com\/-fPQ5IUPOwtY\/U87PFtnAxxI\/AAAAAAAAFHU\/sp-QXo-aOV4\/w1000-h500-no\/IMG_4155.JPG\"><img decoding=\"async\" loading=\"lazy\" src=\"https:\/\/lh6.googleusercontent.com\/-fPQ5IUPOwtY\/U87PFtnAxxI\/AAAAAAAAFHU\/sp-QXo-aOV4\/w1000-h500-no\/IMG_4155.JPG\" alt=\"\" width=\"1000\" height=\"500\" \/><\/a><p class=\"wp-caption-text\">Les falaises de Dyrh\u00f3laey, vues depuis Reynisfjara<\/p><\/div>\n<p style=\"text-align: justify;\">Les falaises de Dyrh\u00f3laey \u00e9tant un lieu de r\u00e9sidence de nombreux oiseaux, cette journ\u00e9e est aussi occasion de faire une incursion hors de la photo de paysage, incursion bien modeste compte tenue des conditions de lumi\u00e8res et de la forte contre plong\u00e9e.<\/p>\n<div style=\"width: 1010px\" class=\"wp-caption aligncenter\"><a href=\"https:\/\/lh3.googleusercontent.com\/-UkJ7i9dh9z0\/U87OYmR3cPI\/AAAAAAAAFGk\/5ojkdNVP4PQ\/w1000-h667-no\/IMG_4043.JPG\"><img decoding=\"async\" loading=\"lazy\" src=\"https:\/\/lh3.googleusercontent.com\/-UkJ7i9dh9z0\/U87OYmR3cPI\/AAAAAAAAFGk\/5ojkdNVP4PQ\/w1000-h667-no\/IMG_4043.JPG\" alt=\"\" width=\"1000\" height=\"667\" \/><\/a><p class=\"wp-caption-text\">Macareux (1)<\/p><\/div>\n<div style=\"width: 1010px\" class=\"wp-caption aligncenter\"><a href=\"https:\/\/lh6.googleusercontent.com\/-j9bmL5KwkF8\/U87OZYgZ-VI\/AAAAAAAAFHM\/bDtyT8we7GI\/w1000-h500-no\/IMG_4048.JPG\"><img decoding=\"async\" loading=\"lazy\" src=\"https:\/\/lh6.googleusercontent.com\/-j9bmL5KwkF8\/U87OZYgZ-VI\/AAAAAAAAFHM\/bDtyT8we7GI\/w1000-h500-no\/IMG_4048.JPG\" alt=\"\" width=\"1000\" height=\"500\" \/><\/a><p class=\"wp-caption-text\">Macareux (2)<\/p><\/div>\n<div style=\"width: 1010px\" class=\"wp-caption aligncenter\"><a href=\"https:\/\/lh4.googleusercontent.com\/-i2w2JXzgdKs\/U87OaJzmtYI\/AAAAAAAAFGw\/Ry6ptrjflwg\/w1000-h667-no\/IMG_4103.JPG\"><img decoding=\"async\" loading=\"lazy\" src=\"https:\/\/lh4.googleusercontent.com\/-i2w2JXzgdKs\/U87OaJzmtYI\/AAAAAAAAFGw\/Ry6ptrjflwg\/w1000-h667-no\/IMG_4103.JPG\" alt=\"\" width=\"1000\" height=\"667\" \/><\/a><p class=\"wp-caption-text\">Fulmar bor\u00e9al (1)<\/p><\/div>\n<div style=\"width: 1010px\" class=\"wp-caption aligncenter\"><a href=\"https:\/\/lh3.googleusercontent.com\/-kKNpsP5PHGw\/U87OaWg4VbI\/AAAAAAAAFG8\/ZZs1pYJIX_I\/w1000-h667-no\/IMG_4115.JPG\"><img decoding=\"async\" loading=\"lazy\" src=\"https:\/\/lh3.googleusercontent.com\/-kKNpsP5PHGw\/U87OaWg4VbI\/AAAAAAAAFG8\/ZZs1pYJIX_I\/w1000-h667-no\/IMG_4115.JPG\" alt=\"\" width=\"1000\" height=\"667\" \/><\/a><p class=\"wp-caption-text\">Fulmar bor\u00e9al (2)<\/p><\/div>\n<p style=\"text-align: justify;\">Ayant regagn\u00e9 le camping, nous ne regrettons absolument pas notre choix de dormir en dur : la nuit sera dantesque, le vent et la pluie \u00e0 leur paroxysme, d&rsquo;ailleurs \u00e0 part une tente d\u00e9j\u00e0 en place \u00e0 notre arriv\u00e9e, aucun campeur ne tentera l&rsquo;aventure ce jour l\u00e0.<\/p>\n<p style=\"text-align: justify;\">\u00deakgil \u00e9tant le point de d\u00e9part d&rsquo;une belle randonn\u00e9e, nous esp\u00e9rons que le temps se sera am\u00e9lior\u00e9 le lendemain matin pour pouvoir en profiter.<\/p>\n<p style=\"text-align: justify;\"><a title=\"Lundi 30 juin\" href=\"http:\/\/photos-et-compagnie.fr\/blog\/2014\/07\/lundi-30-juin\/\">\u00a0Lundi 30 juin<\/a> \u00a0 \u00a0 \u00a0 \u00a0 \u00a0 \u00a0 \u00a0 \u00a0 \u00a0 \u00a0 \u00a0 \u00a0 \u00a0 \u00a0 \u00a0 \u00a0 \u00a0 \u00a0 \u00a0 \u00a0 \u00a0 \u00a0 \u00a0 \u00a0 \u00a0 \u00a0 \u00a0 \u00a0 \u00a0 \u00a0 \u00a0 \u00a0 \u00a0 \u00a0 \u00a0 \u00a0 \u00a0 \u00a0 \u00a0 \u00a0 \u00a0 \u00a0<a title=\"Mercredi 2 juillet\" href=\"http:\/\/photos-et-compagnie.fr\/blog\/2014\/07\/mercredi-2-juillet\/\">Mercredi 2 juillet<\/a><\/p>\n","protected":false},"excerpt":{"rendered":"<p>Itin\u00e9raire Au r\u00e9veil de ce troisi\u00e8me jour pas de pluie, mais, comme dit le po\u00e8te, un ciel si bas qu&rsquo;il fait l&rsquo;humilit\u00e9 Notre \u00e9tape du soir sera Vik, ou plus exactement le camping de \u00deakgil, situ\u00e9 juste apr\u00e8s la sortie de Vik, \u00e0 15 km de piste de la route principale, au milieu de nulle part. Sur le chemin, nous commen\u00e7ons par un arr\u00eat pour aller \u00e0 la rencontre de notre premier glacier, le S\u00f3lheimaj\u00f6kull. La couleur \u00ab\u00a0caf\u00e9 au lait\u00a0\u00bb de l&rsquo;eau de la lagune offre un contraste tr\u00e8s esth\u00e9tique avec le blanc et le bleu de la glace, un r\u00e9gal pour le photographe (m\u00eame si un peu plus de lumi\u00e8re n&rsquo;aurait pas \u00e9t\u00e9 de trop\u00a0 &#8230;) Nous poursuivons ensuite notre chemin vers Vik. A notre arriv\u00e9e, la pluie et le vent nous incitent \u00e0 aller nous installer directement au camping de \u00deakgil. C&rsquo;est la premi\u00e8re fois que notre 4&#215;4..<\/p>\n","protected":false},"author":1,"featured_media":0,"comment_status":"open","ping_status":"open","sticky":false,"template":"","format":"standard","meta":[],"categories":[3],"tags":[],"_links":{"self":[{"href":"https:\/\/photos-et-compagnie.fr\/blog\/wp-json\/wp\/v2\/posts\/131"}],"collection":[{"href":"https:\/\/photos-et-compagnie.fr\/blog\/wp-json\/wp\/v2\/posts"}],"about":[{"href":"https:\/\/photos-et-compagnie.fr\/blog\/wp-json\/wp\/v2\/types\/post"}],"author":[{"embeddable":true,"href":"https:\/\/photos-et-compagnie.fr\/blog\/wp-json\/wp\/v2\/users\/1"}],"replies":[{"embeddable":true,"href":"https:\/\/photos-et-compagnie.fr\/blog\/wp-json\/wp\/v2\/comments?post=131"}],"version-history":[{"count":0,"href":"https:\/\/photos-et-compagnie.fr\/blog\/wp-json\/wp\/v2\/posts\/131\/revisions"}],"wp:attachment":[{"href":"https:\/\/photos-et-compagnie.fr\/blog\/wp-json\/wp\/v2\/media?parent=131"}],"wp:term":[{"taxonomy":"category","embeddable":true,"href":"https:\/\/photos-et-compagnie.fr\/blog\/wp-json\/wp\/v2\/categories?post=131"},{"taxonomy":"post_tag","embeddable":true,"href":"https:\/\/photos-et-compagnie.fr\/blog\/wp-json\/wp\/v2\/tags?post=131"}],"curies":[{"name":"wp","href":"https:\/\/api.w.org\/{rel}","templated":true}]}}