{"id":142,"date":"2014-07-23T11:04:55","date_gmt":"2014-07-23T09:04:55","guid":{"rendered":"http:\/\/photos-et-compagnie.fr\/blog\/?p=142"},"modified":"2014-07-23T11:04:55","modified_gmt":"2014-07-23T09:04:55","slug":"mercredi-2-juillet","status":"publish","type":"post","link":"https:\/\/photos-et-compagnie.fr\/blog\/2014\/07\/mercredi-2-juillet\/","title":{"rendered":"Mercredi 2 juillet"},"content":{"rendered":"<p style=\"text-align: justify;\"><span style=\"text-decoration: underline;\"><strong>Itin\u00e9raire<\/strong><\/span><\/p>\n<p style=\"text-align: justify;\"><a href=\"https:\/\/lh6.googleusercontent.com\/-27526tp80jw\/U9AGn_6iOeI\/AAAAAAAAFLU\/JMlhQ_wLT78\/w1073-h626-no\/Capture.JPG\"><img decoding=\"async\" loading=\"lazy\" class=\"aligncenter\" src=\"https:\/\/lh6.googleusercontent.com\/-27526tp80jw\/U9AGn_6iOeI\/AAAAAAAAFLU\/JMlhQ_wLT78\/w1073-h626-no\/Capture.JPG\" alt=\"\" width=\"1073\" height=\"626\" \/><\/a><\/p>\n<p style=\"text-align: justify;\">Au r\u00e9veil le 2 juillet, la pluie a cess\u00e9, mais le temps est toujours tr\u00e8s mena\u00e7ant, nous d\u00e9cidons donc de ne pas nous lancer dans la belle randonn\u00e9e de plus de 4 heures au d\u00e9part de\u00a0\u00deakgil conseill\u00e9e par notre guide.<\/p>\n<p style=\"text-align: justify;\">Nous reprenons donc la route vers notre \u00e9tape du soir, Svinafell, qui a pour avantage d&rsquo;\u00eatre tout pr\u00eat du parc national de Skaftafell, que nous comptons explorer, et \u00e0 moins d&rsquo;une heure de route de la lagune glaciaire de J\u00f6kuls\u00e1rl\u00f3n, une des merveilles incontournables de l&rsquo;Islande.<\/p>\n<p style=\"text-align: justify;\">Cette journ\u00e9e de route sera l&rsquo;occasion de v\u00e9rifier le proverbe Islandais qui dit \u00ab\u00a0si tu n&rsquo;aimes pas le temps qu&rsquo;il fait, attends 5 minutes\u00a0\u00bb (et sa variante \u00ab\u00a0si tu n&rsquo;aimes pas le temps qu&rsquo;il fait, roule 10 km de plus\u00a0\u00bb).<\/p>\n<p style=\"text-align: justify;\">Juste apr\u00e8s avoir quitt\u00e9 la piste de \u00deakgil et rejoint la route 1, les nuages se dissipent, et nous apercevons le bleu du ciel pour la premi\u00e8re fois du s\u00e9jour. La pr\u00e9sence du glacier M\u00fdrdalsj\u00f6kull au loin nous permet d&rsquo;immortaliser, sur la m\u00eame photo, deux \u00e9l\u00e9ments embl\u00e9matiques de l&rsquo;Islande : la lave et la glace, le tout sous le soleil.<\/p>\n<div style=\"width: 1010px\" class=\"wp-caption aligncenter\"><a href=\"https:\/\/lh4.googleusercontent.com\/-k2IYG7CspnU\/U9AGft2y35I\/AAAAAAAAFLA\/9iEbl4uTd78\/w1000-h500-no\/IMG_4180.JPG\"><img decoding=\"async\" loading=\"lazy\" src=\"https:\/\/lh4.googleusercontent.com\/-k2IYG7CspnU\/U9AGft2y35I\/AAAAAAAAFLA\/9iEbl4uTd78\/w1000-h500-no\/IMG_4180.JPG\" alt=\"\" width=\"1000\" height=\"500\" \/><\/a><p class=\"wp-caption-text\">Vue sur le M\u00fdrdalsj\u00f6kull depuis la route 1<\/p><\/div>\n<p style=\"text-align: justify;\">Un point important, qui ne se voit pas sur la photo : le vent souffle fort, au point qu&rsquo;il faut forcer pour ouvrir les portes de la voiture, et qu&rsquo;il est difficile de se stabiliser le temps de prendre une photo &#8230;.<\/p>\n<p style=\"text-align: justify;\">Nous poursuivons la route 1, et laissons passer sur notre gauche la F208, piste qui m\u00e8ne au Landmannalaugar, que nous avons pr\u00e9vu d&#8217;emprunter plus tard dans le s\u00e9jour.<\/p>\n<p style=\"text-align: justify;\">Quelques kilom\u00e8tres plus loin, alors que les nuages sont de nouveau de la partie et que le vent souffle toujours, nous faisons une courte pause pour photographier la chute Foss \u00e1 S\u00ed\u00f0u (et sa petite s\u0153ur, au filet d&rsquo;eau si r\u00e9duit qu&rsquo;elle n&rsquo;arrive pas jusqu&rsquo;au sol) &#8230; sous une lumi\u00e8re blafarde.<\/p>\n<div style=\"width: 1010px\" class=\"wp-caption aligncenter\"><a href=\"https:\/\/lh6.googleusercontent.com\/-TCGFxq5RK2I\/U9AGfnzolEI\/AAAAAAAAFLM\/TAvj-YpzL2Q\/w1000-h667-no\/IMG_4187.JPG\"><img decoding=\"async\" loading=\"lazy\" src=\"https:\/\/lh6.googleusercontent.com\/-TCGFxq5RK2I\/U9AGfnzolEI\/AAAAAAAAFLM\/TAvj-YpzL2Q\/w1000-h667-no\/IMG_4187.JPG\" alt=\"\" width=\"1000\" height=\"667\" \/><\/a><p class=\"wp-caption-text\">Foss \u00e1 S\u00ed\u00f0u<\/p><\/div>\n<p style=\"text-align: justify;\">Arriv\u00e9s \u00e0 Svinafell, l&rsquo;\u00e9claircie du matin n&rsquo;est plus qu&rsquo;un lointain souvenir. Nous plantons la tente pour la premi\u00e8re fois du s\u00e9jour, dans un pr\u00e9 tellement d\u00e9tremp\u00e9 qu&rsquo;on s&rsquo;enfonce de quelques centim\u00e8tres dans l&rsquo;eau \u00e0 chaque pas. Nous terminons l&rsquo;apr\u00e8s midi par une promenade \u00e0 la lagune glaciaire de Svinafells\u00e1rl\u00f3n, et une petite randonn\u00e9e d&rsquo;une heure dans le parc national de Skaftafell. Ces deux promenades se feront sous la pluie et la t\u00eate dans les nuages (au mauvais sens du terme).<\/p>\n<div style=\"width: 1010px\" class=\"wp-caption aligncenter\"><a href=\"https:\/\/lh6.googleusercontent.com\/-eQnM5tfm-64\/U9AGf19RRUI\/AAAAAAAAFLE\/rLxzeD435ng\/w1000-h667-no\/IMG_4205.JPG\"><img decoding=\"async\" loading=\"lazy\" src=\"https:\/\/lh6.googleusercontent.com\/-eQnM5tfm-64\/U9AGf19RRUI\/AAAAAAAAFLE\/rLxzeD435ng\/w1000-h667-no\/IMG_4205.JPG\" alt=\"\" width=\"1000\" height=\"667\" \/><\/a><p class=\"wp-caption-text\">Svinafells\u00e1rl\u00f3n<\/p><\/div>\n<p style=\"text-align: justify;\">Ce soir l\u00e0, malgr\u00e9 la salle commune du camping de Svinafell, qui nous permet de cuisiner et manger au sec, l&rsquo;ambiance est \u00e0 la d\u00e9prime : pas un rayon de soleil en 3 jours \u00e0 part la br\u00e8ve \u00e9claircie de ce matin, le taux d&rsquo;humidit\u00e9 avoisine les 100%, les objectifs des appareils photos sont couverts de bu\u00e9e tenace &#8230;. bref le moral est au plus bas.<\/p>\n<p style=\"text-align: justify;\">Heureusement, la m\u00e9t\u00e9o pr\u00e9voit une belle journ\u00e9e pour le lendemain. Nous d\u00e9cidons de dormir deux nuits de suite \u00e0 Svinafell, et donc de consacrer la journ\u00e9e suivante \u00e0 un aller \/ retour vers J\u00f6kuls\u00e1rl\u00f3n.<\/p>\n<p style=\"text-align: justify;\">Nous allons nous coucher, en esp\u00e9rant que les pr\u00e9visions m\u00e9t\u00e9o se r\u00e9aliseront.<\/p>\n<p style=\"text-align: justify;\"><a title=\"Mardi 1er juillet\" href=\"http:\/\/photos-et-compagnie.fr\/blog\/2014\/07\/mardi-1er-juillet\/\">Mardi 1er juillet<\/a> \u00a0 \u00a0 \u00a0 \u00a0 \u00a0 \u00a0 \u00a0 \u00a0 \u00a0 \u00a0 \u00a0 \u00a0 \u00a0 \u00a0 \u00a0 \u00a0 \u00a0 \u00a0 \u00a0 \u00a0 \u00a0 \u00a0 \u00a0 \u00a0 \u00a0 \u00a0 \u00a0 \u00a0 \u00a0 \u00a0 \u00a0 \u00a0 \u00a0 \u00a0 \u00a0 \u00a0 \u00a0 \u00a0 \u00a0 \u00a0 \u00a0 \u00a0 \u00a0 <a title=\"Jeudi 3 juillet\" href=\"http:\/\/photos-et-compagnie.fr\/blog\/2014\/07\/jeudi-3-juillet\/\">Jeudi 3 juillet<\/a><\/p>\n","protected":false},"excerpt":{"rendered":"<p>Itin\u00e9raire Au r\u00e9veil le 2 juillet, la pluie a cess\u00e9, mais le temps est toujours tr\u00e8s mena\u00e7ant, nous d\u00e9cidons donc de ne pas nous lancer dans la belle randonn\u00e9e de plus de 4 heures au d\u00e9part de\u00a0\u00deakgil conseill\u00e9e par notre guide. Nous reprenons donc la route vers notre \u00e9tape du soir, Svinafell, qui a pour avantage d&rsquo;\u00eatre tout pr\u00eat du parc national de Skaftafell, que nous comptons explorer, et \u00e0 moins d&rsquo;une heure de route de la lagune glaciaire de J\u00f6kuls\u00e1rl\u00f3n, une des merveilles incontournables de l&rsquo;Islande. Cette journ\u00e9e de route sera l&rsquo;occasion de v\u00e9rifier le proverbe Islandais qui dit \u00ab\u00a0si tu n&rsquo;aimes pas le temps qu&rsquo;il fait, attends 5 minutes\u00a0\u00bb (et sa variante \u00ab\u00a0si tu n&rsquo;aimes pas le temps qu&rsquo;il fait, roule 10 km de plus\u00a0\u00bb). Juste apr\u00e8s avoir quitt\u00e9 la piste de \u00deakgil et rejoint la route 1, les nuages se dissipent, et nous apercevons le bleu du..<\/p>\n","protected":false},"author":1,"featured_media":0,"comment_status":"open","ping_status":"open","sticky":false,"template":"","format":"standard","meta":[],"categories":[3],"tags":[],"_links":{"self":[{"href":"https:\/\/photos-et-compagnie.fr\/blog\/wp-json\/wp\/v2\/posts\/142"}],"collection":[{"href":"https:\/\/photos-et-compagnie.fr\/blog\/wp-json\/wp\/v2\/posts"}],"about":[{"href":"https:\/\/photos-et-compagnie.fr\/blog\/wp-json\/wp\/v2\/types\/post"}],"author":[{"embeddable":true,"href":"https:\/\/photos-et-compagnie.fr\/blog\/wp-json\/wp\/v2\/users\/1"}],"replies":[{"embeddable":true,"href":"https:\/\/photos-et-compagnie.fr\/blog\/wp-json\/wp\/v2\/comments?post=142"}],"version-history":[{"count":0,"href":"https:\/\/photos-et-compagnie.fr\/blog\/wp-json\/wp\/v2\/posts\/142\/revisions"}],"wp:attachment":[{"href":"https:\/\/photos-et-compagnie.fr\/blog\/wp-json\/wp\/v2\/media?parent=142"}],"wp:term":[{"taxonomy":"category","embeddable":true,"href":"https:\/\/photos-et-compagnie.fr\/blog\/wp-json\/wp\/v2\/categories?post=142"},{"taxonomy":"post_tag","embeddable":true,"href":"https:\/\/photos-et-compagnie.fr\/blog\/wp-json\/wp\/v2\/tags?post=142"}],"curies":[{"name":"wp","href":"https:\/\/api.w.org\/{rel}","templated":true}]}}