{"id":152,"date":"2014-07-24T10:10:38","date_gmt":"2014-07-24T08:10:38","guid":{"rendered":"http:\/\/photos-et-compagnie.fr\/blog\/?p=152"},"modified":"2014-07-24T10:10:38","modified_gmt":"2014-07-24T08:10:38","slug":"jeudi-3-juillet","status":"publish","type":"post","link":"https:\/\/photos-et-compagnie.fr\/blog\/2014\/07\/jeudi-3-juillet\/","title":{"rendered":"Jeudi 3 juillet"},"content":{"rendered":"<p style=\"text-align: justify;\"><strong><span style=\"text-decoration: underline;\">Itin\u00e9raire<\/span><\/strong><\/p>\n<p style=\"text-align: justify;\"><a href=\"https:\/\/lh5.googleusercontent.com\/-QVAKLfB7Psw\/U8kf1sBPZ3I\/AAAAAAAAE78\/LhBesCPq3SY\/w710-h429-no\/Capture.JPG\"><img decoding=\"async\" loading=\"lazy\" class=\"aligncenter\" src=\"https:\/\/lh5.googleusercontent.com\/-QVAKLfB7Psw\/U8kf1sBPZ3I\/AAAAAAAAE78\/LhBesCPq3SY\/w710-h429-no\/Capture.JPG\" alt=\"\" width=\"710\" height=\"429\" \/><\/a><\/p>\n<p style=\"text-align: justify;\">Cette journ\u00e9e va enfin nous r\u00e9concilier avec la m\u00e9t\u00e9o islandaise. Certes, nous avons encore vu quelques nuages, mais pas une seule goutte de pluie, et nous avons pu prendre le temps d&rsquo;explorer \u00e0 loisir les lagunes glaciaires.<\/p>\n<p style=\"text-align: justify;\">Nous sommes partis t\u00f4t de Svinafell pour pouvoir arriver \u00e0 J\u00f6kuls\u00e1rl\u00f3n avant le flot des touristes, et avons pris la matin\u00e9e pour photographier ce site magique sous toutes les coutures.<\/p>\n<div style=\"width: 968px\" class=\"wp-caption aligncenter\"><a href=\"https:\/\/lh6.googleusercontent.com\/-naOWwiOBw9Y\/U9PbsHENI7I\/AAAAAAAAFPE\/aEh925vg_is\/w958-h479-no\/IMG_2096.JPG\"><img decoding=\"async\" loading=\"lazy\" src=\"https:\/\/lh6.googleusercontent.com\/-naOWwiOBw9Y\/U9PbsHENI7I\/AAAAAAAAFPE\/aEh925vg_is\/w958-h479-no\/IMG_2096.JPG\" alt=\"\" width=\"958\" height=\"479\" \/><\/a><p class=\"wp-caption-text\">Lagune de J\u00f6kuls\u00e1rl\u00f3n (1)<\/p><\/div>\n<div style=\"width: 968px\" class=\"wp-caption aligncenter\"><a href=\"https:\/\/lh3.googleusercontent.com\/-eK9pzlAL-ME\/U9PeMT6ZWRI\/AAAAAAAAFPk\/AaiZlXGpiuM\/w958-h479-no\/IMG_2122.JPG\"><img decoding=\"async\" loading=\"lazy\" src=\"https:\/\/lh3.googleusercontent.com\/-eK9pzlAL-ME\/U9PeMT6ZWRI\/AAAAAAAAFPk\/AaiZlXGpiuM\/w958-h479-no\/IMG_2122.JPG\" alt=\"\" width=\"958\" height=\"479\" \/><\/a><p class=\"wp-caption-text\">Lagune de J\u00f6kuls\u00e1rl\u00f3n (2)<\/p><\/div>\n<p style=\"text-align: justify;\">La majest\u00e9 du site, ses m\u00e9langes de blancs et de bleus nous ont vite fait oubli\u00e9 le froid et le ciel un peu voil\u00e9 &#8230; et l&rsquo;absence totale de pluie \u00e9tait une vraie d\u00e9livrance par rapport aux jours pr\u00e9c\u00e9dents !<\/p>\n<div style=\"width: 1010px\" class=\"wp-caption aligncenter\"><a href=\"https:\/\/lh5.googleusercontent.com\/-hnfR5pZ60AY\/U9NrMGTq9rI\/AAAAAAAAFMI\/B2Jf4t2HIRI\/w1000-h500-no\/IMG_4244.JPG\"><img decoding=\"async\" loading=\"lazy\" src=\"https:\/\/lh5.googleusercontent.com\/-hnfR5pZ60AY\/U9NrMGTq9rI\/AAAAAAAAFMI\/B2Jf4t2HIRI\/w1000-h500-no\/IMG_4244.JPG\" alt=\"\" width=\"1000\" height=\"500\" \/><\/a><p class=\"wp-caption-text\">Lagune de J\u00f6kuls\u00e1rl\u00f3n (3)<\/p><\/div>\n<div style=\"width: 1010px\" class=\"wp-caption aligncenter\"><a href=\"https:\/\/lh5.googleusercontent.com\/-O4EwbDSZP7s\/U9NrTCeSDMI\/AAAAAAAAFNo\/21uNN5FyHSs\/w1000-h500-no\/IMG_2097.JPG\"><img decoding=\"async\" loading=\"lazy\" src=\"https:\/\/lh5.googleusercontent.com\/-O4EwbDSZP7s\/U9NrTCeSDMI\/AAAAAAAAFNo\/21uNN5FyHSs\/w1000-h500-no\/IMG_2097.JPG\" alt=\"\" width=\"1000\" height=\"500\" \/><\/a><p class=\"wp-caption-text\">Lagune de J\u00f6kuls\u00e1rl\u00f3n (4)<\/p><\/div>\n<div style=\"width: 1010px\" class=\"wp-caption aligncenter\"><a href=\"https:\/\/lh6.googleusercontent.com\/-k1RWwCoouII\/U9NrVnL9rLI\/AAAAAAAAFOI\/cDiFiCA5D_g\/w1000-h500-no\/IMG_2159.JPG\"><img decoding=\"async\" loading=\"lazy\" src=\"https:\/\/lh6.googleusercontent.com\/-k1RWwCoouII\/U9NrVnL9rLI\/AAAAAAAAFOI\/cDiFiCA5D_g\/w1000-h500-no\/IMG_2159.JPG\" alt=\"\" width=\"1000\" height=\"500\" \/><\/a><p class=\"wp-caption-text\">Lagune de J\u00f6kuls\u00e1rl\u00f3n (5)<\/p><\/div>\n<p style=\"text-align: justify;\">J\u00f6kuls\u00e1rl\u00f3n est exceptionnelle \u00e0 plusieurs titre. Tout d&rsquo;abord sa taille d\u00e9passe largement celle des autres lagunes &#8230;.<\/p>\n<div style=\"width: 2010px\" class=\"wp-caption aligncenter\"><a href=\"https:\/\/lh5.googleusercontent.com\/-haFm1rFJps8\/U9NrUykNlJI\/AAAAAAAAFN4\/o-PaqpeUdYw\/w2000-h494-no\/IMG_2109_stitch.JPG\"><img decoding=\"async\" loading=\"lazy\" src=\"https:\/\/lh5.googleusercontent.com\/-haFm1rFJps8\/U9NrUykNlJI\/AAAAAAAAFN4\/o-PaqpeUdYw\/w2000-h494-no\/IMG_2109_stitch.JPG\" alt=\"\" width=\"2000\" height=\"494\" \/><\/a><p class=\"wp-caption-text\">Panorama sur J\u00f6kuls\u00e1rl\u00f3n<\/p><\/div>\n<p style=\"text-align: justify;\">&#8230; mais elle est \u00e9galement tr\u00e8s proche de la mer, et les icebergs n&rsquo;ont donc qu&rsquo;une courte rivi\u00e8re \u00e0 franchir avant d&rsquo;aller s&rsquo;\u00e9chouer sur une plage de sable noir.<\/p>\n<div style=\"width: 1010px\" class=\"wp-caption aligncenter\"><a href=\"https:\/\/lh5.googleusercontent.com\/-liURkWFkipI\/U9NrMYtpinI\/AAAAAAAAFMM\/sz_pp07vLcI\/w1000-h500-no\/IMG_4262.JPG\"><img decoding=\"async\" loading=\"lazy\" src=\"https:\/\/lh5.googleusercontent.com\/-liURkWFkipI\/U9NrMYtpinI\/AAAAAAAAFMM\/sz_pp07vLcI\/w1000-h500-no\/IMG_4262.JPG\" alt=\"\" width=\"1000\" height=\"500\" \/><\/a><p class=\"wp-caption-text\">Plage de J\u00f6kuls\u00e1rl\u00f3n (1)<\/p><\/div>\n<p>&nbsp;<\/p>\n<div style=\"width: 1010px\" class=\"wp-caption aligncenter\"><a href=\"https:\/\/lh4.googleusercontent.com\/-GAftmWFIPtk\/U9NrNSdkPtI\/AAAAAAAAFMU\/BYN2CVVasYQ\/w1000-h667-no\/IMG_4268.JPG\"><img decoding=\"async\" loading=\"lazy\" src=\"https:\/\/lh4.googleusercontent.com\/-GAftmWFIPtk\/U9NrNSdkPtI\/AAAAAAAAFMU\/BYN2CVVasYQ\/w1000-h667-no\/IMG_4268.JPG\" alt=\"\" width=\"1000\" height=\"667\" \/><\/a><p class=\"wp-caption-text\">Plage de J\u00f6kuls\u00e1rl\u00f3n (2)<\/p><\/div>\n<div style=\"width: 1010px\" class=\"wp-caption aligncenter\"><a href=\"https:\/\/lh6.googleusercontent.com\/-GyfvDe-VIWk\/U9NrOXLYUjI\/AAAAAAAAFMg\/5sYrM4CZtNE\/w1000-h667-no\/IMG_4274.JPG\"><img decoding=\"async\" loading=\"lazy\" src=\"https:\/\/lh6.googleusercontent.com\/-GyfvDe-VIWk\/U9NrOXLYUjI\/AAAAAAAAFMg\/5sYrM4CZtNE\/w1000-h667-no\/IMG_4274.JPG\" alt=\"\" width=\"1000\" height=\"667\" \/><\/a><p class=\"wp-caption-text\">Plage de J\u00f6kuls\u00e1rl\u00f3n (3)<\/p><\/div>\n<p style=\"text-align: justify;\">Apr\u00e8s une matin\u00e9e pass\u00e9e sur ce site splendide, nous prenons notre pique nique sur un petit parking, \u00e0 200 m\u00e8tres du site d\u00e9sormais envahi par les touristes, seuls face \u00e0 la lagune. Nous reprenons ensuite le chemin du retour vers Svinafell, que nous rejoindrons apr\u00e8s un passage par une autre lagune : Fjalls\u00e1rl\u00f3n.<\/p>\n<p><a title=\"Mercredi 2 juillet\" href=\"http:\/\/photos-et-compagnie.fr\/blog\/2014\/07\/mercredi-2-juillet\/\">Mercredi 2 juillet \u00a0<\/a> \u00a0 \u00a0 \u00a0 \u00a0 \u00a0 \u00a0 \u00a0 \u00a0 \u00a0 \u00a0 \u00a0 \u00a0 \u00a0 \u00a0 \u00a0 \u00a0 \u00a0 \u00a0 \u00a0 \u00a0 \u00a0 \u00a0 \u00a0 \u00a0 \u00a0 \u00a0 \u00a0 \u00a0 \u00a0 \u00a0 \u00a0 \u00a0 \u00a0 <a title=\"Jeudi 3 juillet (suite)\" href=\"http:\/\/photos-et-compagnie.fr\/blog\/2014\/07\/jeudi-3-juillet-suite\/\">Jeudi 3 juillet (suite)<\/a><\/p>\n","protected":false},"excerpt":{"rendered":"<p>Itin\u00e9raire Cette journ\u00e9e va enfin nous r\u00e9concilier avec la m\u00e9t\u00e9o islandaise. Certes, nous avons encore vu quelques nuages, mais pas une seule goutte de pluie, et nous avons pu prendre le temps d&rsquo;explorer \u00e0 loisir les lagunes glaciaires. Nous sommes partis t\u00f4t de Svinafell pour pouvoir arriver \u00e0 J\u00f6kuls\u00e1rl\u00f3n avant le flot des touristes, et avons pris la matin\u00e9e pour photographier ce site magique sous toutes les coutures. La majest\u00e9 du site, ses m\u00e9langes de blancs et de bleus nous ont vite fait oubli\u00e9 le froid et le ciel un peu voil\u00e9 &#8230; et l&rsquo;absence totale de pluie \u00e9tait une vraie d\u00e9livrance par rapport aux jours pr\u00e9c\u00e9dents ! J\u00f6kuls\u00e1rl\u00f3n est exceptionnelle \u00e0 plusieurs titre. Tout d&rsquo;abord sa taille d\u00e9passe largement celle des autres lagunes &#8230;. &#8230; mais elle est \u00e9galement tr\u00e8s proche de la mer, et les icebergs n&rsquo;ont donc qu&rsquo;une courte rivi\u00e8re \u00e0 franchir avant d&rsquo;aller s&rsquo;\u00e9chouer sur une..<\/p>\n","protected":false},"author":1,"featured_media":0,"comment_status":"open","ping_status":"open","sticky":false,"template":"","format":"standard","meta":[],"categories":[3],"tags":[],"_links":{"self":[{"href":"https:\/\/photos-et-compagnie.fr\/blog\/wp-json\/wp\/v2\/posts\/152"}],"collection":[{"href":"https:\/\/photos-et-compagnie.fr\/blog\/wp-json\/wp\/v2\/posts"}],"about":[{"href":"https:\/\/photos-et-compagnie.fr\/blog\/wp-json\/wp\/v2\/types\/post"}],"author":[{"embeddable":true,"href":"https:\/\/photos-et-compagnie.fr\/blog\/wp-json\/wp\/v2\/users\/1"}],"replies":[{"embeddable":true,"href":"https:\/\/photos-et-compagnie.fr\/blog\/wp-json\/wp\/v2\/comments?post=152"}],"version-history":[{"count":0,"href":"https:\/\/photos-et-compagnie.fr\/blog\/wp-json\/wp\/v2\/posts\/152\/revisions"}],"wp:attachment":[{"href":"https:\/\/photos-et-compagnie.fr\/blog\/wp-json\/wp\/v2\/media?parent=152"}],"wp:term":[{"taxonomy":"category","embeddable":true,"href":"https:\/\/photos-et-compagnie.fr\/blog\/wp-json\/wp\/v2\/categories?post=152"},{"taxonomy":"post_tag","embeddable":true,"href":"https:\/\/photos-et-compagnie.fr\/blog\/wp-json\/wp\/v2\/tags?post=152"}],"curies":[{"name":"wp","href":"https:\/\/api.w.org\/{rel}","templated":true}]}}