{"id":1525,"date":"2021-07-24T14:01:00","date_gmt":"2021-07-24T14:01:00","guid":{"rendered":"https:\/\/photos-et-compagnie.fr\/blog\/?p=1525"},"modified":"2021-07-30T07:19:15","modified_gmt":"2021-07-30T07:19:15","slug":"jour-3-refuge-de-larpont-refuge-de-la-fournache","status":"publish","type":"post","link":"https:\/\/photos-et-compagnie.fr\/blog\/2021\/07\/jour-3-refuge-de-larpont-refuge-de-la-fournache\/","title":{"rendered":"Jour 3 : Refuge de l&rsquo;Arpont -> Refuge de la Fournache"},"content":{"rendered":"<p><em><strong>Profil de la randonn\u00e9e<\/strong><\/em><\/p>\n<ul>\n<li>D\u00e9nivel\u00e9 positif : 770 m<\/li>\n<li>D\u00e9nivel\u00e9 n\u00e9gatif : 770 m<\/li>\n<li>Distance : 18 km<\/li>\n<li>Temps de marche (pauses comprises) : 7 heures<\/li>\n<\/ul>\n<p><a href=\"https:\/\/photos-et-compagnie.fr\/blog\/wp-content\/uploads\/2021\/07\/jour-3.jpg\"><img decoding=\"async\" loading=\"lazy\" class=\"aligncenter size-full wp-image-1579\" src=\"https:\/\/photos-et-compagnie.fr\/blog\/wp-content\/uploads\/2021\/07\/jour-3.jpg\" alt=\"\" width=\"742\" height=\"824\" srcset=\"https:\/\/photos-et-compagnie.fr\/blog\/wp-content\/uploads\/2021\/07\/jour-3.jpg 742w, https:\/\/photos-et-compagnie.fr\/blog\/wp-content\/uploads\/2021\/07\/jour-3-270x300.jpg 270w, https:\/\/photos-et-compagnie.fr\/blog\/wp-content\/uploads\/2021\/07\/jour-3-400x444.jpg 400w\" sizes=\"(max-width: 742px) 100vw, 742px\" \/><\/a><\/p>\n<hr>\n<p>Cette troisi\u00e8me \u00e9tape se fera dans un ambiance moins \u00ab\u00a0haute montagne\u00a0\u00bb que les deux premi\u00e8res, pour la premi\u00e8re fois nous ne verrons pas de glacier sur notre chemin.<\/p>\n<p>Elle commence dans une ambiance de prairies alpines, passe devant de nombreux chalets (la plupart en ruine), et grimpe le long de pentes herbeuses, pour d\u00e9boucher au pied du massif de la Dent Parrach\u00e9e.<\/p>\n<div id=\"attachment_1526\" style=\"width: 1010px\" class=\"wp-caption aligncenter\"><a href=\"https:\/\/photos-et-compagnie.fr\/blog\/wp-content\/uploads\/2021\/07\/img_9284.jpg\"><img aria-describedby=\"caption-attachment-1526\" decoding=\"async\" loading=\"lazy\" class=\"size-full wp-image-1526\" src=\"https:\/\/photos-et-compagnie.fr\/blog\/wp-content\/uploads\/2021\/07\/img_9284.jpg\" alt=\"\" width=\"1000\" height=\"667\" srcset=\"https:\/\/photos-et-compagnie.fr\/blog\/wp-content\/uploads\/2021\/07\/img_9284.jpg 1000w, https:\/\/photos-et-compagnie.fr\/blog\/wp-content\/uploads\/2021\/07\/img_9284-300x200.jpg 300w, https:\/\/photos-et-compagnie.fr\/blog\/wp-content\/uploads\/2021\/07\/img_9284-768x512.jpg 768w, https:\/\/photos-et-compagnie.fr\/blog\/wp-content\/uploads\/2021\/07\/img_9284-400x267.jpg 400w, https:\/\/photos-et-compagnie.fr\/blog\/wp-content\/uploads\/2021\/07\/img_9284-840x560.jpg 840w\" sizes=\"(max-width: 1000px) 100vw, 1000px\" \/><\/a><p id=\"caption-attachment-1526\" class=\"wp-caption-text\">Mont\u00e9e dans les alpages<\/p><\/div>\n<div id=\"attachment_1527\" style=\"width: 1010px\" class=\"wp-caption aligncenter\"><a href=\"https:\/\/photos-et-compagnie.fr\/blog\/wp-content\/uploads\/2021\/07\/img_9285.jpg\"><img aria-describedby=\"caption-attachment-1527\" decoding=\"async\" loading=\"lazy\" class=\"size-full wp-image-1527\" src=\"https:\/\/photos-et-compagnie.fr\/blog\/wp-content\/uploads\/2021\/07\/img_9285.jpg\" alt=\"\" width=\"1000\" height=\"563\" srcset=\"https:\/\/photos-et-compagnie.fr\/blog\/wp-content\/uploads\/2021\/07\/img_9285.jpg 1000w, https:\/\/photos-et-compagnie.fr\/blog\/wp-content\/uploads\/2021\/07\/img_9285-300x169.jpg 300w, https:\/\/photos-et-compagnie.fr\/blog\/wp-content\/uploads\/2021\/07\/img_9285-768x432.jpg 768w, https:\/\/photos-et-compagnie.fr\/blog\/wp-content\/uploads\/2021\/07\/img_9285-400x225.jpg 400w, https:\/\/photos-et-compagnie.fr\/blog\/wp-content\/uploads\/2021\/07\/img_9285-840x473.jpg 840w\" sizes=\"(max-width: 1000px) 100vw, 1000px\" \/><\/a><p id=\"caption-attachment-1527\" class=\"wp-caption-text\">La mont\u00e9e n&rsquo;est pas termin\u00e9e &#8230;<\/p><\/div>\n<div id=\"attachment_1528\" style=\"width: 1010px\" class=\"wp-caption aligncenter\"><a href=\"https:\/\/photos-et-compagnie.fr\/blog\/wp-content\/uploads\/2021\/07\/img_9288.jpg\"><img aria-describedby=\"caption-attachment-1528\" decoding=\"async\" loading=\"lazy\" class=\"size-full wp-image-1528\" src=\"https:\/\/photos-et-compagnie.fr\/blog\/wp-content\/uploads\/2021\/07\/img_9288.jpg\" alt=\"\" width=\"1000\" height=\"667\" srcset=\"https:\/\/photos-et-compagnie.fr\/blog\/wp-content\/uploads\/2021\/07\/img_9288.jpg 1000w, https:\/\/photos-et-compagnie.fr\/blog\/wp-content\/uploads\/2021\/07\/img_9288-300x200.jpg 300w, https:\/\/photos-et-compagnie.fr\/blog\/wp-content\/uploads\/2021\/07\/img_9288-768x512.jpg 768w, https:\/\/photos-et-compagnie.fr\/blog\/wp-content\/uploads\/2021\/07\/img_9288-400x267.jpg 400w, https:\/\/photos-et-compagnie.fr\/blog\/wp-content\/uploads\/2021\/07\/img_9288-840x560.jpg 840w\" sizes=\"(max-width: 1000px) 100vw, 1000px\" \/><\/a><p id=\"caption-attachment-1528\" class=\"wp-caption-text\">\u00c7a valait le coup, il y a du r\u00e9seau !<\/p><\/div>\n<p><a href=\"https:\/\/photos-et-compagnie.fr\/blog\/wp-content\/uploads\/2021\/07\/img_9290.jpg\"><img decoding=\"async\" loading=\"lazy\" class=\"aligncenter size-full wp-image-1548\" src=\"https:\/\/photos-et-compagnie.fr\/blog\/wp-content\/uploads\/2021\/07\/img_9290.jpg\" alt=\"\" width=\"1000\" height=\"667\" srcset=\"https:\/\/photos-et-compagnie.fr\/blog\/wp-content\/uploads\/2021\/07\/img_9290.jpg 1000w, https:\/\/photos-et-compagnie.fr\/blog\/wp-content\/uploads\/2021\/07\/img_9290-300x200.jpg 300w, https:\/\/photos-et-compagnie.fr\/blog\/wp-content\/uploads\/2021\/07\/img_9290-768x512.jpg 768w, https:\/\/photos-et-compagnie.fr\/blog\/wp-content\/uploads\/2021\/07\/img_9290-400x267.jpg 400w, https:\/\/photos-et-compagnie.fr\/blog\/wp-content\/uploads\/2021\/07\/img_9290-840x560.jpg 840w\" sizes=\"(max-width: 1000px) 100vw, 1000px\" \/><\/a><\/p>\n<p><\/p>\n<div id=\"attachment_1529\" style=\"width: 1010px\" class=\"wp-caption aligncenter\"><a href=\"https:\/\/photos-et-compagnie.fr\/blog\/wp-content\/uploads\/2021\/07\/img_9293.jpg\"><img aria-describedby=\"caption-attachment-1529\" decoding=\"async\" loading=\"lazy\" class=\"size-full wp-image-1529\" src=\"https:\/\/photos-et-compagnie.fr\/blog\/wp-content\/uploads\/2021\/07\/img_9293.jpg\" alt=\"\" width=\"1000\" height=\"667\" srcset=\"https:\/\/photos-et-compagnie.fr\/blog\/wp-content\/uploads\/2021\/07\/img_9293.jpg 1000w, https:\/\/photos-et-compagnie.fr\/blog\/wp-content\/uploads\/2021\/07\/img_9293-300x200.jpg 300w, https:\/\/photos-et-compagnie.fr\/blog\/wp-content\/uploads\/2021\/07\/img_9293-768x512.jpg 768w, https:\/\/photos-et-compagnie.fr\/blog\/wp-content\/uploads\/2021\/07\/img_9293-400x267.jpg 400w, https:\/\/photos-et-compagnie.fr\/blog\/wp-content\/uploads\/2021\/07\/img_9293-840x560.jpg 840w\" sizes=\"(max-width: 1000px) 100vw, 1000px\" \/><\/a><p id=\"caption-attachment-1529\" class=\"wp-caption-text\">Vue sur la Dent Parrach\u00e9e<\/p><\/div>\n<p>Sur la seconde partie du trajet, le paysage se fait plus min\u00e9ral, les couleurs virent \u00e0 l&rsquo;ocre et quelques arbres apparaissent.<\/p>\n<p><\/p>\n<p><a href=\"https:\/\/photos-et-compagnie.fr\/blog\/wp-content\/uploads\/2021\/07\/img_9296.jpg\"><img decoding=\"async\" loading=\"lazy\" class=\"aligncenter size-full wp-image-1530\" src=\"https:\/\/photos-et-compagnie.fr\/blog\/wp-content\/uploads\/2021\/07\/img_9296.jpg\" alt=\"\" width=\"1000\" height=\"563\" srcset=\"https:\/\/photos-et-compagnie.fr\/blog\/wp-content\/uploads\/2021\/07\/img_9296.jpg 1000w, https:\/\/photos-et-compagnie.fr\/blog\/wp-content\/uploads\/2021\/07\/img_9296-300x169.jpg 300w, https:\/\/photos-et-compagnie.fr\/blog\/wp-content\/uploads\/2021\/07\/img_9296-768x432.jpg 768w, https:\/\/photos-et-compagnie.fr\/blog\/wp-content\/uploads\/2021\/07\/img_9296-400x225.jpg 400w, https:\/\/photos-et-compagnie.fr\/blog\/wp-content\/uploads\/2021\/07\/img_9296-840x473.jpg 840w\" sizes=\"(max-width: 1000px) 100vw, 1000px\" \/><\/a><\/p>\n<p><a href=\"https:\/\/photos-et-compagnie.fr\/blog\/wp-content\/uploads\/2021\/07\/img_9302.jpg\"><img decoding=\"async\" loading=\"lazy\" class=\"aligncenter size-full wp-image-1531\" src=\"https:\/\/photos-et-compagnie.fr\/blog\/wp-content\/uploads\/2021\/07\/img_9302.jpg\" alt=\"\" width=\"1000\" height=\"667\" srcset=\"https:\/\/photos-et-compagnie.fr\/blog\/wp-content\/uploads\/2021\/07\/img_9302.jpg 1000w, https:\/\/photos-et-compagnie.fr\/blog\/wp-content\/uploads\/2021\/07\/img_9302-300x200.jpg 300w, https:\/\/photos-et-compagnie.fr\/blog\/wp-content\/uploads\/2021\/07\/img_9302-768x512.jpg 768w, https:\/\/photos-et-compagnie.fr\/blog\/wp-content\/uploads\/2021\/07\/img_9302-400x267.jpg 400w, https:\/\/photos-et-compagnie.fr\/blog\/wp-content\/uploads\/2021\/07\/img_9302-840x560.jpg 840w\" sizes=\"(max-width: 1000px) 100vw, 1000px\" \/><\/a><\/p>\n<p>Nous approchons maintenant de la civilisation, le village d&rsquo;Aussois apparait en contrebas.<\/p>\n<div id=\"attachment_1535\" style=\"width: 1010px\" class=\"wp-caption aligncenter\"><a href=\"https:\/\/photos-et-compagnie.fr\/blog\/wp-content\/uploads\/2021\/07\/img_2775.jpg\"><img aria-describedby=\"caption-attachment-1535\" decoding=\"async\" loading=\"lazy\" class=\"size-full wp-image-1535\" src=\"https:\/\/photos-et-compagnie.fr\/blog\/wp-content\/uploads\/2021\/07\/img_2775.jpg\" alt=\"\" width=\"1000\" height=\"750\" srcset=\"https:\/\/photos-et-compagnie.fr\/blog\/wp-content\/uploads\/2021\/07\/img_2775.jpg 1000w, https:\/\/photos-et-compagnie.fr\/blog\/wp-content\/uploads\/2021\/07\/img_2775-300x225.jpg 300w, https:\/\/photos-et-compagnie.fr\/blog\/wp-content\/uploads\/2021\/07\/img_2775-768x576.jpg 768w, https:\/\/photos-et-compagnie.fr\/blog\/wp-content\/uploads\/2021\/07\/img_2775-400x300.jpg 400w, https:\/\/photos-et-compagnie.fr\/blog\/wp-content\/uploads\/2021\/07\/img_2775-840x630.jpg 840w\" sizes=\"(max-width: 1000px) 100vw, 1000px\" \/><\/a><p id=\"caption-attachment-1535\" class=\"wp-caption-text\">Promontoire pour admirer la vue sur le village d&rsquo;Aussois<\/p><\/div>\n<p>Le chemin se fait moins sauvage, nous apercevons au loin plusieurs t\u00e9l\u00e9si\u00e8ges. A l&rsquo;arriv\u00e9e \u00e0 un carrefour nous indiquant qu&rsquo;il nous reste environ 1 heure de marche, un restaurant d&rsquo;altitude propose &#8230;. un piano en libre acc\u00e8s ! L&rsquo;occasion d&rsquo;une pause un peu surr\u00e9aliste &#8230;.<\/p>\n<div id=\"attachment_1536\" style=\"width: 1010px\" class=\"wp-caption aligncenter\"><a href=\"https:\/\/photos-et-compagnie.fr\/blog\/wp-content\/uploads\/2021\/07\/img_2776.jpg\"><img aria-describedby=\"caption-attachment-1536\" decoding=\"async\" loading=\"lazy\" class=\"size-full wp-image-1536\" src=\"https:\/\/photos-et-compagnie.fr\/blog\/wp-content\/uploads\/2021\/07\/img_2776.jpg\" alt=\"\" width=\"1000\" height=\"750\" srcset=\"https:\/\/photos-et-compagnie.fr\/blog\/wp-content\/uploads\/2021\/07\/img_2776.jpg 1000w, https:\/\/photos-et-compagnie.fr\/blog\/wp-content\/uploads\/2021\/07\/img_2776-300x225.jpg 300w, https:\/\/photos-et-compagnie.fr\/blog\/wp-content\/uploads\/2021\/07\/img_2776-768x576.jpg 768w, https:\/\/photos-et-compagnie.fr\/blog\/wp-content\/uploads\/2021\/07\/img_2776-400x300.jpg 400w, https:\/\/photos-et-compagnie.fr\/blog\/wp-content\/uploads\/2021\/07\/img_2776-840x630.jpg 840w\" sizes=\"(max-width: 1000px) 100vw, 1000px\" \/><\/a><p id=\"caption-attachment-1536\" class=\"wp-caption-text\">Concerto pour les marmottes<\/p><\/div>\n<p>Sur la fin de l&rsquo;\u00e9tape la lassitude se fait sentir, nous marchons sur une large piste horizontale ou presque, la derni\u00e8re heure nous parait interminable. Mais l&rsquo;arriv\u00e9e au refuge de la Fournache, situ\u00e9e dans une vaste combe au pied de la Dent Parrach\u00e9e, nous fait oublier notre fatigue, tant le site est exceptionnel : vue sur la Dent Parrach\u00e9e d&rsquo;un c\u00f4t\u00e9, sur les lacs de Plan d&rsquo;Amont et Plan d&rsquo;Aval de l&rsquo;autre, c&rsquo;est grandiose.<\/p>\n<div id=\"attachment_1537\" style=\"width: 1010px\" class=\"wp-caption aligncenter\"><a href=\"https:\/\/photos-et-compagnie.fr\/blog\/wp-content\/uploads\/2021\/07\/img_9310.jpg\"><img aria-describedby=\"caption-attachment-1537\" decoding=\"async\" loading=\"lazy\" class=\"wp-image-1537 size-full\" src=\"https:\/\/photos-et-compagnie.fr\/blog\/wp-content\/uploads\/2021\/07\/img_9310.jpg\" alt=\"\" width=\"1000\" height=\"667\" srcset=\"https:\/\/photos-et-compagnie.fr\/blog\/wp-content\/uploads\/2021\/07\/img_9310.jpg 1000w, https:\/\/photos-et-compagnie.fr\/blog\/wp-content\/uploads\/2021\/07\/img_9310-300x200.jpg 300w, https:\/\/photos-et-compagnie.fr\/blog\/wp-content\/uploads\/2021\/07\/img_9310-768x512.jpg 768w, https:\/\/photos-et-compagnie.fr\/blog\/wp-content\/uploads\/2021\/07\/img_9310-400x267.jpg 400w, https:\/\/photos-et-compagnie.fr\/blog\/wp-content\/uploads\/2021\/07\/img_9310-840x560.jpg 840w\" sizes=\"(max-width: 1000px) 100vw, 1000px\" \/><\/a><p id=\"caption-attachment-1537\" class=\"wp-caption-text\">Refuge de la Fournache<\/p><\/div>\n<div id=\"attachment_1538\" style=\"width: 1010px\" class=\"wp-caption aligncenter\"><a href=\"https:\/\/photos-et-compagnie.fr\/blog\/wp-content\/uploads\/2021\/07\/img_9326.jpg\"><img aria-describedby=\"caption-attachment-1538\" decoding=\"async\" loading=\"lazy\" class=\"size-full wp-image-1538\" src=\"https:\/\/photos-et-compagnie.fr\/blog\/wp-content\/uploads\/2021\/07\/img_9326.jpg\" alt=\"\" width=\"1000\" height=\"500\" srcset=\"https:\/\/photos-et-compagnie.fr\/blog\/wp-content\/uploads\/2021\/07\/img_9326.jpg 1000w, https:\/\/photos-et-compagnie.fr\/blog\/wp-content\/uploads\/2021\/07\/img_9326-300x150.jpg 300w, https:\/\/photos-et-compagnie.fr\/blog\/wp-content\/uploads\/2021\/07\/img_9326-768x384.jpg 768w, https:\/\/photos-et-compagnie.fr\/blog\/wp-content\/uploads\/2021\/07\/img_9326-400x200.jpg 400w, https:\/\/photos-et-compagnie.fr\/blog\/wp-content\/uploads\/2021\/07\/img_9326-840x420.jpg 840w\" sizes=\"(max-width: 1000px) 100vw, 1000px\" \/><\/a><p id=\"caption-attachment-1538\" class=\"wp-caption-text\">Vue sur la Dent Parrach\u00e9e<\/p><\/div>\n<p>Contrairement aux deux jours pr\u00e9c\u00e9dents, o\u00f9 les refuges \u00e9taient un peu des \u00ab\u00a0usines \u00e0 randonneur\u00a0\u00bb (pr\u00e8s de 100 personnes chaque soir), ici nous sommes dans un petit refuge familial, nous ne serons que 11 ce soir l\u00e0, nous nous sentons tout de suite chez nous.<\/p>\n<p>Comme nous sommes arriv\u00e9s assez t\u00f4t \u00e0 l&rsquo;\u00e9tape, et que plusieurs marmottes ont leur terrier aux abords imm\u00e9diats du refuge, c&rsquo;est l&rsquo;occasion d&rsquo;une s\u00e9ance photo pour patienter jusqu&rsquo;au diner.<\/p>\n<div id=\"attachment_1539\" style=\"width: 1010px\" class=\"wp-caption aligncenter\"><a href=\"https:\/\/photos-et-compagnie.fr\/blog\/wp-content\/uploads\/2021\/07\/img_9337.jpg\"><img aria-describedby=\"caption-attachment-1539\" decoding=\"async\" loading=\"lazy\" class=\"wp-image-1539 size-full\" src=\"https:\/\/photos-et-compagnie.fr\/blog\/wp-content\/uploads\/2021\/07\/img_9337.jpg\" alt=\"\" width=\"1000\" height=\"667\" srcset=\"https:\/\/photos-et-compagnie.fr\/blog\/wp-content\/uploads\/2021\/07\/img_9337.jpg 1000w, https:\/\/photos-et-compagnie.fr\/blog\/wp-content\/uploads\/2021\/07\/img_9337-300x200.jpg 300w, https:\/\/photos-et-compagnie.fr\/blog\/wp-content\/uploads\/2021\/07\/img_9337-768x512.jpg 768w, https:\/\/photos-et-compagnie.fr\/blog\/wp-content\/uploads\/2021\/07\/img_9337-400x267.jpg 400w, https:\/\/photos-et-compagnie.fr\/blog\/wp-content\/uploads\/2021\/07\/img_9337-840x560.jpg 840w\" sizes=\"(max-width: 1000px) 100vw, 1000px\" \/><\/a><p id=\"caption-attachment-1539\" class=\"wp-caption-text\">Marmotte (1\/3)<\/p><\/div>\n<div id=\"attachment_1540\" style=\"width: 1010px\" class=\"wp-caption aligncenter\"><a href=\"https:\/\/photos-et-compagnie.fr\/blog\/wp-content\/uploads\/2021\/07\/img_9339.jpg\"><img aria-describedby=\"caption-attachment-1540\" decoding=\"async\" loading=\"lazy\" class=\"wp-image-1540 size-full\" src=\"https:\/\/photos-et-compagnie.fr\/blog\/wp-content\/uploads\/2021\/07\/img_9339.jpg\" alt=\"\" width=\"1000\" height=\"667\" srcset=\"https:\/\/photos-et-compagnie.fr\/blog\/wp-content\/uploads\/2021\/07\/img_9339.jpg 1000w, https:\/\/photos-et-compagnie.fr\/blog\/wp-content\/uploads\/2021\/07\/img_9339-300x200.jpg 300w, https:\/\/photos-et-compagnie.fr\/blog\/wp-content\/uploads\/2021\/07\/img_9339-768x512.jpg 768w, https:\/\/photos-et-compagnie.fr\/blog\/wp-content\/uploads\/2021\/07\/img_9339-400x267.jpg 400w, https:\/\/photos-et-compagnie.fr\/blog\/wp-content\/uploads\/2021\/07\/img_9339-840x560.jpg 840w\" sizes=\"(max-width: 1000px) 100vw, 1000px\" \/><\/a><p id=\"caption-attachment-1540\" class=\"wp-caption-text\">Marmotte (2\/3)<\/p><\/div>\n<div id=\"attachment_1541\" style=\"width: 1010px\" class=\"wp-caption aligncenter\"><a href=\"https:\/\/photos-et-compagnie.fr\/blog\/wp-content\/uploads\/2021\/07\/img_9363.jpg\"><img aria-describedby=\"caption-attachment-1541\" decoding=\"async\" loading=\"lazy\" class=\"wp-image-1541 size-full\" src=\"https:\/\/photos-et-compagnie.fr\/blog\/wp-content\/uploads\/2021\/07\/img_9363.jpg\" alt=\"\" width=\"1000\" height=\"667\" srcset=\"https:\/\/photos-et-compagnie.fr\/blog\/wp-content\/uploads\/2021\/07\/img_9363.jpg 1000w, https:\/\/photos-et-compagnie.fr\/blog\/wp-content\/uploads\/2021\/07\/img_9363-300x200.jpg 300w, https:\/\/photos-et-compagnie.fr\/blog\/wp-content\/uploads\/2021\/07\/img_9363-768x512.jpg 768w, https:\/\/photos-et-compagnie.fr\/blog\/wp-content\/uploads\/2021\/07\/img_9363-400x267.jpg 400w, https:\/\/photos-et-compagnie.fr\/blog\/wp-content\/uploads\/2021\/07\/img_9363-840x560.jpg 840w\" sizes=\"(max-width: 1000px) 100vw, 1000px\" \/><\/a><p id=\"caption-attachment-1541\" class=\"wp-caption-text\">Marmotte (3\/3)<\/p><\/div>\n<p>Apr\u00e8s le repas, je profite de l&rsquo;heure bleue et de ses belles lumi\u00e8res pour quelques derni\u00e8res photos<\/p>\n<div id=\"attachment_1542\" style=\"width: 1010px\" class=\"wp-caption aligncenter\"><a href=\"https:\/\/photos-et-compagnie.fr\/blog\/wp-content\/uploads\/2021\/07\/img_9375.jpg\"><img aria-describedby=\"caption-attachment-1542\" decoding=\"async\" loading=\"lazy\" class=\"size-full wp-image-1542\" src=\"https:\/\/photos-et-compagnie.fr\/blog\/wp-content\/uploads\/2021\/07\/img_9375.jpg\" alt=\"\" width=\"1000\" height=\"500\" srcset=\"https:\/\/photos-et-compagnie.fr\/blog\/wp-content\/uploads\/2021\/07\/img_9375.jpg 1000w, https:\/\/photos-et-compagnie.fr\/blog\/wp-content\/uploads\/2021\/07\/img_9375-300x150.jpg 300w, https:\/\/photos-et-compagnie.fr\/blog\/wp-content\/uploads\/2021\/07\/img_9375-768x384.jpg 768w, https:\/\/photos-et-compagnie.fr\/blog\/wp-content\/uploads\/2021\/07\/img_9375-400x200.jpg 400w, https:\/\/photos-et-compagnie.fr\/blog\/wp-content\/uploads\/2021\/07\/img_9375-840x420.jpg 840w\" sizes=\"(max-width: 1000px) 100vw, 1000px\" \/><\/a><p id=\"caption-attachment-1542\" class=\"wp-caption-text\">Vue sur les lacs de Plan d&rsquo;Amont et Plan d&rsquo;Aval<\/p><\/div>\n<div id=\"attachment_1543\" style=\"width: 1010px\" class=\"wp-caption aligncenter\"><a href=\"https:\/\/photos-et-compagnie.fr\/blog\/wp-content\/uploads\/2021\/07\/img_9384.jpg\"><img aria-describedby=\"caption-attachment-1543\" decoding=\"async\" loading=\"lazy\" class=\"size-full wp-image-1543\" src=\"https:\/\/photos-et-compagnie.fr\/blog\/wp-content\/uploads\/2021\/07\/img_9384.jpg\" alt=\"\" width=\"1000\" height=\"500\" srcset=\"https:\/\/photos-et-compagnie.fr\/blog\/wp-content\/uploads\/2021\/07\/img_9384.jpg 1000w, https:\/\/photos-et-compagnie.fr\/blog\/wp-content\/uploads\/2021\/07\/img_9384-300x150.jpg 300w, https:\/\/photos-et-compagnie.fr\/blog\/wp-content\/uploads\/2021\/07\/img_9384-768x384.jpg 768w, https:\/\/photos-et-compagnie.fr\/blog\/wp-content\/uploads\/2021\/07\/img_9384-400x200.jpg 400w, https:\/\/photos-et-compagnie.fr\/blog\/wp-content\/uploads\/2021\/07\/img_9384-840x420.jpg 840w\" sizes=\"(max-width: 1000px) 100vw, 1000px\" \/><\/a><p id=\"caption-attachment-1543\" class=\"wp-caption-text\">Vue sur la Dent Parrach\u00e9e<\/p><\/div>\n<p><a href=\"https:\/\/photos-et-compagnie.fr\/blog\/2021\/07\/jour-4-refuge-de-la-fournache-refuge-de-lorgere\/\">Jour 4 : Refuge de la Fournache -&gt; Refuge de l\u2019Org\u00e8re<\/a><\/p>\n\n\n<p><\/p>\n","protected":false},"excerpt":{"rendered":"<p>Profil de la randonn\u00e9e D\u00e9nivel\u00e9 positif : 770 m D\u00e9nivel\u00e9 n\u00e9gatif : 770 m Distance : 18 km Temps de marche (pauses comprises) : 7 heures Cette troisi\u00e8me \u00e9tape se fera dans un ambiance moins \u00ab\u00a0haute montagne\u00a0\u00bb que les deux premi\u00e8res, pour la premi\u00e8re fois nous ne verrons pas de glacier sur notre chemin. Elle commence dans une ambiance de prairies alpines, passe devant de nombreux chalets (la plupart en ruine), et grimpe le long de pentes herbeuses, pour d\u00e9boucher au pied du massif de la Dent Parrach\u00e9e. Sur la seconde partie du trajet, le paysage se fait plus min\u00e9ral, les couleurs virent \u00e0 l&rsquo;ocre et quelques arbres apparaissent. Nous approchons maintenant de la civilisation, le village d&rsquo;Aussois apparait en contrebas. Le chemin se fait moins sauvage, nous apercevons au loin plusieurs t\u00e9l\u00e9si\u00e8ges. A l&rsquo;arriv\u00e9e \u00e0 un carrefour nous indiquant qu&rsquo;il nous reste environ 1 heure de marche, un restaurant..<\/p>\n","protected":false},"author":1,"featured_media":0,"comment_status":"open","ping_status":"open","sticky":false,"template":"","format":"standard","meta":[],"categories":[9],"tags":[],"_links":{"self":[{"href":"https:\/\/photos-et-compagnie.fr\/blog\/wp-json\/wp\/v2\/posts\/1525"}],"collection":[{"href":"https:\/\/photos-et-compagnie.fr\/blog\/wp-json\/wp\/v2\/posts"}],"about":[{"href":"https:\/\/photos-et-compagnie.fr\/blog\/wp-json\/wp\/v2\/types\/post"}],"author":[{"embeddable":true,"href":"https:\/\/photos-et-compagnie.fr\/blog\/wp-json\/wp\/v2\/users\/1"}],"replies":[{"embeddable":true,"href":"https:\/\/photos-et-compagnie.fr\/blog\/wp-json\/wp\/v2\/comments?post=1525"}],"version-history":[{"count":12,"href":"https:\/\/photos-et-compagnie.fr\/blog\/wp-json\/wp\/v2\/posts\/1525\/revisions"}],"predecessor-version":[{"id":1613,"href":"https:\/\/photos-et-compagnie.fr\/blog\/wp-json\/wp\/v2\/posts\/1525\/revisions\/1613"}],"wp:attachment":[{"href":"https:\/\/photos-et-compagnie.fr\/blog\/wp-json\/wp\/v2\/media?parent=1525"}],"wp:term":[{"taxonomy":"category","embeddable":true,"href":"https:\/\/photos-et-compagnie.fr\/blog\/wp-json\/wp\/v2\/categories?post=1525"},{"taxonomy":"post_tag","embeddable":true,"href":"https:\/\/photos-et-compagnie.fr\/blog\/wp-json\/wp\/v2\/tags?post=1525"}],"curies":[{"name":"wp","href":"https:\/\/api.w.org\/{rel}","templated":true}]}}