{"id":1546,"date":"2021-07-25T14:01:00","date_gmt":"2021-07-25T14:01:00","guid":{"rendered":"https:\/\/photos-et-compagnie.fr\/blog\/?p=1546"},"modified":"2021-07-30T07:19:32","modified_gmt":"2021-07-30T07:19:32","slug":"jour-4-refuge-de-la-fournache-refuge-de-lorgere","status":"publish","type":"post","link":"https:\/\/photos-et-compagnie.fr\/blog\/2021\/07\/jour-4-refuge-de-la-fournache-refuge-de-lorgere\/","title":{"rendered":"Jour 4 : Refuge de la Fournache -> Refuge de l&rsquo;Org\u00e8re"},"content":{"rendered":"<p><em><strong>Profil de la randonn\u00e9e<\/strong><\/em><\/p>\n<ul>\n<li>D\u00e9nivel\u00e9 positif : 370 m<\/li>\n<li>D\u00e9nivel\u00e9 n\u00e9gatif : 750 m<\/li>\n<li>Distance : 11 km<\/li>\n<li>Temps de marche (pauses comprises) : 4 heures 30<\/li>\n<li>Sentier d\u00e9couverte de l&rsquo;Org\u00e8re : 4.5 km \/ 100 m de d\u00e9nivel\u00e9 \/ 2 heures<\/li>\n<\/ul>\n<p><a href=\"https:\/\/photos-et-compagnie.fr\/blog\/wp-content\/uploads\/2021\/07\/jour-4.jpg\"><img decoding=\"async\" loading=\"lazy\" class=\"aligncenter size-full wp-image-1580\" src=\"https:\/\/photos-et-compagnie.fr\/blog\/wp-content\/uploads\/2021\/07\/jour-4.jpg\" alt=\"\" width=\"1094\" height=\"588\" srcset=\"https:\/\/photos-et-compagnie.fr\/blog\/wp-content\/uploads\/2021\/07\/jour-4.jpg 1094w, https:\/\/photos-et-compagnie.fr\/blog\/wp-content\/uploads\/2021\/07\/jour-4-300x161.jpg 300w, https:\/\/photos-et-compagnie.fr\/blog\/wp-content\/uploads\/2021\/07\/jour-4-1024x550.jpg 1024w, https:\/\/photos-et-compagnie.fr\/blog\/wp-content\/uploads\/2021\/07\/jour-4-768x413.jpg 768w, https:\/\/photos-et-compagnie.fr\/blog\/wp-content\/uploads\/2021\/07\/jour-4-400x215.jpg 400w, https:\/\/photos-et-compagnie.fr\/blog\/wp-content\/uploads\/2021\/07\/jour-4-840x451.jpg 840w\" sizes=\"(max-width: 1094px) 100vw, 1094px\" \/><\/a><\/p>\n<hr>\n<p>Apr\u00e8s l&rsquo;\u00e9tape longue et assez fatigante du jour pr\u00e9c\u00e9dent, cette \u00e9tape sera plus reposante. Elle commence par une mont\u00e9e assez raide jusqu&rsquo;au plateau du Mauvais Berger, mais se poursuivra ensuite par un sentier en balcon quasiment plat, pour terminer par une descente dans une for\u00eat de pins.<\/p>\n<div id=\"attachment_1553\" style=\"width: 1010px\" class=\"wp-caption aligncenter\"><a href=\"https:\/\/photos-et-compagnie.fr\/blog\/wp-content\/uploads\/2021\/07\/img_9393.jpg\"><img aria-describedby=\"caption-attachment-1553\" decoding=\"async\" loading=\"lazy\" class=\"size-full wp-image-1553\" src=\"https:\/\/photos-et-compagnie.fr\/blog\/wp-content\/uploads\/2021\/07\/img_9393.jpg\" alt=\"\" width=\"1000\" height=\"667\" srcset=\"https:\/\/photos-et-compagnie.fr\/blog\/wp-content\/uploads\/2021\/07\/img_9393.jpg 1000w, https:\/\/photos-et-compagnie.fr\/blog\/wp-content\/uploads\/2021\/07\/img_9393-300x200.jpg 300w, https:\/\/photos-et-compagnie.fr\/blog\/wp-content\/uploads\/2021\/07\/img_9393-768x512.jpg 768w, https:\/\/photos-et-compagnie.fr\/blog\/wp-content\/uploads\/2021\/07\/img_9393-400x267.jpg 400w, https:\/\/photos-et-compagnie.fr\/blog\/wp-content\/uploads\/2021\/07\/img_9393-840x560.jpg 840w\" sizes=\"(max-width: 1000px) 100vw, 1000px\" \/><\/a><p id=\"caption-attachment-1553\" class=\"wp-caption-text\">Le plateau du Mauvais Berger et ses rhododendrons<\/p><\/div>\n<p>Nous arriverons \u00e0 notre point d&rsquo;\u00e9tape, le refuge de l&rsquo;Orgi\u00e8re, vers 12h30. Ce refuge \u00e9tant accessible par la route, il s&rsquo;agit plus d&rsquo;une auberge \/ restaurant a proprement parler que d&rsquo;un refuge de haute montagne. Apr\u00e8s avoir pique niqu\u00e9 et nous \u00eatre install\u00e9s, nous d\u00e9cidons de profiter de l&rsquo;apr\u00e8s midi pour parcourir le sentier de d\u00e9couverte de l&rsquo;Org\u00e8re, une boucle de 4 km qui parcours la combe d&rsquo;Org\u00e8re et sa for\u00eat de pins cembros, dont certains sp\u00e9cimens sont vieux de plusieurs centaines d&rsquo;ann\u00e9es.<\/p>\n<div id=\"attachment_1554\" style=\"width: 1010px\" class=\"wp-caption aligncenter\"><a href=\"https:\/\/photos-et-compagnie.fr\/blog\/wp-content\/uploads\/2021\/07\/img_9401.jpg\"><img aria-describedby=\"caption-attachment-1554\" decoding=\"async\" loading=\"lazy\" class=\"size-full wp-image-1554\" src=\"https:\/\/photos-et-compagnie.fr\/blog\/wp-content\/uploads\/2021\/07\/img_9401.jpg\" alt=\"\" width=\"1000\" height=\"667\" srcset=\"https:\/\/photos-et-compagnie.fr\/blog\/wp-content\/uploads\/2021\/07\/img_9401.jpg 1000w, https:\/\/photos-et-compagnie.fr\/blog\/wp-content\/uploads\/2021\/07\/img_9401-300x200.jpg 300w, https:\/\/photos-et-compagnie.fr\/blog\/wp-content\/uploads\/2021\/07\/img_9401-768x512.jpg 768w, https:\/\/photos-et-compagnie.fr\/blog\/wp-content\/uploads\/2021\/07\/img_9401-400x267.jpg 400w, https:\/\/photos-et-compagnie.fr\/blog\/wp-content\/uploads\/2021\/07\/img_9401-840x560.jpg 840w\" sizes=\"(max-width: 1000px) 100vw, 1000px\" \/><\/a><p id=\"caption-attachment-1554\" class=\"wp-caption-text\">Vallon d&rsquo;Org\u00e8re (vue vers le Nord et le fond du vallon)<\/p><\/div>\n<p>Les papillons \u00e9tant tr\u00e8s nombreux dans le vallon, nous aurons l&rsquo;occasion tout au long de notre promenade d&rsquo;en observer des dizaines, dont certains tr\u00e8s affectueux :-).<\/p>\n<div id=\"attachment_1563\" style=\"width: 560px\" class=\"wp-caption aligncenter\"><a href=\"https:\/\/photos-et-compagnie.fr\/blog\/wp-content\/uploads\/2021\/07\/img_2778.jpg\"><img aria-describedby=\"caption-attachment-1563\" decoding=\"async\" loading=\"lazy\" class=\"wp-image-1563\" src=\"https:\/\/photos-et-compagnie.fr\/blog\/wp-content\/uploads\/2021\/07\/img_2778.jpg\" alt=\"\" width=\"550\" height=\"733\" srcset=\"https:\/\/photos-et-compagnie.fr\/blog\/wp-content\/uploads\/2021\/07\/img_2778.jpg 750w, https:\/\/photos-et-compagnie.fr\/blog\/wp-content\/uploads\/2021\/07\/img_2778-225x300.jpg 225w, https:\/\/photos-et-compagnie.fr\/blog\/wp-content\/uploads\/2021\/07\/img_2778-400x533.jpg 400w\" sizes=\"(max-width: 550px) 100vw, 550px\" \/><\/a><p id=\"caption-attachment-1563\" class=\"wp-caption-text\">Ce papillon est rest\u00e9 \u00ab\u00a0perch\u00e9\u00a0\u00bb sur cette fleur \u00e9trange pendant un bon 1\/4 d&rsquo;heure<\/p><\/div>\n<div id=\"attachment_1555\" style=\"width: 1010px\" class=\"wp-caption aligncenter\"><a href=\"https:\/\/photos-et-compagnie.fr\/blog\/wp-content\/uploads\/2021\/07\/img_9408.jpg\"><img aria-describedby=\"caption-attachment-1555\" decoding=\"async\" loading=\"lazy\" class=\"size-full wp-image-1555\" src=\"https:\/\/photos-et-compagnie.fr\/blog\/wp-content\/uploads\/2021\/07\/img_9408.jpg\" alt=\"\" width=\"1000\" height=\"667\" srcset=\"https:\/\/photos-et-compagnie.fr\/blog\/wp-content\/uploads\/2021\/07\/img_9408.jpg 1000w, https:\/\/photos-et-compagnie.fr\/blog\/wp-content\/uploads\/2021\/07\/img_9408-300x200.jpg 300w, https:\/\/photos-et-compagnie.fr\/blog\/wp-content\/uploads\/2021\/07\/img_9408-768x512.jpg 768w, https:\/\/photos-et-compagnie.fr\/blog\/wp-content\/uploads\/2021\/07\/img_9408-400x267.jpg 400w, https:\/\/photos-et-compagnie.fr\/blog\/wp-content\/uploads\/2021\/07\/img_9408-840x560.jpg 840w\" sizes=\"(max-width: 1000px) 100vw, 1000px\" \/><\/a><p id=\"caption-attachment-1555\" class=\"wp-caption-text\">Vallon d&rsquo;Org\u00e8re (vue vers le Sud et le refuge)<\/p><\/div>\n<p>Apr\u00e8s cette boucle sympathique (quel plaisir de poser les sac \u00e0 dos, on se sent l\u00e9gers !), nous nous r\u00e9galons d&rsquo;un go\u00fbter \u00e0 base de carrot cake, cookie et glaces, et terminons l&rsquo;apr\u00e8s midi tranquillement (lecture et farniente).<\/p>\n<p><a href=\"https:\/\/photos-et-compagnie.fr\/blog\/2021\/07\/jour-5-refuge-de-lorgere-refuge-de-peclet-polset\/\">Jour 5 : Refuge de l\u2019Org\u00e8re -&gt; Refuge de Peclet Polset<\/a><\/p>\n\n\n<p><\/p>\n","protected":false},"excerpt":{"rendered":"<p>Profil de la randonn\u00e9e D\u00e9nivel\u00e9 positif : 370 m D\u00e9nivel\u00e9 n\u00e9gatif : 750 m Distance : 11 km Temps de marche (pauses comprises) : 4 heures 30 Sentier d\u00e9couverte de l&rsquo;Org\u00e8re : 4.5 km \/ 100 m de d\u00e9nivel\u00e9 \/ 2 heures Apr\u00e8s l&rsquo;\u00e9tape longue et assez fatigante du jour pr\u00e9c\u00e9dent, cette \u00e9tape sera plus reposante. Elle commence par une mont\u00e9e assez raide jusqu&rsquo;au plateau du Mauvais Berger, mais se poursuivra ensuite par un sentier en balcon quasiment plat, pour terminer par une descente dans une for\u00eat de pins. Nous arriverons \u00e0 notre point d&rsquo;\u00e9tape, le refuge de l&rsquo;Orgi\u00e8re, vers 12h30. Ce refuge \u00e9tant accessible par la route, il s&rsquo;agit plus d&rsquo;une auberge \/ restaurant a proprement parler que d&rsquo;un refuge de haute montagne. Apr\u00e8s avoir pique niqu\u00e9 et nous \u00eatre install\u00e9s, nous d\u00e9cidons de profiter de l&rsquo;apr\u00e8s midi pour parcourir le sentier de d\u00e9couverte de l&rsquo;Org\u00e8re, une boucle de..<\/p>\n","protected":false},"author":1,"featured_media":0,"comment_status":"open","ping_status":"open","sticky":false,"template":"","format":"standard","meta":[],"categories":[9],"tags":[],"_links":{"self":[{"href":"https:\/\/photos-et-compagnie.fr\/blog\/wp-json\/wp\/v2\/posts\/1546"}],"collection":[{"href":"https:\/\/photos-et-compagnie.fr\/blog\/wp-json\/wp\/v2\/posts"}],"about":[{"href":"https:\/\/photos-et-compagnie.fr\/blog\/wp-json\/wp\/v2\/types\/post"}],"author":[{"embeddable":true,"href":"https:\/\/photos-et-compagnie.fr\/blog\/wp-json\/wp\/v2\/users\/1"}],"replies":[{"embeddable":true,"href":"https:\/\/photos-et-compagnie.fr\/blog\/wp-json\/wp\/v2\/comments?post=1546"}],"version-history":[{"count":9,"href":"https:\/\/photos-et-compagnie.fr\/blog\/wp-json\/wp\/v2\/posts\/1546\/revisions"}],"predecessor-version":[{"id":1640,"href":"https:\/\/photos-et-compagnie.fr\/blog\/wp-json\/wp\/v2\/posts\/1546\/revisions\/1640"}],"wp:attachment":[{"href":"https:\/\/photos-et-compagnie.fr\/blog\/wp-json\/wp\/v2\/media?parent=1546"}],"wp:term":[{"taxonomy":"category","embeddable":true,"href":"https:\/\/photos-et-compagnie.fr\/blog\/wp-json\/wp\/v2\/categories?post=1546"},{"taxonomy":"post_tag","embeddable":true,"href":"https:\/\/photos-et-compagnie.fr\/blog\/wp-json\/wp\/v2\/tags?post=1546"}],"curies":[{"name":"wp","href":"https:\/\/api.w.org\/{rel}","templated":true}]}}