{"id":174,"date":"2014-07-26T19:22:14","date_gmt":"2014-07-26T17:22:14","guid":{"rendered":"http:\/\/photos-et-compagnie.fr\/blog\/?p=174"},"modified":"2014-08-29T15:01:26","modified_gmt":"2014-08-29T15:01:26","slug":"jeudi-3-juillet-suite","status":"publish","type":"post","link":"https:\/\/photos-et-compagnie.fr\/blog\/2014\/07\/jeudi-3-juillet-suite\/","title":{"rendered":"Jeudi 3 juillet (suite)"},"content":{"rendered":"<p style=\"text-align: justify;\">\n<p style=\"text-align: justify;\">M\u00eame si cela ne saute pas aux yeux sur cette premi\u00e8re photo, Fjalls\u00e1rl\u00f3n est tr\u00e8s diff\u00e9rente de sa \u00ab\u00a0grande s\u0153ur\u00a0\u00bb J\u00f6kuls\u00e1rl\u00f3n.<\/p>\n<div style=\"width: 1010px\" class=\"wp-caption aligncenter\"><a href=\"https:\/\/lh4.googleusercontent.com\/-aS3ZLVcT7RE\/U9NrPff4UdI\/AAAAAAAAFMw\/TUhfrHXIQ5o\/w1000-h667-no\/IMG_4311-Modifier.JPG\"><img decoding=\"async\" loading=\"lazy\" src=\"https:\/\/lh4.googleusercontent.com\/-aS3ZLVcT7RE\/U9NrPff4UdI\/AAAAAAAAFMw\/TUhfrHXIQ5o\/w1000-h667-no\/IMG_4311-Modifier.JPG\" alt=\"\" width=\"1000\" height=\"667\" \/><\/a><p class=\"wp-caption-text\">Fjalls\u00e1rl\u00f3n (1)<\/p><\/div>\n<p style=\"text-align: justify;\">La lagune est bien plus petite, ce qui nous permet de nous approcher plus pr\u00e8s des icebergs et du glacier, et de composer des images tr\u00e8s diff\u00e9rentes de celles faites le matin m\u00eame.<\/p>\n<div style=\"width: 1010px\" class=\"wp-caption aligncenter\"><a href=\"https:\/\/lh6.googleusercontent.com\/-Yb5VmBr3xFc\/U9NrXGvVS5I\/AAAAAAAAFOc\/qTtIHBb5uWw\/w1000-h667-no\/IMG_2214.JPG\"><img decoding=\"async\" loading=\"lazy\" src=\"https:\/\/lh6.googleusercontent.com\/-Yb5VmBr3xFc\/U9NrXGvVS5I\/AAAAAAAAFOc\/qTtIHBb5uWw\/w1000-h667-no\/IMG_2214.JPG\" alt=\"\" width=\"1000\" height=\"667\" \/><\/a><p class=\"wp-caption-text\">Fjalls\u00e1rl\u00f3n (2)<\/p><\/div>\n<div style=\"width: 1010px\" class=\"wp-caption aligncenter\"><a href=\"https:\/\/lh3.googleusercontent.com\/-OMOKbgMYrus\/U9NrQVqX8ZI\/AAAAAAAAFNA\/21lyF3rYTHs\/w1000-h500-no\/IMG_4369.JPG\"><img decoding=\"async\" loading=\"lazy\" src=\"https:\/\/lh3.googleusercontent.com\/-OMOKbgMYrus\/U9NrQVqX8ZI\/AAAAAAAAFNA\/21lyF3rYTHs\/w1000-h500-no\/IMG_4369.JPG\" alt=\"\" width=\"1000\" height=\"500\" \/><\/a><p class=\"wp-caption-text\">Fjalls\u00e1rl\u00f3n (3)<\/p><\/div>\n<div style=\"width: 1010px\" class=\"wp-caption aligncenter\"><a href=\"https:\/\/lh5.googleusercontent.com\/-fKw5LJe8cSw\/U9NrWeFaJYI\/AAAAAAAAFOQ\/c45seQwfdmE\/w1000-h563-no\/IMG_2190.JPG\"><img decoding=\"async\" loading=\"lazy\" src=\"https:\/\/lh5.googleusercontent.com\/-fKw5LJe8cSw\/U9NrWeFaJYI\/AAAAAAAAFOQ\/c45seQwfdmE\/w1000-h563-no\/IMG_2190.JPG\" alt=\"\" width=\"1000\" height=\"563\" \/><\/a><p class=\"wp-caption-text\">Fjalls\u00e1rl\u00f3n (4)<\/p><\/div>\n<p style=\"text-align: justify;\">Profitant du temps dont nous disposons, et de la cl\u00e9mence de la m\u00e9t\u00e9o, nous longeons la rive de la lagune,\u00a0 en essayant de nous rapprocher le plus possible du glacier. Au bout d&rsquo;une heure de marche, nous rebroussons chemin (le glacier \u00e9tait plus loin qu&rsquo;il ne paraissait). Sur le chemin du retour vers le parking, le ciel se d\u00e9gage un peu, et nous pouvons profiter de la lumi\u00e8re si particuli\u00e8re des pays du nord : l&rsquo;heure bleue en plein apr\u00e8s-midi, et qui dure pendant plusieurs heures &#8230;.<\/p>\n<div style=\"width: 1010px\" class=\"wp-caption aligncenter\"><a href=\"https:\/\/lh6.googleusercontent.com\/-xipqve1B5Ts\/U9NrQ99gtII\/AAAAAAAAFNI\/Mci6s8wvoSo\/w1000-h490-no\/IMG_4383.JPG\"><img decoding=\"async\" loading=\"lazy\" src=\"https:\/\/lh6.googleusercontent.com\/-xipqve1B5Ts\/U9NrQ99gtII\/AAAAAAAAFNI\/Mci6s8wvoSo\/w1000-h490-no\/IMG_4383.JPG\" alt=\"\" width=\"1000\" height=\"490\" \/><\/a><p class=\"wp-caption-text\">Fjalls\u00e1rl\u00f3n (5)<\/p><\/div>\n<div style=\"width: 1010px\" class=\"wp-caption aligncenter\"><a href=\"https:\/\/lh6.googleusercontent.com\/-1r007HfWEtg\/U9NrRaA-wTI\/AAAAAAAAFNM\/mq0V6ub5STs\/w1000-h667-no\/IMG_4411.JPG\"><img decoding=\"async\" loading=\"lazy\" src=\"https:\/\/lh6.googleusercontent.com\/-1r007HfWEtg\/U9NrRaA-wTI\/AAAAAAAAFNM\/mq0V6ub5STs\/w1000-h667-no\/IMG_4411.JPG\" alt=\"\" width=\"1000\" height=\"667\" \/><\/a><p class=\"wp-caption-text\">Fjalls\u00e1rl\u00f3n (6)<\/p><\/div>\n<div style=\"width: 1010px\" class=\"wp-caption aligncenter\"><a href=\"https:\/\/lh5.googleusercontent.com\/-I3lDWF4JUFM\/U9NrSpNCoFI\/AAAAAAAAFNc\/tymlRhTsMh8\/w1000-h500-no\/IMG_4439-Modifier.JPG\"><img decoding=\"async\" loading=\"lazy\" src=\"https:\/\/lh5.googleusercontent.com\/-I3lDWF4JUFM\/U9NrSpNCoFI\/AAAAAAAAFNc\/tymlRhTsMh8\/w1000-h500-no\/IMG_4439-Modifier.JPG\" alt=\"\" width=\"1000\" height=\"500\" \/><\/a><p class=\"wp-caption-text\">Fjalls\u00e1rl\u00f3n (7)<\/p><\/div>\n<div style=\"width: 1010px\" class=\"wp-caption aligncenter\"><a href=\"https:\/\/lh4.googleusercontent.com\/-oef7k9CUyO4\/U9NrXwrW95I\/AAAAAAAAFOk\/qVha28t0MmA\/w1000-h667-no\/IMG_2217.JPG\"><img decoding=\"async\" loading=\"lazy\" src=\"https:\/\/lh4.googleusercontent.com\/-oef7k9CUyO4\/U9NrXwrW95I\/AAAAAAAAFOk\/qVha28t0MmA\/w1000-h667-no\/IMG_2217.JPG\" alt=\"\" width=\"1000\" height=\"667\" \/><\/a><p class=\"wp-caption-text\">Fjalls\u00e1rl\u00f3n (7)<\/p><\/div>\n<p style=\"text-align: justify;\">Apr\u00e8s cette journ\u00e9e fantastique, notre moral est de nouveau au beau fixe, et nous rentrons \u00e0 Svinafell des images plein la t\u00eate.<\/p>\n<p style=\"text-align: justify;\"><a title=\"Jeudi 3 juillet\" href=\"http:\/\/photos-et-compagnie.fr\/blog\/2014\/07\/jeudi-3-juillet\/\">Jeudi 3 juillet (d\u00e9but)<\/a> \u00a0 \u00a0 \u00a0 \u00a0 \u00a0 \u00a0 \u00a0 \u00a0 \u00a0 \u00a0 \u00a0 \u00a0 \u00a0 \u00a0 \u00a0 \u00a0 \u00a0 \u00a0 \u00a0 \u00a0 \u00a0 \u00a0 \u00a0 \u00a0 \u00a0 \u00a0 \u00a0 \u00a0 \u00a0 \u00a0 \u00a0\u00a0 \u00a0\u00a0 <a title=\"Vendredi 4 juillet\" href=\"http:\/\/photos-et-compagnie.fr\/blog\/2014\/07\/vendredi-4-juillet\/\">Vendredi 4 juillet<\/a><\/p>\n","protected":false},"excerpt":{"rendered":"<p>M\u00eame si cela ne saute pas aux yeux sur cette premi\u00e8re photo, Fjalls\u00e1rl\u00f3n est tr\u00e8s diff\u00e9rente de sa \u00ab\u00a0grande s\u0153ur\u00a0\u00bb J\u00f6kuls\u00e1rl\u00f3n. La lagune est bien plus petite, ce qui nous permet de nous approcher plus pr\u00e8s des icebergs et du glacier, et de composer des images tr\u00e8s diff\u00e9rentes de celles faites le matin m\u00eame. Profitant du temps dont nous disposons, et de la cl\u00e9mence de la m\u00e9t\u00e9o, nous longeons la rive de la lagune,\u00a0 en essayant de nous rapprocher le plus possible du glacier. Au bout d&rsquo;une heure de marche, nous rebroussons chemin (le glacier \u00e9tait plus loin qu&rsquo;il ne paraissait). Sur le chemin du retour vers le parking, le ciel se d\u00e9gage un peu, et nous pouvons profiter de la lumi\u00e8re si particuli\u00e8re des pays du nord : l&rsquo;heure bleue en plein apr\u00e8s-midi, et qui dure pendant plusieurs heures &#8230;. Apr\u00e8s cette journ\u00e9e fantastique, notre moral est de nouveau..<\/p>\n","protected":false},"author":1,"featured_media":0,"comment_status":"open","ping_status":"open","sticky":false,"template":"","format":"standard","meta":[],"categories":[3],"tags":[],"_links":{"self":[{"href":"https:\/\/photos-et-compagnie.fr\/blog\/wp-json\/wp\/v2\/posts\/174"}],"collection":[{"href":"https:\/\/photos-et-compagnie.fr\/blog\/wp-json\/wp\/v2\/posts"}],"about":[{"href":"https:\/\/photos-et-compagnie.fr\/blog\/wp-json\/wp\/v2\/types\/post"}],"author":[{"embeddable":true,"href":"https:\/\/photos-et-compagnie.fr\/blog\/wp-json\/wp\/v2\/users\/1"}],"replies":[{"embeddable":true,"href":"https:\/\/photos-et-compagnie.fr\/blog\/wp-json\/wp\/v2\/comments?post=174"}],"version-history":[{"count":1,"href":"https:\/\/photos-et-compagnie.fr\/blog\/wp-json\/wp\/v2\/posts\/174\/revisions"}],"predecessor-version":[{"id":541,"href":"https:\/\/photos-et-compagnie.fr\/blog\/wp-json\/wp\/v2\/posts\/174\/revisions\/541"}],"wp:attachment":[{"href":"https:\/\/photos-et-compagnie.fr\/blog\/wp-json\/wp\/v2\/media?parent=174"}],"wp:term":[{"taxonomy":"category","embeddable":true,"href":"https:\/\/photos-et-compagnie.fr\/blog\/wp-json\/wp\/v2\/categories?post=174"},{"taxonomy":"post_tag","embeddable":true,"href":"https:\/\/photos-et-compagnie.fr\/blog\/wp-json\/wp\/v2\/tags?post=174"}],"curies":[{"name":"wp","href":"https:\/\/api.w.org\/{rel}","templated":true}]}}