{"id":199,"date":"2014-07-31T10:24:05","date_gmt":"2014-07-31T08:24:05","guid":{"rendered":"http:\/\/photos-et-compagnie.fr\/blog\/?p=199"},"modified":"2014-07-31T10:24:05","modified_gmt":"2014-07-31T08:24:05","slug":"dimanche-6-juillet","status":"publish","type":"post","link":"https:\/\/photos-et-compagnie.fr\/blog\/2014\/07\/dimanche-6-juillet\/","title":{"rendered":"Dimanche 6 juillet"},"content":{"rendered":"<p style=\"text-align: justify;\"><strong><span style=\"text-decoration: underline;\">Itin\u00e9raire<\/span><\/strong><\/p>\n<p style=\"text-align: justify;\"><a href=\"https:\/\/lh4.googleusercontent.com\/-d1agMotCdQE\/U8klgN09xEI\/AAAAAAAAE9A\/-oIXmDOVDA4\/w744-h456-no\/Capture.JPG\"><img decoding=\"async\" loading=\"lazy\" class=\"aligncenter\" src=\"https:\/\/lh4.googleusercontent.com\/-d1agMotCdQE\/U8klgN09xEI\/AAAAAAAAE9A\/-oIXmDOVDA4\/w744-h456-no\/Capture.JPG\" alt=\"\" width=\"744\" height=\"456\" \/><\/a><\/p>\n<p style=\"text-align: justify;\">Nous avons la surprise, contre toute attente, de nous r\u00e9veiller sous le soleil ! Nous d\u00e9cidons donc de prolonger notre s\u00e9jour au Landmanalaugar et d&rsquo;aller gravir une autre montagne, la Brennisteisalda, qui doit ses couleurs rouges \u00e0 la proximit\u00e9 de ph\u00e9nom\u00e8nes g\u00e9othermiques.<\/p>\n<p style=\"text-align: justify;\">Nous repassons par des chemins arpent\u00e9s la veille, mais dans une ambiance qui a chang\u00e9 du tout au tout.<\/p>\n<div style=\"width: 860px\" class=\"wp-caption aligncenter\"><a href=\"https:\/\/lh3.googleusercontent.com\/-qQYWLDI7980\/U9ouLrngTQI\/AAAAAAAAFZ4\/VD1HSCWZkBA\/w850-h567-no\/IMG_4923.JPG\"><img decoding=\"async\" loading=\"lazy\" src=\"https:\/\/lh3.googleusercontent.com\/-qQYWLDI7980\/U9ouLrngTQI\/AAAAAAAAFZ4\/VD1HSCWZkBA\/w850-h567-no\/IMG_4923.JPG\" alt=\"\" width=\"850\" height=\"567\" \/><\/a><p class=\"wp-caption-text\">Brennisteisalda (1)<\/p><\/div>\n<p style=\"text-align: justify;\">Les champs de lave et la Brennisteisalda ont perdu l&rsquo;aspect inqui\u00e9tant qu&rsquo;ils avaient sous les nuages &#8230;.<\/p>\n<div style=\"width: 1010px\" class=\"wp-caption aligncenter\"><a href=\"https:\/\/lh5.googleusercontent.com\/-8wPWHdF6Vkg\/U9ouLxAKh2I\/AAAAAAAAFaM\/WTs_AUiMCps\/w1000-h500-no\/IMG_4926.JPG\"><img decoding=\"async\" loading=\"lazy\" src=\"https:\/\/lh5.googleusercontent.com\/-8wPWHdF6Vkg\/U9ouLxAKh2I\/AAAAAAAAFaM\/WTs_AUiMCps\/w1000-h500-no\/IMG_4926.JPG\" alt=\"\" width=\"1000\" height=\"500\" \/><\/a><p class=\"wp-caption-text\">Brennisteisalda (2)<\/p><\/div>\n<p style=\"text-align: justify;\">&#8230;. et les paysages que nous pouvons admirer du sommet sont magnifi\u00e9s par la lumi\u00e8re, transformant les photos en v\u00e9ritables peintures !<\/p>\n<div style=\"width: 1010px\" class=\"wp-caption aligncenter\"><a href=\"https:\/\/lh6.googleusercontent.com\/-rCSWhb2I4l0\/U9u1suhbJGI\/AAAAAAAAFbc\/NJcXqdqJKU8\/w1000-h500-no\/IMG_5052.JPG\"><img decoding=\"async\" loading=\"lazy\" src=\"https:\/\/lh6.googleusercontent.com\/-rCSWhb2I4l0\/U9u1suhbJGI\/AAAAAAAAFbc\/NJcXqdqJKU8\/w1000-h500-no\/IMG_5052.JPG\" alt=\"\" width=\"1000\" height=\"500\" \/><\/a><p class=\"wp-caption-text\">Landmanalaugar (4)<\/p><\/div>\n<div style=\"width: 1010px\" class=\"wp-caption aligncenter\"><a href=\"https:\/\/lh4.googleusercontent.com\/-mJSuJtQr06g\/U9ouNiltjBI\/AAAAAAAAFag\/4Ib_eZNT9o8\/w1000-h563-no\/IMG_5068.JPG\"><img decoding=\"async\" loading=\"lazy\" src=\"https:\/\/lh4.googleusercontent.com\/-mJSuJtQr06g\/U9ouNiltjBI\/AAAAAAAAFag\/4Ib_eZNT9o8\/w1000-h563-no\/IMG_5068.JPG\" alt=\"\" width=\"1000\" height=\"563\" \/><\/a><p class=\"wp-caption-text\">Landmanalaugar (5)<\/p><\/div>\n<div style=\"width: 1010px\" class=\"wp-caption aligncenter\"><a href=\"https:\/\/lh5.googleusercontent.com\/-Ytp8eqVColI\/U9ouOABTL2I\/AAAAAAAAFaY\/1KGq-hxzlAg\/w1000-h562-no\/IMG_5072.JPG\"><img decoding=\"async\" loading=\"lazy\" src=\"https:\/\/lh5.googleusercontent.com\/-Ytp8eqVColI\/U9ouOABTL2I\/AAAAAAAAFaY\/1KGq-hxzlAg\/w1000-h562-no\/IMG_5072.JPG\" alt=\"\" width=\"1000\" height=\"562\" \/><\/a><p class=\"wp-caption-text\">Landmanalaugar (6)<\/p><\/div>\n<div style=\"width: 1010px\" class=\"wp-caption aligncenter\"><a href=\"https:\/\/lh4.googleusercontent.com\/-JD9rjIBjgks\/U9ouOy1KuGI\/AAAAAAAAFak\/c56zTfuuWWM\/w1000-h424-no\/IMG_5074.JPG\"><img decoding=\"async\" loading=\"lazy\" src=\"https:\/\/lh4.googleusercontent.com\/-JD9rjIBjgks\/U9ouOy1KuGI\/AAAAAAAAFak\/c56zTfuuWWM\/w1000-h424-no\/IMG_5074.JPG\" alt=\"\" width=\"1000\" height=\"424\" \/><\/a><p class=\"wp-caption-text\">Landmanalaugar (6)<\/p><\/div>\n<p style=\"text-align: justify;\">A l&rsquo;issue de cette superbe randonn\u00e9e, nous terminons par un bain dans les sources chaudes naturelles pr\u00e9sentes \u00e0 deux pas du camping &#8230;. toujours sous le soleil.<\/p>\n<div style=\"width: 1010px\" class=\"wp-caption aligncenter\"><a href=\"https:\/\/lh6.googleusercontent.com\/-rRs4_otZC0Q\/U9oxY_tnioI\/AAAAAAAAFbA\/NcX9XCbX3Ps\/w1000-h667-no\/IMG_2302.JPG\"><img decoding=\"async\" loading=\"lazy\" src=\"https:\/\/lh6.googleusercontent.com\/-rRs4_otZC0Q\/U9oxY_tnioI\/AAAAAAAAFbA\/NcX9XCbX3Ps\/w1000-h667-no\/IMG_2302.JPG\" alt=\"\" width=\"1000\" height=\"667\" \/><\/a><p class=\"wp-caption-text\">Sources chaudes du Landmanalaugar<\/p><\/div>\n<p style=\"text-align: justify;\">Nous reprenons ensuite la F208 vers le nord, avant de rejoindre la route goudronn\u00e9e qui nous m\u00e8nera au camping de Geysir, notre \u00e9tape du soir.<\/p>\n<p style=\"text-align: justify;\">Sur le chemin, nous faisons un petit d\u00e9tour, qui, au bout d&rsquo;une dizaine de kilom\u00e8tres de piste cahoteuse, nous am\u00e8ne \u00e0 la cascade de H\u00e1ifoss, que nous photographions, ainsi que ses deux \u00ab\u00a0petites soeurs\u00a0\u00bb.<\/p>\n<div style=\"width: 1010px\" class=\"wp-caption aligncenter\"><a href=\"https:\/\/lh4.googleusercontent.com\/-s-A39zLpIq0\/U9u4JHzB_wI\/AAAAAAAAFb0\/2tTF4R83OM0\/w1000-h667-no\/IMG_5122.JPG\"><img decoding=\"async\" loading=\"lazy\" src=\"https:\/\/lh4.googleusercontent.com\/-s-A39zLpIq0\/U9u4JHzB_wI\/AAAAAAAAFb0\/2tTF4R83OM0\/w1000-h667-no\/IMG_5122.JPG\" alt=\"\" width=\"1000\" height=\"667\" \/><\/a><p class=\"wp-caption-text\">H\u00e1ifoss (1)<\/p><\/div>\n<div style=\"width: 968px\" class=\"wp-caption aligncenter\"><a href=\"https:\/\/lh4.googleusercontent.com\/--24XYsWsoN8\/U9u4KUCmXPI\/AAAAAAAAFcA\/JFtNthr_2xU\/w958-h479-no\/IMG_2306.JPG\"><img decoding=\"async\" loading=\"lazy\" src=\"https:\/\/lh4.googleusercontent.com\/--24XYsWsoN8\/U9u4KUCmXPI\/AAAAAAAAFcA\/JFtNthr_2xU\/w958-h479-no\/IMG_2306.JPG\" alt=\"\" width=\"958\" height=\"479\" \/><\/a><p class=\"wp-caption-text\">H\u00e1ifoss (2)<\/p><\/div>\n<p style=\"text-align: justify;\">Un\u00a0 ultime arr\u00eat pour tirer le portrait de Hj\u00e1lparfoss cl\u00f4turera cette journ\u00e9e riche en \u00e9motions.<\/p>\n<div style=\"width: 1010px\" class=\"wp-caption aligncenter\"><a href=\"https:\/\/lh3.googleusercontent.com\/-GmW5PssgTTY\/U9u5FxxNfZI\/AAAAAAAAFck\/9hkS21V2SKU\/w1000-h562-no\/IMG_5155.JPG\"><img decoding=\"async\" loading=\"lazy\" src=\"https:\/\/lh3.googleusercontent.com\/-GmW5PssgTTY\/U9u5FxxNfZI\/AAAAAAAAFck\/9hkS21V2SKU\/w1000-h562-no\/IMG_5155.JPG\" alt=\"\" width=\"1000\" height=\"562\" \/><\/a><p class=\"wp-caption-text\">Hj\u00e1lparfoss<\/p><\/div>\n<p style=\"text-align: justify;\">Nous nous couchons, impatients \u00e0 l&rsquo;id\u00e9e du programme qui nous attend le lendemain, et ravis que la m\u00e9t\u00e9o pr\u00e9voie une nouvelle fois du soleil.<\/p>\n<p style=\"text-align: justify;\"><a title=\"Samedi 5 juillet\" href=\"http:\/\/photos-et-compagnie.fr\/blog\/2014\/07\/samedi-5-juillet\/\">Samedi 5 juillet\u00a0\u00a0\u00a0\u00a0<\/a>\u00a0\u00a0\u00a0\u00a0\u00a0\u00a0\u00a0\u00a0\u00a0\u00a0\u00a0\u00a0\u00a0\u00a0\u00a0\u00a0\u00a0\u00a0\u00a0\u00a0\u00a0\u00a0\u00a0\u00a0\u00a0\u00a0\u00a0\u00a0\u00a0\u00a0\u00a0\u00a0\u00a0\u00a0\u00a0\u00a0\u00a0\u00a0\u00a0\u00a0\u00a0\u00a0\u00a0\u00a0\u00a0\u00a0\u00a0\u00a0\u00a0\u00a0\u00a0\u00a0\u00a0\u00a0\u00a0\u00a0\u00a0\u00a0\u00a0\u00a0\u00a0\u00a0\u00a0\u00a0\u00a0\u00a0\u00a0\u00a0\u00a0\u00a0\u00a0\u00a0\u00a0\u00a0\u00a0\u00a0\u00a0\u00a0\u00a0\u00a0\u00a0\u00a0\u00a0 <a title=\"Lundi 7 juillet\" href=\"http:\/\/photos-et-compagnie.fr\/blog\/2014\/07\/lundi-7-juillet\/\">Lundi 7 juillet<\/a><\/p>\n","protected":false},"excerpt":{"rendered":"<p>Itin\u00e9raire Nous avons la surprise, contre toute attente, de nous r\u00e9veiller sous le soleil ! Nous d\u00e9cidons donc de prolonger notre s\u00e9jour au Landmanalaugar et d&rsquo;aller gravir une autre montagne, la Brennisteisalda, qui doit ses couleurs rouges \u00e0 la proximit\u00e9 de ph\u00e9nom\u00e8nes g\u00e9othermiques. Nous repassons par des chemins arpent\u00e9s la veille, mais dans une ambiance qui a chang\u00e9 du tout au tout. Les champs de lave et la Brennisteisalda ont perdu l&rsquo;aspect inqui\u00e9tant qu&rsquo;ils avaient sous les nuages &#8230;. &#8230;. et les paysages que nous pouvons admirer du sommet sont magnifi\u00e9s par la lumi\u00e8re, transformant les photos en v\u00e9ritables peintures ! A l&rsquo;issue de cette superbe randonn\u00e9e, nous terminons par un bain dans les sources chaudes naturelles pr\u00e9sentes \u00e0 deux pas du camping &#8230;. toujours sous le soleil. Nous reprenons ensuite la F208 vers le nord, avant de rejoindre la route goudronn\u00e9e qui nous m\u00e8nera au camping de Geysir, notre..<\/p>\n","protected":false},"author":1,"featured_media":0,"comment_status":"open","ping_status":"open","sticky":false,"template":"","format":"standard","meta":[],"categories":[3],"tags":[],"_links":{"self":[{"href":"https:\/\/photos-et-compagnie.fr\/blog\/wp-json\/wp\/v2\/posts\/199"}],"collection":[{"href":"https:\/\/photos-et-compagnie.fr\/blog\/wp-json\/wp\/v2\/posts"}],"about":[{"href":"https:\/\/photos-et-compagnie.fr\/blog\/wp-json\/wp\/v2\/types\/post"}],"author":[{"embeddable":true,"href":"https:\/\/photos-et-compagnie.fr\/blog\/wp-json\/wp\/v2\/users\/1"}],"replies":[{"embeddable":true,"href":"https:\/\/photos-et-compagnie.fr\/blog\/wp-json\/wp\/v2\/comments?post=199"}],"version-history":[{"count":0,"href":"https:\/\/photos-et-compagnie.fr\/blog\/wp-json\/wp\/v2\/posts\/199\/revisions"}],"wp:attachment":[{"href":"https:\/\/photos-et-compagnie.fr\/blog\/wp-json\/wp\/v2\/media?parent=199"}],"wp:term":[{"taxonomy":"category","embeddable":true,"href":"https:\/\/photos-et-compagnie.fr\/blog\/wp-json\/wp\/v2\/categories?post=199"},{"taxonomy":"post_tag","embeddable":true,"href":"https:\/\/photos-et-compagnie.fr\/blog\/wp-json\/wp\/v2\/tags?post=199"}],"curies":[{"name":"wp","href":"https:\/\/api.w.org\/{rel}","templated":true}]}}