{"id":203,"date":"2014-08-03T11:54:21","date_gmt":"2014-08-03T09:54:21","guid":{"rendered":"http:\/\/photos-et-compagnie.fr\/blog\/?p=203"},"modified":"2014-08-03T11:54:21","modified_gmt":"2014-08-03T09:54:21","slug":"mardi-8-juillet","status":"publish","type":"post","link":"https:\/\/photos-et-compagnie.fr\/blog\/2014\/08\/mardi-8-juillet\/","title":{"rendered":"Mardi 8 juillet"},"content":{"rendered":"<p style=\"text-align: justify;\"><strong><span style=\"text-decoration: underline;\">Itin\u00e9raire<\/span><\/strong><\/p>\n<p style=\"text-align: justify;\"><a href=\"https:\/\/lh4.googleusercontent.com\/-NkgE7vEEkzU\/U8kmNW2zfXI\/AAAAAAAAE9o\/tVoFGUNbQAk\/w726-h428-no\/Capture.JPG\"><img decoding=\"async\" loading=\"lazy\" class=\"aligncenter\" src=\"https:\/\/lh4.googleusercontent.com\/-NkgE7vEEkzU\/U8kmNW2zfXI\/AAAAAAAAE9o\/tVoFGUNbQAk\/w726-h428-no\/Capture.JPG\" alt=\"\" width=\"726\" height=\"428\" \/><\/a><\/p>\n<p style=\"text-align: justify;\">La fin du voyage approche pour mes trois comparses, dont l&rsquo;avion d\u00e9colle le lendemain apr\u00e8s midi. Avant de repartir en direction de Reykjavik, nous nous dirigeons une derni\u00e8re fois vers le Nord, vers le site g\u00e9othermique de Hveravellir. Arriv\u00e9 sur place, la d\u00e9ception est au rendez-vous : le site est tout\u00a0 petit, et n&rsquo;offre pas beaucoup d&rsquo;int\u00e9r\u00eat apr\u00e8s ce que nous avons d\u00e9j\u00e0 vu.<\/p>\n<p style=\"text-align: justify;\">Si quelques moutons et une charmante petite maison nous permettent de ne pas rentrer bredouilles photographiquement parlant &#8230;.<\/p>\n<div style=\"width: 1010px\" class=\"wp-caption aligncenter\"><a href=\"https:\/\/lh4.googleusercontent.com\/-Ux0cG3CSZ1M\/U9yReNtxs_I\/AAAAAAAAFhs\/UV62R3XpowU\/w1000-h563-no\/IMG_5514.JPG\"><img decoding=\"async\" loading=\"lazy\" src=\"https:\/\/lh4.googleusercontent.com\/-Ux0cG3CSZ1M\/U9yReNtxs_I\/AAAAAAAAFhs\/UV62R3XpowU\/w1000-h563-no\/IMG_5514.JPG\" alt=\"\" width=\"1000\" height=\"563\" \/><\/a><p class=\"wp-caption-text\">Hveravellir (1)<\/p><\/div>\n<div style=\"width: 1010px\" class=\"wp-caption aligncenter\"><a href=\"https:\/\/lh6.googleusercontent.com\/-DxSb-xELHhc\/U9yRdx7dE4I\/AAAAAAAAFhk\/NssyjJCLFqk\/w1000-h667-no\/IMG_5505.JPG\"><img decoding=\"async\" loading=\"lazy\" src=\"https:\/\/lh6.googleusercontent.com\/-DxSb-xELHhc\/U9yRdx7dE4I\/AAAAAAAAFhk\/NssyjJCLFqk\/w1000-h667-no\/IMG_5505.JPG\" alt=\"\" width=\"1000\" height=\"667\" \/><\/a><p class=\"wp-caption-text\">Hveravellir (2)<\/p><\/div>\n<p style=\"text-align: justify;\">&#8230; nous repartons sans tarder vers le Sud.<\/p>\n<div style=\"width: 1010px\" class=\"wp-caption aligncenter\"><a href=\"https:\/\/lh6.googleusercontent.com\/-pufh8zyj5U0\/U9yReUDvKlI\/AAAAAAAAFhw\/-SYld10VWHE\/w1000-h500-no\/IMG_5520.JPG\"><img decoding=\"async\" loading=\"lazy\" src=\"https:\/\/lh6.googleusercontent.com\/-pufh8zyj5U0\/U9yReUDvKlI\/AAAAAAAAFhw\/-SYld10VWHE\/w1000-h500-no\/IMG_5520.JPG\" alt=\"\" width=\"1000\" height=\"500\" \/><\/a><p class=\"wp-caption-text\">Bye bye Hveravellir<\/p><\/div>\n<p style=\"text-align: justify;\">La conduite sur la route 35 est toujours aussi fatigante, mais les fortes pluies de la veille nous permettent de nous prendre pendant quelques instants pour des concurrents du Camel Trophy \ud83d\ude09<\/p>\n<div style=\"width: 1010px\" class=\"wp-caption aligncenter\"><a href=\"https:\/\/lh5.googleusercontent.com\/-fca59iAf818\/U90f5Uj9WwI\/AAAAAAAAFiY\/05HtLs4la8U\/w1000-h535-no\/IMG_0710.jpg\"><img decoding=\"async\" loading=\"lazy\" src=\"https:\/\/lh5.googleusercontent.com\/-fca59iAf818\/U90f5Uj9WwI\/AAAAAAAAFiY\/05HtLs4la8U\/w1000-h535-no\/IMG_0710.jpg\" alt=\"\" width=\"1000\" height=\"535\" \/><\/a><p class=\"wp-caption-text\">Photo \u00a9 Axelle Belmont<\/p><\/div>\n<p style=\"text-align: justify;\">Apr\u00e8s avoir rejoint la route (et lav\u00e9 la voiture &#8230;.), nous repartons en direction de Reykjavik. Nous avions pr\u00e9vu de dormir au camping de \u00deingvellir, mais compte tenu du mauvais temps en arrivant sur place, nous d\u00e9cidons finalement de pousser jusqu&rsquo;au camping de Reykjavik, afin de pouvoir profiter de quelques heures de ballade dans la capitale avant le retour \u00e0 l&rsquo;a\u00e9roport.<\/p>\n<p style=\"text-align: justify;\"><a title=\"Lundi 7 juillet\" href=\"http:\/\/photos-et-compagnie.fr\/blog\/2014\/07\/lundi-7-juillet\/\">Lundi 7 juillet<\/a>\u00a0\u00a0\u00a0\u00a0\u00a0\u00a0\u00a0\u00a0\u00a0\u00a0\u00a0\u00a0\u00a0\u00a0\u00a0\u00a0\u00a0\u00a0\u00a0\u00a0\u00a0\u00a0\u00a0\u00a0\u00a0\u00a0\u00a0\u00a0\u00a0\u00a0\u00a0\u00a0\u00a0\u00a0\u00a0\u00a0\u00a0\u00a0\u00a0\u00a0\u00a0\u00a0\u00a0\u00a0\u00a0\u00a0\u00a0\u00a0\u00a0\u00a0\u00a0\u00a0\u00a0\u00a0\u00a0\u00a0\u00a0\u00a0\u00a0\u00a0\u00a0\u00a0\u00a0\u00a0\u00a0\u00a0\u00a0\u00a0\u00a0\u00a0\u00a0\u00a0\u00a0\u00a0\u00a0\u00a0\u00a0\u00a0\u00a0\u00a0\u00a0\u00a0\u00a0 <a title=\"Mercredi 9 juillet\" href=\"http:\/\/photos-et-compagnie.fr\/blog\/2014\/08\/mercredi-9-juillet\/\">Mercredi 9 juillet<\/a><\/p>\n<p style=\"text-align: justify;\">\n","protected":false},"excerpt":{"rendered":"<p>Itin\u00e9raire La fin du voyage approche pour mes trois comparses, dont l&rsquo;avion d\u00e9colle le lendemain apr\u00e8s midi. Avant de repartir en direction de Reykjavik, nous nous dirigeons une derni\u00e8re fois vers le Nord, vers le site g\u00e9othermique de Hveravellir. Arriv\u00e9 sur place, la d\u00e9ception est au rendez-vous : le site est tout\u00a0 petit, et n&rsquo;offre pas beaucoup d&rsquo;int\u00e9r\u00eat apr\u00e8s ce que nous avons d\u00e9j\u00e0 vu. Si quelques moutons et une charmante petite maison nous permettent de ne pas rentrer bredouilles photographiquement parlant &#8230;. &#8230; nous repartons sans tarder vers le Sud. La conduite sur la route 35 est toujours aussi fatigante, mais les fortes pluies de la veille nous permettent de nous prendre pendant quelques instants pour des concurrents du Camel Trophy \ud83d\ude09 Apr\u00e8s avoir rejoint la route (et lav\u00e9 la voiture &#8230;.), nous repartons en direction de Reykjavik. Nous avions pr\u00e9vu de dormir au camping de \u00deingvellir, mais compte..<\/p>\n","protected":false},"author":1,"featured_media":0,"comment_status":"open","ping_status":"open","sticky":false,"template":"","format":"standard","meta":[],"categories":[3],"tags":[],"_links":{"self":[{"href":"https:\/\/photos-et-compagnie.fr\/blog\/wp-json\/wp\/v2\/posts\/203"}],"collection":[{"href":"https:\/\/photos-et-compagnie.fr\/blog\/wp-json\/wp\/v2\/posts"}],"about":[{"href":"https:\/\/photos-et-compagnie.fr\/blog\/wp-json\/wp\/v2\/types\/post"}],"author":[{"embeddable":true,"href":"https:\/\/photos-et-compagnie.fr\/blog\/wp-json\/wp\/v2\/users\/1"}],"replies":[{"embeddable":true,"href":"https:\/\/photos-et-compagnie.fr\/blog\/wp-json\/wp\/v2\/comments?post=203"}],"version-history":[{"count":0,"href":"https:\/\/photos-et-compagnie.fr\/blog\/wp-json\/wp\/v2\/posts\/203\/revisions"}],"wp:attachment":[{"href":"https:\/\/photos-et-compagnie.fr\/blog\/wp-json\/wp\/v2\/media?parent=203"}],"wp:term":[{"taxonomy":"category","embeddable":true,"href":"https:\/\/photos-et-compagnie.fr\/blog\/wp-json\/wp\/v2\/categories?post=203"},{"taxonomy":"post_tag","embeddable":true,"href":"https:\/\/photos-et-compagnie.fr\/blog\/wp-json\/wp\/v2\/tags?post=203"}],"curies":[{"name":"wp","href":"https:\/\/api.w.org\/{rel}","templated":true}]}}