{"id":2036,"date":"2024-07-17T15:45:10","date_gmt":"2024-07-17T15:45:10","guid":{"rendered":"https:\/\/photos-et-compagnie.fr\/blog\/?p=2036"},"modified":"2024-08-28T22:08:05","modified_gmt":"2024-08-28T22:08:05","slug":"jour-4-amelie-les-bains-maison-forestiere-de-lestanyol","status":"publish","type":"post","link":"https:\/\/photos-et-compagnie.fr\/blog\/2024\/07\/jour-4-amelie-les-bains-maison-forestiere-de-lestanyol\/","title":{"rendered":"Jour 4 \u2013 Am\u00e9lie Les Bains -> Maison foresti\u00e8re de l&rsquo;Estanyol"},"content":{"rendered":"<p><span style=\"text-decoration: underline;\"><strong>Mercredi 17 juillet<\/strong><\/span><\/p>\n<p><iframe style=\"border: 0; width: 100%; height: 540px;\" src=\"https:\/\/www.visugpx.com\/sxAM5XK1kO?iframe&amp;t=4&amp;otm\" scrolling=\"no\" allowfullscreen=\"allowfullscreen\"><span data-mce-type=\"bookmark\" style=\"display: inline-block; width: 0px; overflow: hidden; line-height: 0;\" class=\"mce_SELRES_start\">\ufeff<\/span><\/iframe><br \/>\n<em>A la r\u00e9daction du compte rendu, je r\u00e9alise le peu de photos qu&rsquo;il reste de cette journ\u00e9e. Pourquoi si peu ? Myst\u00e8re, mais probablement que les paysages que nous avons crois\u00e9s ne nous ont pas vraiment marqu\u00e9s au point d&rsquo;avoir envie de les immortaliser par un clich\u00e9 &#8230;.\u00a0<\/em><\/p>\n<p>Apr\u00e8s une bonne nuit, nous quittons Am\u00e9lie Les Bains \u00e0 7h30. L\u2019h\u00f4tel ne proposant pas de petit d\u00e9jeuner avant 8h, nous nous arr\u00eatons dans une bonne boulangerie pour d\u00e9guster des viennoiseries accompagn\u00e9es de th\u00e9 et jus d\u2019orange. Apr\u00e8s avoir travers\u00e9 la rivi\u00e8re qui longe le village par le Nord (Le Tech), nous empruntons un chemin qui nous fait gagner rapidement de l&rsquo;altitude.<\/p>\n<div id=\"attachment_2037\" style=\"width: 2010px\" class=\"wp-caption aligncenter\"><a href=\"https:\/\/photos-et-compagnie.fr\/blog\/wp-content\/uploads\/2024\/08\/p1026297.jpg\"><img aria-describedby=\"caption-attachment-2037\" decoding=\"async\" loading=\"lazy\" class=\"size-full wp-image-2037\" src=\"https:\/\/photos-et-compagnie.fr\/blog\/wp-content\/uploads\/2024\/08\/p1026297.jpg\" alt=\"\" width=\"2000\" height=\"1125\" srcset=\"https:\/\/photos-et-compagnie.fr\/blog\/wp-content\/uploads\/2024\/08\/p1026297.jpg 2000w, https:\/\/photos-et-compagnie.fr\/blog\/wp-content\/uploads\/2024\/08\/p1026297-300x169.jpg 300w, https:\/\/photos-et-compagnie.fr\/blog\/wp-content\/uploads\/2024\/08\/p1026297-1024x576.jpg 1024w, https:\/\/photos-et-compagnie.fr\/blog\/wp-content\/uploads\/2024\/08\/p1026297-768x432.jpg 768w, https:\/\/photos-et-compagnie.fr\/blog\/wp-content\/uploads\/2024\/08\/p1026297-1536x864.jpg 1536w, https:\/\/photos-et-compagnie.fr\/blog\/wp-content\/uploads\/2024\/08\/p1026297-400x225.jpg 400w, https:\/\/photos-et-compagnie.fr\/blog\/wp-content\/uploads\/2024\/08\/p1026297-840x473.jpg 840w\" sizes=\"(max-width: 2000px) 100vw, 2000px\" \/><\/a><p id=\"caption-attachment-2037\" class=\"wp-caption-text\">Bye Bye Am\u00e9lie !<\/p><\/div>\n<p>Nous ferons un premier arr\u00eat dans le charmant hameau de Montbolo pour faire le plein d\u2019eau. Il est encore t\u00f4t mais le soleil est d\u00e9j\u00e0 bien pr\u00e9sent, heureusement nous cheminerons une bonne partie de la journ\u00e9e en sous-bois.<\/p>\n<p>Notre second arr\u00eat sera au Col de la Reducta, o\u00f9 la source coule encore et nous permet de remplir les gourdes une fois de plus \u2026. Et o\u00f9 nous avons la surprise de voir arriver Corentin, qui arrive d\u2019Am\u00e9lie depuis un chemin diff\u00e9rent de celui que nous avons emprunt\u00e9 ! Nous partagerons un bout de route avec lui jusqu\u2019\u00e0 ce qu\u2019il acc\u00e9l\u00e8re le rythme et nous distance.<\/p>\n<p>Apr\u00e8s le col de la Reducta, le chemin monte dans la for\u00eat, avec une alternance de parties tr\u00e8s raides et d\u2019autres quasiment horizontales. A la sortie de la for\u00eat, nous passons les restes de b\u00e2timents issus de l\u2019\u00e9poque de l\u2019activit\u00e9 mini\u00e8re\u00a0: l\u2019ancienne gare de Formentera si l\u2019on en croit la carte IGN. Le sentier poursuit ensuite \u00e0 d\u00e9couvert et \u00e0 flanc jusqu\u2019au col du m\u00eame nom.<\/p>\n<div id=\"attachment_2038\" style=\"width: 2010px\" class=\"wp-caption aligncenter\"><a href=\"https:\/\/photos-et-compagnie.fr\/blog\/wp-content\/uploads\/2024\/08\/20240717_104910.jpg\"><img aria-describedby=\"caption-attachment-2038\" decoding=\"async\" loading=\"lazy\" class=\"size-full wp-image-2038\" src=\"https:\/\/photos-et-compagnie.fr\/blog\/wp-content\/uploads\/2024\/08\/20240717_104910.jpg\" alt=\"\" width=\"2000\" height=\"1500\" srcset=\"https:\/\/photos-et-compagnie.fr\/blog\/wp-content\/uploads\/2024\/08\/20240717_104910.jpg 2000w, https:\/\/photos-et-compagnie.fr\/blog\/wp-content\/uploads\/2024\/08\/20240717_104910-300x225.jpg 300w, https:\/\/photos-et-compagnie.fr\/blog\/wp-content\/uploads\/2024\/08\/20240717_104910-1024x768.jpg 1024w, https:\/\/photos-et-compagnie.fr\/blog\/wp-content\/uploads\/2024\/08\/20240717_104910-768x576.jpg 768w, https:\/\/photos-et-compagnie.fr\/blog\/wp-content\/uploads\/2024\/08\/20240717_104910-1536x1152.jpg 1536w, https:\/\/photos-et-compagnie.fr\/blog\/wp-content\/uploads\/2024\/08\/20240717_104910-400x300.jpg 400w, https:\/\/photos-et-compagnie.fr\/blog\/wp-content\/uploads\/2024\/08\/20240717_104910-840x630.jpg 840w\" sizes=\"(max-width: 2000px) 100vw, 2000px\" \/><\/a><p id=\"caption-attachment-2038\" class=\"wp-caption-text\">Entre l&rsquo;ancienne gare mini\u00e8re de Formentera et le col du m\u00eame nom.<\/p><\/div>\n<p>Apr\u00e8s le col, nous continuons un peu en sous bois<\/p>\n<div id=\"attachment_2039\" style=\"width: 2010px\" class=\"wp-caption aligncenter\"><a href=\"https:\/\/photos-et-compagnie.fr\/blog\/wp-content\/uploads\/2024\/08\/p1026303.jpg\"><img aria-describedby=\"caption-attachment-2039\" decoding=\"async\" loading=\"lazy\" class=\"size-full wp-image-2039\" src=\"https:\/\/photos-et-compagnie.fr\/blog\/wp-content\/uploads\/2024\/08\/p1026303.jpg\" alt=\"\" width=\"2000\" height=\"1334\" srcset=\"https:\/\/photos-et-compagnie.fr\/blog\/wp-content\/uploads\/2024\/08\/p1026303.jpg 2000w, https:\/\/photos-et-compagnie.fr\/blog\/wp-content\/uploads\/2024\/08\/p1026303-300x200.jpg 300w, https:\/\/photos-et-compagnie.fr\/blog\/wp-content\/uploads\/2024\/08\/p1026303-1024x683.jpg 1024w, https:\/\/photos-et-compagnie.fr\/blog\/wp-content\/uploads\/2024\/08\/p1026303-768x512.jpg 768w, https:\/\/photos-et-compagnie.fr\/blog\/wp-content\/uploads\/2024\/08\/p1026303-1536x1025.jpg 1536w, https:\/\/photos-et-compagnie.fr\/blog\/wp-content\/uploads\/2024\/08\/p1026303-400x267.jpg 400w, https:\/\/photos-et-compagnie.fr\/blog\/wp-content\/uploads\/2024\/08\/p1026303-840x560.jpg 840w\" sizes=\"(max-width: 2000px) 100vw, 2000px\" \/><\/a><p id=\"caption-attachment-2039\" class=\"wp-caption-text\">Rencontre en sous bois<\/p><\/div>\n<p>avant de sortir de la for\u00eat et de rejoindre une large piste qui nous m\u00e8ne \u00e0 la Tour de Bat\u00e8re.<\/p>\n<div id=\"attachment_2040\" style=\"width: 1344px\" class=\"wp-caption aligncenter\"><a href=\"https:\/\/photos-et-compagnie.fr\/blog\/wp-content\/uploads\/2024\/08\/p1026306.jpg\"><img aria-describedby=\"caption-attachment-2040\" decoding=\"async\" loading=\"lazy\" class=\"size-full wp-image-2040\" src=\"https:\/\/photos-et-compagnie.fr\/blog\/wp-content\/uploads\/2024\/08\/p1026306.jpg\" alt=\"\" width=\"1334\" height=\"2000\" srcset=\"https:\/\/photos-et-compagnie.fr\/blog\/wp-content\/uploads\/2024\/08\/p1026306.jpg 1334w, https:\/\/photos-et-compagnie.fr\/blog\/wp-content\/uploads\/2024\/08\/p1026306-200x300.jpg 200w, https:\/\/photos-et-compagnie.fr\/blog\/wp-content\/uploads\/2024\/08\/p1026306-683x1024.jpg 683w, https:\/\/photos-et-compagnie.fr\/blog\/wp-content\/uploads\/2024\/08\/p1026306-768x1151.jpg 768w, https:\/\/photos-et-compagnie.fr\/blog\/wp-content\/uploads\/2024\/08\/p1026306-1025x1536.jpg 1025w, https:\/\/photos-et-compagnie.fr\/blog\/wp-content\/uploads\/2024\/08\/p1026306-1024x1535.jpg 1024w, https:\/\/photos-et-compagnie.fr\/blog\/wp-content\/uploads\/2024\/08\/p1026306-400x600.jpg 400w, https:\/\/photos-et-compagnie.fr\/blog\/wp-content\/uploads\/2024\/08\/p1026306-840x1259.jpg 840w\" sizes=\"(max-width: 1334px) 100vw, 1334px\" \/><\/a><p id=\"caption-attachment-2040\" class=\"wp-caption-text\">Tour de Bat\u00e8re<\/p><\/div>\n<p>Au pied de cette tour, nous allons trouver un peu d\u2019ombre pour prendre notre pique-nique, et avoir la chance de pouvoir observer nos premiers vautours de la randonn\u00e9e (spoiler : ce ne seront pas les derniers &#x1f60a;).<\/p>\n<p>Apr\u00e8s manger, nous reprenons notre marche sur une large piste poussi\u00e9reuse en plein soleil \u2026 clairement pas la partie la plus chouette de la journ\u00e9e &#x2639;. Nous finirons m\u00eame par quelques centaines de m\u00e8tres sur le goudron pour arriver au g\u00eete de Bat\u00e8re o\u00f9 nous reprenons de l\u2019eau. Le g\u00eete est un ancien logement pour les mineurs qui travaillaient dans les mines de fer. Il est coll\u00e9 \u00e0 la route, beaucoup de voitures gar\u00e9es un peu partout, et la terrasse est compl\u00e8te. Cela ne donne pas vraiment envie de nous attarder, mais il fait chaud et nous avons besoin d&rsquo;une pause. Heureusement, nous trouvons un coin herbeux et ombrag\u00e9 un peu plus haut, \u00e0 l&rsquo;\u00e9cart de la route, o\u00f9 nous pouvons faire une bonne sieste \u00e0 l&rsquo;abri de la chaleur.<\/p>\n<p>Une heure plus tard le ciel s\u2019est un peu couvert, c\u2019est le signal du d\u00e9part ! Il nous reste 300 derniers m\u00e8tres de d\u00e9nivel\u00e9 pour atteindre le col de la Cir\u00e8re (1731 m), notre point culminant du jour. Depuis le col, nous n&rsquo;avons plus qu&rsquo;\u00e0 redescendre au travers de la for\u00eat pour rejoindre la maison foresti\u00e8re de l\u2019Estanyol o\u00f9 nous avons pr\u00e9vu de nous arr\u00eater.<\/p>\n<div id=\"attachment_2041\" style=\"width: 2010px\" class=\"wp-caption aligncenter\"><a href=\"https:\/\/photos-et-compagnie.fr\/blog\/wp-content\/uploads\/2024\/08\/img_4747.jpg\"><img aria-describedby=\"caption-attachment-2041\" decoding=\"async\" loading=\"lazy\" class=\"size-full wp-image-2041\" src=\"https:\/\/photos-et-compagnie.fr\/blog\/wp-content\/uploads\/2024\/08\/img_4747.jpg\" alt=\"\" width=\"2000\" height=\"1500\" srcset=\"https:\/\/photos-et-compagnie.fr\/blog\/wp-content\/uploads\/2024\/08\/img_4747.jpg 2000w, https:\/\/photos-et-compagnie.fr\/blog\/wp-content\/uploads\/2024\/08\/img_4747-300x225.jpg 300w, https:\/\/photos-et-compagnie.fr\/blog\/wp-content\/uploads\/2024\/08\/img_4747-1024x768.jpg 1024w, https:\/\/photos-et-compagnie.fr\/blog\/wp-content\/uploads\/2024\/08\/img_4747-768x576.jpg 768w, https:\/\/photos-et-compagnie.fr\/blog\/wp-content\/uploads\/2024\/08\/img_4747-1536x1152.jpg 1536w, https:\/\/photos-et-compagnie.fr\/blog\/wp-content\/uploads\/2024\/08\/img_4747-400x300.jpg 400w, https:\/\/photos-et-compagnie.fr\/blog\/wp-content\/uploads\/2024\/08\/img_4747-840x630.jpg 840w\" sizes=\"(max-width: 2000px) 100vw, 2000px\" \/><\/a><p id=\"caption-attachment-2041\" class=\"wp-caption-text\">Maison foresti\u00e8re de l&rsquo;Estanyol<\/p><\/div>\n<p>Ayant lu quelques messages sur internet faisant \u00e9tat de punaises de lit dans cette cabane, nous pr\u00e9f\u00e9rons jouer la s\u00e9curit\u00e9 (et la tranquillit\u00e9, puisque 3 autres personnes rejoignent \u00e9galement la cabane apr\u00e8s notre arriv\u00e9e) et planter la tente \u00e0 proximit\u00e9.<\/p>\n<div id=\"attachment_2042\" style=\"width: 2010px\" class=\"wp-caption aligncenter\"><a href=\"https:\/\/photos-et-compagnie.fr\/blog\/wp-content\/uploads\/2024\/08\/img_4749.jpg\"><img aria-describedby=\"caption-attachment-2042\" decoding=\"async\" loading=\"lazy\" class=\"size-full wp-image-2042\" src=\"https:\/\/photos-et-compagnie.fr\/blog\/wp-content\/uploads\/2024\/08\/img_4749.jpg\" alt=\"\" width=\"2000\" height=\"1500\" srcset=\"https:\/\/photos-et-compagnie.fr\/blog\/wp-content\/uploads\/2024\/08\/img_4749.jpg 2000w, https:\/\/photos-et-compagnie.fr\/blog\/wp-content\/uploads\/2024\/08\/img_4749-300x225.jpg 300w, https:\/\/photos-et-compagnie.fr\/blog\/wp-content\/uploads\/2024\/08\/img_4749-1024x768.jpg 1024w, https:\/\/photos-et-compagnie.fr\/blog\/wp-content\/uploads\/2024\/08\/img_4749-768x576.jpg 768w, https:\/\/photos-et-compagnie.fr\/blog\/wp-content\/uploads\/2024\/08\/img_4749-1536x1152.jpg 1536w, https:\/\/photos-et-compagnie.fr\/blog\/wp-content\/uploads\/2024\/08\/img_4749-400x300.jpg 400w, https:\/\/photos-et-compagnie.fr\/blog\/wp-content\/uploads\/2024\/08\/img_4749-840x630.jpg 840w\" sizes=\"(max-width: 2000px) 100vw, 2000px\" \/><\/a><p id=\"caption-attachment-2042\" class=\"wp-caption-text\">Pr\u00eats pour le bivouac<\/p><\/div>\n<p>En pr\u00e9parant les affaires pour la nuit, mauvaise surprise, je me rends compte que j\u2019ai oubli\u00e9 mon t-shirt manche longue au restaurant \u00e0 Am\u00e9lie. Un petit coup de fil, il est bien l\u00e0-bas mais m\u00eame moyennant finances le patron ne veut pas prendre la peine de me le renvoyer. La soir\u00e9e commencera donc par une commande D\u00e9cathlon pour faire livrer un nouveau t-shirt chez ma belle-s\u0153ur qui doit nous ravitailler \u00e0 Mounicou dans un peu plus d\u2019une semaine. D\u2019ici-l\u00e0 je vais devoir faire sans, mais vue la chaleur actuelle ce n\u2019est pas tr\u00e8s grave\u00a0&#x1f60a;<\/p>\n","protected":false},"excerpt":{"rendered":"<p>Mercredi 17 juillet \ufeff A la r\u00e9daction du compte rendu, je r\u00e9alise le peu de photos qu&rsquo;il reste de cette journ\u00e9e. Pourquoi si peu ? Myst\u00e8re, mais probablement que les paysages que nous avons crois\u00e9s ne nous ont pas vraiment marqu\u00e9s au point d&rsquo;avoir envie de les immortaliser par un clich\u00e9 &#8230;.\u00a0 Apr\u00e8s une bonne nuit, nous quittons Am\u00e9lie Les Bains \u00e0 7h30. L\u2019h\u00f4tel ne proposant pas de petit d\u00e9jeuner avant 8h, nous nous arr\u00eatons dans une bonne boulangerie pour d\u00e9guster des viennoiseries accompagn\u00e9es de th\u00e9 et jus d\u2019orange. Apr\u00e8s avoir travers\u00e9 la rivi\u00e8re qui longe le village par le Nord (Le Tech), nous empruntons un chemin qui nous fait gagner rapidement de l&rsquo;altitude. Nous ferons un premier arr\u00eat dans le charmant hameau de Montbolo pour faire le plein d\u2019eau. Il est encore t\u00f4t mais le soleil est d\u00e9j\u00e0 bien pr\u00e9sent, heureusement nous cheminerons une bonne partie de la journ\u00e9e..<\/p>\n","protected":false},"author":1,"featured_media":0,"comment_status":"open","ping_status":"open","sticky":false,"template":"","format":"standard","meta":[],"categories":[11],"tags":[],"_links":{"self":[{"href":"https:\/\/photos-et-compagnie.fr\/blog\/wp-json\/wp\/v2\/posts\/2036"}],"collection":[{"href":"https:\/\/photos-et-compagnie.fr\/blog\/wp-json\/wp\/v2\/posts"}],"about":[{"href":"https:\/\/photos-et-compagnie.fr\/blog\/wp-json\/wp\/v2\/types\/post"}],"author":[{"embeddable":true,"href":"https:\/\/photos-et-compagnie.fr\/blog\/wp-json\/wp\/v2\/users\/1"}],"replies":[{"embeddable":true,"href":"https:\/\/photos-et-compagnie.fr\/blog\/wp-json\/wp\/v2\/comments?post=2036"}],"version-history":[{"count":7,"href":"https:\/\/photos-et-compagnie.fr\/blog\/wp-json\/wp\/v2\/posts\/2036\/revisions"}],"predecessor-version":[{"id":2082,"href":"https:\/\/photos-et-compagnie.fr\/blog\/wp-json\/wp\/v2\/posts\/2036\/revisions\/2082"}],"wp:attachment":[{"href":"https:\/\/photos-et-compagnie.fr\/blog\/wp-json\/wp\/v2\/media?parent=2036"}],"wp:term":[{"taxonomy":"category","embeddable":true,"href":"https:\/\/photos-et-compagnie.fr\/blog\/wp-json\/wp\/v2\/categories?post=2036"},{"taxonomy":"post_tag","embeddable":true,"href":"https:\/\/photos-et-compagnie.fr\/blog\/wp-json\/wp\/v2\/tags?post=2036"}],"curies":[{"name":"wp","href":"https:\/\/api.w.org\/{rel}","templated":true}]}}