{"id":205,"date":"2014-08-03T12:11:20","date_gmt":"2014-08-03T10:11:20","guid":{"rendered":"http:\/\/photos-et-compagnie.fr\/blog\/?p=205"},"modified":"2014-08-03T12:11:20","modified_gmt":"2014-08-03T10:11:20","slug":"mercredi-9-juillet","status":"publish","type":"post","link":"https:\/\/photos-et-compagnie.fr\/blog\/2014\/08\/mercredi-9-juillet\/","title":{"rendered":"Mercredi 9 juillet"},"content":{"rendered":"<p style=\"text-align: justify;\"><span style=\"text-decoration: underline;\"><strong>Itin\u00e9raire<\/strong><\/span><\/p>\n<p style=\"text-align: justify;\"><a href=\"https:\/\/lh6.googleusercontent.com\/-776tVIPaqNo\/U8kndTps9jI\/AAAAAAAAE-A\/k7RRO_HPyY0\/w757-h421-no\/Capture.JPG\"><img decoding=\"async\" loading=\"lazy\" class=\"aligncenter\" src=\"https:\/\/lh6.googleusercontent.com\/-776tVIPaqNo\/U8kndTps9jI\/AAAAAAAAE-A\/k7RRO_HPyY0\/w757-h421-no\/Capture.JPG\" alt=\"\" width=\"757\" height=\"421\" \/><\/a><\/p>\n<p style=\"text-align: justify;\">Derni\u00e8re journ\u00e9e en Islande pour mes trois compagnons de route. Leur avion d\u00e9collant dans l&rsquo;apr\u00e8s midi, nous passons la matin\u00e9e \u00e0 fl\u00e2ner dans Reykjavik. Compte tenu de la taille de la ville, en deux heures nous avons le temps de sillonner une bonne partie du centre &#8230;<\/p>\n<div style=\"width: 1010px\" class=\"wp-caption aligncenter\"><a href=\"https:\/\/lh6.googleusercontent.com\/-q9kklbrZaPU\/U90tzdnEVeI\/AAAAAAAAFjQ\/y92sM0eyKMc\/w1000-h667-no\/IMG_5555.JPG\"><img decoding=\"async\" loading=\"lazy\" src=\"https:\/\/lh6.googleusercontent.com\/-q9kklbrZaPU\/U90tzdnEVeI\/AAAAAAAAFjQ\/y92sM0eyKMc\/w1000-h667-no\/IMG_5555.JPG\" alt=\"\" width=\"1000\" height=\"667\" \/><\/a><p class=\"wp-caption-text\">Reykjavik (1)<\/p><\/div>\n<div style=\"width: 559px\" class=\"wp-caption aligncenter\"><a href=\"https:\/\/lh3.googleusercontent.com\/-XEijDtSgnvQ\/U90t0DB_NWI\/AAAAAAAAFjc\/WKPEyh7vkHM\/w549-h823-no\/IMG_5560.JPG\"><img decoding=\"async\" loading=\"lazy\" src=\"https:\/\/lh3.googleusercontent.com\/-XEijDtSgnvQ\/U90t0DB_NWI\/AAAAAAAAFjc\/WKPEyh7vkHM\/w549-h823-no\/IMG_5560.JPG\" alt=\"\" width=\"549\" height=\"823\" \/><\/a><p class=\"wp-caption-text\">Reykjavik (2)<\/p><\/div>\n<p style=\"text-align: justify;\">&#8230; et d\u2019appr\u00e9cier l&rsquo;humour des islandais, qui ne manquent pas d&rsquo;imagination pour nommer leurs bars et caf\u00e9s : entre autre exemples marquants, le Lebowski Bar et le Chuck Norris Gril !<\/p>\n<div style=\"width: 1010px\" class=\"wp-caption aligncenter\"><a href=\"https:\/\/lh4.googleusercontent.com\/-MJcY1JwH4Lw\/U90t0oh7API\/AAAAAAAAFjg\/NtTsBQ7eIUw\/w1000-h667-no\/IMG_5561.JPG\"><img decoding=\"async\" loading=\"lazy\" src=\"https:\/\/lh4.googleusercontent.com\/-MJcY1JwH4Lw\/U90t0oh7API\/AAAAAAAAFjg\/NtTsBQ7eIUw\/w1000-h667-no\/IMG_5561.JPG\" alt=\"\" width=\"1000\" height=\"667\" \/><\/a><p class=\"wp-caption-text\">Reykjavik (3)<\/p><\/div>\n<p style=\"text-align: justify;\">Nous poussons \u00e9galement jusqu&rsquo;au front de mer, o\u00f9 se trouvent le Harpa, salle de concert ultra moderne dont le motif des plafonds rappelle les orgues basaltiques &#8230;<\/p>\n<div style=\"width: 1010px\" class=\"wp-caption aligncenter\"><a href=\"https:\/\/lh6.googleusercontent.com\/-XXlrodokLJw\/U90txyES_iI\/AAAAAAAAFjE\/Omen4ErMz8o\/w1000-h667-no\/IMG_5553.JPG\"><img decoding=\"async\" loading=\"lazy\" src=\"https:\/\/lh6.googleusercontent.com\/-XXlrodokLJw\/U90txyES_iI\/AAAAAAAAFjE\/Omen4ErMz8o\/w1000-h667-no\/IMG_5553.JPG\" alt=\"\" width=\"1000\" height=\"667\" \/><\/a><p class=\"wp-caption-text\">Plafond, Harpa, Reykjavik<\/p><\/div>\n<p style=\"text-align: justify;\">&#8230;. et le \u00ab\u00a0Sun Craft\u00a0\u00bb, c\u00e9l\u00e8bre sculpture \u00e9pur\u00e9e en forme de drakkar.<\/p>\n<div style=\"width: 1010px\" class=\"wp-caption aligncenter\"><a href=\"https:\/\/lh3.googleusercontent.com\/-lifU1SwfZGU\/U90twc_7cnI\/AAAAAAAAFi4\/4lDFkF1DqH0\/w1000-h667-no\/IMG_5545-Modifier.JPG\"><img decoding=\"async\" loading=\"lazy\" src=\"https:\/\/lh3.googleusercontent.com\/-lifU1SwfZGU\/U90twc_7cnI\/AAAAAAAAFi4\/4lDFkF1DqH0\/w1000-h667-no\/IMG_5545-Modifier.JPG\" alt=\"\" width=\"1000\" height=\"667\" \/><\/a><p class=\"wp-caption-text\">Sun Craft, Reykjavik (1)<\/p><\/div>\n<div style=\"width: 1010px\" class=\"wp-caption aligncenter\"><a href=\"https:\/\/lh3.googleusercontent.com\/-mZEXRwqvwA8\/U90tyU95npI\/AAAAAAAAFjI\/n8YjCf2PY7s\/w1000-h667-no\/IMG_5547.JPG\"><img decoding=\"async\" loading=\"lazy\" src=\"https:\/\/lh3.googleusercontent.com\/-mZEXRwqvwA8\/U90tyU95npI\/AAAAAAAAFjI\/n8YjCf2PY7s\/w1000-h667-no\/IMG_5547.JPG\" alt=\"\" width=\"1000\" height=\"667\" \/><\/a><p class=\"wp-caption-text\">Sun Craft, Reykjavik (2)<\/p><\/div>\n<p style=\"text-align: justify;\">Il est maintenant temps de rejoindre l&rsquo;a\u00e9roport. Apr\u00e8s avoir troqu\u00e9 le 4&#215;4 des dix premiers jours pour une voiture \u00ab\u00a0de ville\u00a0\u00bb, et avoir pris un dernier pique nique dans le hall, je laisse mes comparses reprendre le chemin de la France et vais m&rsquo;installer dans ma chambre d&rsquo;h\u00f4tel.<\/p>\n<p style=\"text-align: justify;\">Karine n&rsquo;arrivant que tard dans le soir\u00e9e, je pensais profiter de l&rsquo;apr\u00e8s midi pour visiter la p\u00e9ninsule de Reykjanes, mais compte tenu de la m\u00e9t\u00e9o (plafond nuageux excessivement bas, et pluie &#8230;.), je ne quitterai finalement pas l&rsquo;h\u00f4tel, profitant du temps \u00e0 ma disposition pour \u00e9crire quelques mails, me reposer &#8230;. et faire s\u00e9cher l&rsquo;ensemble de mes affaires de camping !<\/p>\n<p style=\"text-align: justify;\"><a href=\"https:\/\/lh6.googleusercontent.com\/-X11nf7xRReA\/U90v9kaz6lI\/AAAAAAAAFj8\/61drSWwSMVU\/w1000-h667-no\/IMG_2347.JPG\"><img decoding=\"async\" loading=\"lazy\" class=\"aligncenter\" src=\"https:\/\/lh6.googleusercontent.com\/-X11nf7xRReA\/U90v9kaz6lI\/AAAAAAAAFj8\/61drSWwSMVU\/w1000-h667-no\/IMG_2347.JPG\" alt=\"\" width=\"1000\" height=\"667\" \/><\/a><\/p>\n<p style=\"text-align: justify;\">L&rsquo;avion de Karine arrive comme pr\u00e9vu vers une heure du matin, marquant le d\u00e9but de la seconde partie du s\u00e9jour : h\u00e9bergement en dur et repas du soir au restaurant, un changement plut\u00f4t sympathique apr\u00e8s dix jours de camping !<\/p>\n<p style=\"text-align: justify;\"><a title=\"Mardi 8 juillet\" href=\"http:\/\/photos-et-compagnie.fr\/blog\/2014\/08\/mardi-8-juillet\/\">Mardi 8 juillet<\/a>\u00a0\u00a0\u00a0\u00a0\u00a0\u00a0\u00a0\u00a0\u00a0\u00a0\u00a0\u00a0\u00a0\u00a0\u00a0\u00a0\u00a0\u00a0\u00a0\u00a0\u00a0\u00a0\u00a0\u00a0\u00a0\u00a0\u00a0\u00a0\u00a0\u00a0\u00a0\u00a0\u00a0\u00a0\u00a0\u00a0\u00a0\u00a0\u00a0\u00a0\u00a0\u00a0\u00a0\u00a0\u00a0\u00a0\u00a0\u00a0\u00a0\u00a0\u00a0\u00a0\u00a0\u00a0\u00a0\u00a0\u00a0\u00a0\u00a0\u00a0\u00a0\u00a0\u00a0\u00a0\u00a0\u00a0\u00a0\u00a0\u00a0\u00a0\u00a0\u00a0\u00a0\u00a0\u00a0\u00a0\u00a0\u00a0\u00a0\u00a0\u00a0\u00a0\u00a0\u00a0\u00a0\u00a0\u00a0\u00a0 <a title=\"Jeudi 10 juillet\" href=\"http:\/\/photos-et-compagnie.fr\/blog\/2014\/08\/jeudi-10-juillet\/\">Jeudi 10 juillet<\/a><\/p>\n","protected":false},"excerpt":{"rendered":"<p>Itin\u00e9raire Derni\u00e8re journ\u00e9e en Islande pour mes trois compagnons de route. Leur avion d\u00e9collant dans l&rsquo;apr\u00e8s midi, nous passons la matin\u00e9e \u00e0 fl\u00e2ner dans Reykjavik. Compte tenu de la taille de la ville, en deux heures nous avons le temps de sillonner une bonne partie du centre &#8230; &#8230; et d\u2019appr\u00e9cier l&rsquo;humour des islandais, qui ne manquent pas d&rsquo;imagination pour nommer leurs bars et caf\u00e9s : entre autre exemples marquants, le Lebowski Bar et le Chuck Norris Gril ! Nous poussons \u00e9galement jusqu&rsquo;au front de mer, o\u00f9 se trouvent le Harpa, salle de concert ultra moderne dont le motif des plafonds rappelle les orgues basaltiques &#8230; &#8230;. et le \u00ab\u00a0Sun Craft\u00a0\u00bb, c\u00e9l\u00e8bre sculpture \u00e9pur\u00e9e en forme de drakkar. Il est maintenant temps de rejoindre l&rsquo;a\u00e9roport. Apr\u00e8s avoir troqu\u00e9 le 4&#215;4 des dix premiers jours pour une voiture \u00ab\u00a0de ville\u00a0\u00bb, et avoir pris un dernier pique nique dans le hall, je..<\/p>\n","protected":false},"author":1,"featured_media":0,"comment_status":"open","ping_status":"open","sticky":false,"template":"","format":"standard","meta":[],"categories":[3],"tags":[],"_links":{"self":[{"href":"https:\/\/photos-et-compagnie.fr\/blog\/wp-json\/wp\/v2\/posts\/205"}],"collection":[{"href":"https:\/\/photos-et-compagnie.fr\/blog\/wp-json\/wp\/v2\/posts"}],"about":[{"href":"https:\/\/photos-et-compagnie.fr\/blog\/wp-json\/wp\/v2\/types\/post"}],"author":[{"embeddable":true,"href":"https:\/\/photos-et-compagnie.fr\/blog\/wp-json\/wp\/v2\/users\/1"}],"replies":[{"embeddable":true,"href":"https:\/\/photos-et-compagnie.fr\/blog\/wp-json\/wp\/v2\/comments?post=205"}],"version-history":[{"count":0,"href":"https:\/\/photos-et-compagnie.fr\/blog\/wp-json\/wp\/v2\/posts\/205\/revisions"}],"wp:attachment":[{"href":"https:\/\/photos-et-compagnie.fr\/blog\/wp-json\/wp\/v2\/media?parent=205"}],"wp:term":[{"taxonomy":"category","embeddable":true,"href":"https:\/\/photos-et-compagnie.fr\/blog\/wp-json\/wp\/v2\/categories?post=205"},{"taxonomy":"post_tag","embeddable":true,"href":"https:\/\/photos-et-compagnie.fr\/blog\/wp-json\/wp\/v2\/tags?post=205"}],"curies":[{"name":"wp","href":"https:\/\/api.w.org\/{rel}","templated":true}]}}