{"id":2084,"date":"2024-07-13T14:14:46","date_gmt":"2024-07-13T14:14:46","guid":{"rendered":"https:\/\/photos-et-compagnie.fr\/blog\/?p=2084"},"modified":"2024-09-15T09:52:56","modified_gmt":"2024-09-15T09:52:56","slug":"hrp-2024-sommaire","status":"publish","type":"post","link":"https:\/\/photos-et-compagnie.fr\/blog\/2024\/07\/hrp-2024-sommaire\/","title":{"rendered":"HRP 2024 &#8211; Sommaire"},"content":{"rendered":"<p>Mon d\u00e9but de travers\u00e9e des Alpes sur la Transalpes en <a href=\"https:\/\/photos-et-compagnie.fr\/blog\/2022\/07\/transalpes-2022-sommaire\/\" target=\"_blank\" rel=\"noopener\">2022<\/a> et <a href=\"https:\/\/photos-et-compagnie.fr\/blog\/2023\/07\/transalpes-2023-sommaire\/\" target=\"_blank\" rel=\"noopener\">2023<\/a> m&rsquo;ayant donn\u00e9 le virus de la randonn\u00e9e itin\u00e9rante, et m&rsquo;ayant aussi rassur\u00e9 sur ma capacit\u00e9 \u00e0 encha\u00eener une dizaines de jours de marche sans lassitude ni fatigue excessive, 2024 a \u00e9t\u00e9 l&rsquo;occasion de concr\u00e9tiser un projet qui me trottait dans la t\u00eate depuis quelques ann\u00e9es : traverser les Pyr\u00e9n\u00e9es de la M\u00e9diterran\u00e9e \u00e0 l\u2019Atlantique par la HRP. Comme le m\u00eame projet trottait dans la t\u00eate de mon fr\u00e8re Samuel, et que les plan\u00e8tes se sont align\u00e9es pour nous permettre de prendre cinq semaines de vacances \u00e0 l&rsquo;\u00e9t\u00e9 2024, nous nous sommes lanc\u00e9s dans l&rsquo;aventure !<\/p>\n<p><span style=\"text-decoration: underline;\"><strong>La HRP c&rsquo;est quoi ?<\/strong><\/span><\/p>\n<p>Plusieurs choix s&rsquo;offrent \u00e0 qui veut tenter l&rsquo;aventure de la travers\u00e9e des Pyr\u00e9n\u00e9es \u00e0 pied. Les deux premiers sont des GRs bien balis\u00e9s : le GR10 c\u00f4t\u00e9 fran\u00e7ais, et le GR11 c\u00f4t\u00e9 espagnol.<\/p>\n<p>Et puis il y a la HRP ou \u00ab\u00a0Haute Route Pyr\u00e9n\u00e9enne\u00a0\u00bb &#8230; Plus qu&rsquo;un itin\u00e9raire bien d\u00e9fini (il y a presque autant de HRP diff\u00e9rentes que de HRPistes), il s&rsquo;agit d&rsquo;une approche particuli\u00e8re : traverser les Pyr\u00e9n\u00e9es de bout en bout, en tra\u00e7ant au plus court et en restant au plus pr\u00e8s des cr\u00eates fronti\u00e8re.<\/p>\n<p>C&rsquo;est cette \u00ab\u00a0philosophie\u00a0\u00bb qui fait que la HRP se distingue radicalement des deux GRs :<\/p>\n<ul>\n<li>elle est sensiblement plus courte en distance (plus de 900 km pour le GR10 contre \u00ab\u00a0seulement\u00a0\u00bb 750 km en moyenne pour la HRP),<\/li>\n<li>elle est \u00e9galement plus \u00ab\u00a0raisonnable\u00a0\u00bb en termes de d\u00e9nivel\u00e9 (les GRs redescendent tr\u00e8s r\u00e9guli\u00e8rement dans les villages, quand la HRP reste en altitude)<\/li>\n<li>cons\u00e9quence directe du point pr\u00e9c\u00e9dent, l&rsquo;approvisionnement est plus probl\u00e9matique que pour les GRs, et demande un peu d&rsquo;organisation,<\/li>\n<li>elle ne poss\u00e8de pas de balisage sp\u00e9cifiques, empruntant en fonction des endroits le GR10, le GR11 ou d&rsquo;autres chemin, balis\u00e9s ou non,<\/li>\n<li>elle n\u00e9cessite d&rsquo;\u00e9voluer r\u00e9guli\u00e8rement dans des environnement plus \u00ab\u00a0montagne\u00a0\u00bb (chaos de blocs, caillasse, pentes herbeuses, n\u00e9v\u00e9s parfois).<\/li>\n<\/ul>\n<p><span style=\"text-decoration: underline;\"><strong>Les photos<\/strong><\/span><\/p>\n<p>La photo n&rsquo;\u00e9tait pas le but principal du voyage, mais j&rsquo;ai bien entendu pris un appareil avec moi : mon petit Panasonic Lumix LX100 M2. Il est beaucoup plus raisonnable qu&rsquo;un reflex au niveau poids (400 grammes sur la balance), et sa qualit\u00e9 d&rsquo;image me bluffe toujours autant (*). Bien entendu, au vu des conditions de l&rsquo;aventure, hors de question de passer des heures \u00e0 attendre la bonne lumi\u00e8re. Le travail photographique s&rsquo;est donc limit\u00e9 \u00e0 celui de composer une image avec les conditions de lumi\u00e8re du moment &#8230; et elles \u00e9taient souvent compliqu\u00e9es (lumi\u00e8re dure et forts contrastes) vue la m\u00e9t\u00e9o dont nous avons b\u00e9n\u00e9fici\u00e9.<\/p>\n<p>Je vous propose <a href=\"https:\/\/photos-et-compagnie.fr\/blog\/gallery\/hrp-2024\/\" target=\"_blank\" rel=\"noopener\">ici<\/a> une s\u00e9lection de mes images pr\u00e9f\u00e9r\u00e9es. Chacune d&rsquo;elle se retrouve bien entendu dans le r\u00e9cit de la journ\u00e9e associ\u00e9e, mais je les ai rassembl\u00e9 pour que ceux qui n&rsquo;ont pas le courage de lire l\u2019ensemble du r\u00e9cit puissent en profiter &#8230; et qui sait avoir envie de se lancer dans la lecture compl\u00e8te <img decoding=\"async\" loading=\"lazy\" class=\"smilies\" title=\"Clin d\u00e2\u20ac\u2122\u00c5\u201cil\" src=\"https:\/\/forum.apran.fr\/images\/smilies\/icon_e_wink.gif\" alt=\";)\" width=\"15\" height=\"17\" \/>.<\/p>\n<p><em>(*) J&rsquo;ai aussi inclus dans mon r\u00e9cit quelques photos faites avec nos smartphones. La qualit\u00e9 d&rsquo;image est beaucoup moins bonne (voire pour certaines \u00e0 la limite de la \u00ab\u00a0bouillie de pixels\u00a0\u00bb <img decoding=\"async\" loading=\"lazy\" class=\"smilies\" title=\"Rigole\" src=\"https:\/\/forum.apran.fr\/images\/smilies\/icon_lol.gif\" alt=\":lol:\" width=\"15\" height=\"17\" \/>), mais elle m&rsquo;ont permis d&rsquo;illustrer certains moment que je n&rsquo;avais pas captur\u00e9 avec l&rsquo;appareil photo.<\/em><\/p>\n<p><span style=\"text-decoration: underline;\"><strong>Pourquoi un r\u00e9cit ?<\/strong><\/span><\/p>\n<p>Sans grande originalit\u00e9, pour les m\u00eames raisons que les pr\u00e9c\u00e9dents r\u00e9cits :<\/p>\n<ul>\n<li>pour vous faire partager cette marche au long cours,<\/li>\n<li>pour fournir des informations \u00e0 ceux qui auraient le projet d&rsquo;entreprendre une randonn\u00e9e similaire,<\/li>\n<li>mais aussi pour pallier \u00e0 l&rsquo;effacement des souvenirs, qui commence d\u00e9j\u00e0 \u00e0 faire son oeuvre, et me permettre de garder une trace des d\u00e9tails de cette aventure.<\/li>\n<\/ul>\n<p>Pour commencer \u00e0 lire le r\u00e9cit, vous pouvez d\u00e9buter par le premier jour en <a href=\"https:\/\/photos-et-compagnie.fr\/blog\/2024\/08\/jour-1-banyuls-refuge-tomy\/\">cliquant ici<\/a>, ou bien acc\u00e9der au r\u00e9cit d&rsquo;une journ\u00e9e en particulier en cliquant sur le lien associ\u00e9 dans le tableau ci dessous.<\/p>\n<p><span style=\"text-decoration: underline;\"><strong>Le d\u00e9tail des \u00e9tapes parcourues<\/strong><\/span><\/p>\n<p>Nous avions initialement pour objectif de r\u00e9aliser la travers\u00e9e de Banyuls \u00e0 Hendaye en cinq semaines. Suite \u00e0 quelques m\u00e9saventures\u00a0 que vous d\u00e9couvrirez en lisant le r\u00e9cit, nous avons manqu\u00e9 de temps et nous sommes finalement arr\u00eat\u00e9s au niveau du refuge de Larribet, juste avant d&rsquo;atteindre le Pic du Midi d&rsquo;Ossau.<\/p>\n<p>Le tableau ci dessous r\u00e9capitule le d\u00e9tail de nos \u00e9tapes.<\/p>\n\n<table id=\"tablepress-2\" class=\"tablepress tablepress-id-2\">\n<thead>\n<tr class=\"row-1 odd\">\n\t<th class=\"column-1\">Jour<\/th><th class=\"column-2\">Date de l'\u00e9tape<\/th><th class=\"column-3\">Trace GPX<\/th><th class=\"column-4\">D\u00e9part<\/th><th class=\"column-5\">Arriv\u00e9e<\/th><th class=\"column-6\">Distance km<\/th><th class=\"column-7\">D+<\/th><th class=\"column-8\">D-<\/th><th class=\"column-9\">Nuit<\/th>\n<\/tr>\n<\/thead>\n<tbody class=\"row-hover\">\n<tr class=\"row-2 even\">\n\t<td class=\"column-1\"><a href=\"https:\/\/photos-et-compagnie.fr\/blog\/2024\/07\/jour-1-banyuls-refuge-tomy\/\" rel=\"noopener\" target=\"_blank\">J1<\/a><\/td><td class=\"column-2\">14\/07\/24<\/td><td class=\"column-3\"><a href=\"https:\/\/www.visugpx.com\/sxAM5XK1kO?t=1&amp;otm\" rel=\"noopener\" target=\"_blank\">Trace J1<\/a><\/td><td class=\"column-4\">Banyuls<\/td><td class=\"column-5\">Refuge Tomy<\/td><td class=\"column-6\">10<\/td><td class=\"column-7\">1039<\/td><td class=\"column-8\">84<\/td><td class=\"column-9\">Cabane et tente<\/td>\n<\/tr>\n<tr class=\"row-3 odd\">\n\t<td class=\"column-1\"><a href=\"https:\/\/photos-et-compagnie.fr\/blog\/2024\/07\/jour-2-refuge-tomy-le-perthus\/\" rel=\"noopener\" target=\"_blank\">J2<\/a><\/td><td class=\"column-2\">15\/07\/24<\/td><td class=\"column-3\"><a href=\"https:\/\/www.visugpx.com\/sxAM5XK1kO?t=2&amp;otm\" rel=\"noopener\" target=\"_blank\">Trace J2<\/a><\/td><td class=\"column-4\">Refuge Tomy<\/td><td class=\"column-5\">Le Perthus<\/td><td class=\"column-6\">22<\/td><td class=\"column-7\">539<\/td><td class=\"column-8\">1223<\/td><td class=\"column-9\">G\u00eete<\/td>\n<\/tr>\n<tr class=\"row-4 even\">\n\t<td class=\"column-1\"><a href=\"https:\/\/photos-et-compagnie.fr\/blog\/2024\/07\/jour-3-le-perthus-amelie-les-bains\/\" rel=\"noopener\" target=\"_blank\">J3<\/a><\/td><td class=\"column-2\">16\/07\/24<\/td><td class=\"column-3\"><a href=\"https:\/\/www.visugpx.com\/sxAM5XK1kO?t=3&amp;otm\" rel=\"noopener\" target=\"_blank\">Trace J3<\/a><\/td><td class=\"column-4\">Le Perthus<\/td><td class=\"column-5\">Am\u00e9lie les Bains<\/td><td class=\"column-6\">34<\/td><td class=\"column-7\">1530<\/td><td class=\"column-8\">1607<\/td><td class=\"column-9\">H\u00f4tel<\/td>\n<\/tr>\n<tr class=\"row-5 odd\">\n\t<td class=\"column-1\"><a href=\"https:\/\/photos-et-compagnie.fr\/blog\/2024\/07\/jour-4-amelie-les-bains-maison-forestiere-de-lestanyol\/\" rel=\"noopener\" target=\"_blank\">J4<\/a><\/td><td class=\"column-2\">17\/07\/24<\/td><td class=\"column-3\"><a href=\"https:\/\/www.visugpx.com\/sxAM5XK1kO?t=4&amp;otm\" rel=\"noopener\" target=\"_blank\">Trace J4<\/a><\/td><td class=\"column-4\">Am\u00e9lie les Bains<\/td><td class=\"column-5\">Cabane de l\u2019Estanyol<\/td><td class=\"column-6\">20<\/td><td class=\"column-7\">1586<\/td><td class=\"column-8\">346<\/td><td class=\"column-9\">Tente<\/td>\n<\/tr>\n<tr class=\"row-6 even\">\n\t<td class=\"column-1\"><a href=\"https:\/\/photos-et-compagnie.fr\/blog\/2024\/07\/jour-5-maison-forestiere-de-lestanyol-maison-forestiere-de-mariailles\/\" rel=\"noopener\" target=\"_blank\">J5<\/a><\/td><td class=\"column-2\">18\/07\/24<\/td><td class=\"column-3\"><a href=\"https:\/\/www.visugpx.com\/sxAM5XK1kO?t=5&amp;otm\" rel=\"noopener\" target=\"_blank\">Trace J5<\/a><\/td><td class=\"column-4\">Cabane de l\u2019Estanyol<\/td><td class=\"column-5\">Maison foresti\u00e8re de Mariailles<\/td><td class=\"column-6\">24<\/td><td class=\"column-7\">1389<\/td><td class=\"column-8\">1171<\/td><td class=\"column-9\">Cabane<\/td>\n<\/tr>\n<tr class=\"row-7 odd\">\n\t<td class=\"column-1\"><a href=\"https:\/\/photos-et-compagnie.fr\/blog\/2024\/07\/jour-6-maison-forestiere-de-mariailles-cabane-de-tirapits\/\" rel=\"noopener\" target=\"_blank\">J6<\/a><\/td><td class=\"column-2\">19\/07\/24<\/td><td class=\"column-3\"><a href=\"https:\/\/www.visugpx.com\/sxAM5XK1kO?t=6&amp;otm\" rel=\"noopener\" target=\"_blank\">Trace J6<\/a><\/td><td class=\"column-4\">Maison foresti\u00e8re de Mariailles<\/td><td class=\"column-5\">Cabane de Tirapits<\/td><td class=\"column-6\">28<\/td><td class=\"column-7\">1722<\/td><td class=\"column-8\">734<\/td><td class=\"column-9\">Tente<\/td>\n<\/tr>\n<tr class=\"row-8 even\">\n\t<td class=\"column-1\"><a href=\"https:\/\/photos-et-compagnie.fr\/blog\/2024\/07\/jour-7-cabane-de-tirapits-super-bolquere\/\" rel=\"noopener\" target=\"_blank\">J7<\/a><\/td><td class=\"column-2\">20\/07\/24<\/td><td class=\"column-3\"><a href=\"https:\/\/www.visugpx.com\/sxAM5XK1kO?t=7&amp;otm\" rel=\"noopener\" target=\"_blank\">Trace J7<\/a><\/td><td class=\"column-4\">Cabane de Tirapits<\/td><td class=\"column-5\">Super Bolqu\u00e8re<\/td><td class=\"column-6\">19<\/td><td class=\"column-7\">567<\/td><td class=\"column-8\">1612<\/td><td class=\"column-9\">G\u00eete<\/td>\n<\/tr>\n<tr class=\"row-9 odd\">\n\t<td class=\"column-1\"><a href=\"https:\/\/photos-et-compagnie.fr\/blog\/2024\/07\/jour-8-super-bolquere\/\" rel=\"noopener\" target=\"_blank\">J8<\/a><\/td><td class=\"column-2\">21\/07\/24<\/td><td class=\"column-3\">N\/A<\/td><td class=\"column-4\">Super Bolqu\u00e8re<\/td><td class=\"column-5\">Super Bolqu\u00e8re<\/td><td class=\"column-6\">0<\/td><td class=\"column-7\">0<\/td><td class=\"column-8\">0<\/td><td class=\"column-9\">G\u00eete<\/td>\n<\/tr>\n<tr class=\"row-10 even\">\n\t<td class=\"column-1\"><a href=\"https:\/\/photos-et-compagnie.fr\/blog\/2024\/07\/jour-9-super-bolquere-sous-le-col-de-la-coume-damiel\/\" rel=\"noopener\" target=\"_blank\">J9<\/a><\/td><td class=\"column-2\">22\/07\/24<\/td><td class=\"column-3\"><a href=\"https:\/\/www.visugpx.com\/sxAM5XK1kO?t=8&amp;otm\" rel=\"noopener\" target=\"_blank\">Trace J9<\/a><\/td><td class=\"column-4\">Super Bolqu\u00e8re<\/td><td class=\"column-5\">Sous le col de la Coume d\u2019Amiel<\/td><td class=\"column-6\">25<\/td><td class=\"column-7\">1291<\/td><td class=\"column-8\">703<\/td><td class=\"column-9\">Tente<\/td>\n<\/tr>\n<tr class=\"row-11 odd\">\n\t<td class=\"column-1\"><a href=\"https:\/\/photos-et-compagnie.fr\/blog\/2024\/07\/jour-10-sous-le-col-de-la-coume-damiel-lhospitalet-pres-landorre\/\" rel=\"noopener\" target=\"_blank\">J10<\/a><\/td><td class=\"column-2\">23\/07\/24<\/td><td class=\"column-3\"><a href=\"https:\/\/www.visugpx.com\/sxAM5XK1kO?t=9&amp;otm\" rel=\"noopener\" target=\"_blank\">Trace J10<\/a><\/td><td class=\"column-4\">Sous le col de la Coume d\u2019Amiel<\/td><td class=\"column-5\">L\u2019hospitalet Pr\u00e8s l\u2019Andorre<\/td><td class=\"column-6\">10<\/td><td class=\"column-7\">83<\/td><td class=\"column-8\">997<\/td><td class=\"column-9\">G\u00eete<\/td>\n<\/tr>\n<tr class=\"row-12 even\">\n\t<td class=\"column-1\"><a href=\"https:\/\/photos-et-compagnie.fr\/blog\/2024\/07\/jour-11-lhospitalet-pres-landorre-etang-de-lestagnol\/\" rel=\"noopener\" target=\"_blank\">J11<\/a><\/td><td class=\"column-2\">24\/07\/24<\/td><td class=\"column-3\"><a href=\"https:\/\/www.visugpx.com\/sxAM5XK1kO?t=10&amp;otm\" rel=\"noopener\" target=\"_blank\">Trace J11<\/a><\/td><td class=\"column-4\">L\u2019hospitalet pr\u00e8s l\u2019Andorre<\/td><td class=\"column-5\">L\u2019Estagnol<\/td><td class=\"column-6\">13<\/td><td class=\"column-7\">1222<\/td><td class=\"column-8\">534<\/td><td class=\"column-9\">Tente<\/td>\n<\/tr>\n<tr class=\"row-13 odd\">\n\t<td class=\"column-1\"><a href=\"https:\/\/photos-et-compagnie.fr\/blog\/2024\/07\/jour-12-etang-de-lestagnol-cabane-coms-de-jan\/\" rel=\"noopener\" target=\"_blank\">J12<\/a><\/td><td class=\"column-2\">25\/07\/24<\/td><td class=\"column-3\"><a href=\"https:\/\/www.visugpx.com\/sxAM5XK1kO?t=11&amp;otm\" rel=\"noopener\" target=\"_blank\">Trace J12<\/a><\/td><td class=\"column-4\">L\u2019Estagnol<\/td><td class=\"column-5\">Cabane Coms de Jan<\/td><td class=\"column-6\">12<\/td><td class=\"column-7\">913<\/td><td class=\"column-8\">817<\/td><td class=\"column-9\">Cabane<\/td>\n<\/tr>\n<tr class=\"row-14 even\">\n\t<td class=\"column-1\"><a href=\"https:\/\/photos-et-compagnie.fr\/blog\/2024\/07\/jour-13-cabane-coms-de-jan-cabane-de-la-pleta-del-castellar\/\" rel=\"noopener\" target=\"_blank\">J13<\/a><\/td><td class=\"column-2\">26\/07\/24<\/td><td class=\"column-3\"><a href=\"https:\/\/www.visugpx.com\/sxAM5XK1kO?t=12&amp;otm\" rel=\"noopener\" target=\"_blank\">Trace J13<\/a><\/td><td class=\"column-4\">Cabane Coms de Jan<\/td><td class=\"column-5\">Cabane de la Pleta del Castellar<\/td><td class=\"column-6\">15<\/td><td class=\"column-7\">989<\/td><td class=\"column-8\">1344<\/td><td class=\"column-9\">Cabane<\/td>\n<\/tr>\n<tr class=\"row-15 odd\">\n\t<td class=\"column-1\"><a href=\"https:\/\/photos-et-compagnie.fr\/blog\/2024\/07\/jour-14-cabane-de-la-pleta-del-castellar-refuge-de-letang-fourcat\/\" rel=\"noopener\" target=\"_blank\">J14<\/a><\/td><td class=\"column-2\">27\/07\/24<\/td><td class=\"column-3\"><a href=\"https:\/\/www.visugpx.com\/sxAM5XK1kO?t=13&amp;otm\" rel=\"noopener\" target=\"_blank\">Trace J14<\/a><\/td><td class=\"column-4\">Cabane de la Pleta del Castellar<\/td><td class=\"column-5\">Refuge de l\u2019\u00e9tang Fourcat<\/td><td class=\"column-6\">8<\/td><td class=\"column-7\">1070<\/td><td class=\"column-8\">496<\/td><td class=\"column-9\">Refuge<\/td>\n<\/tr>\n<tr class=\"row-16 even\">\n\t<td class=\"column-1\"><a href=\"https:\/\/photos-et-compagnie.fr\/blog\/2024\/07\/jour-15-refuge-de-letang-fourcat-mounico\/\" rel=\"noopener\" target=\"_blank\">J15<\/a><\/td><td class=\"column-2\">28\/07\/24<\/td><td class=\"column-3\"><a href=\"https:\/\/www.visugpx.com\/sxAM5XK1kO?t=14&amp;otm\" rel=\"noopener\" target=\"_blank\">Trace J15<\/a><\/td><td class=\"column-4\">Refuge de l\u2019\u00e9tang Fourcat<\/td><td class=\"column-5\">Mounicou<\/td><td class=\"column-6\">10<\/td><td class=\"column-7\">350<\/td><td class=\"column-8\">1701<\/td><td class=\"column-9\">G\u00eete<\/td>\n<\/tr>\n<tr class=\"row-17 odd\">\n\t<td class=\"column-1\"><a href=\"https:\/\/photos-et-compagnie.fr\/blog\/2024\/07\/jour-16-mounicou-refuge-de-certascan\/\" rel=\"noopener\" target=\"_blank\">J16<\/a><\/td><td class=\"column-2\">29\/07\/24<\/td><td class=\"column-3\"><a href=\"https:\/\/www.visugpx.com\/KVU1zGDvA8?t=1&amp;otm\" rel=\"noopener\" target=\"_blank\">Trace J16<\/a><\/td><td class=\"column-4\">Mounicou<\/td><td class=\"column-5\">Refuge de Certascan<\/td><td class=\"column-6\">18<\/td><td class=\"column-7\">1848<\/td><td class=\"column-8\">741<\/td><td class=\"column-9\">Tente<\/td>\n<\/tr>\n<tr class=\"row-18 even\">\n\t<td class=\"column-1\"><a href=\"https:\/\/photos-et-compagnie.fr\/blog\/2024\/07\/jour-17-refuge-de-certascan-refugi-enric-pujol\/\" rel=\"noopener\" target=\"_blank\">J17<\/a><\/td><td class=\"column-2\">30\/07\/24<\/td><td class=\"column-3\"><a href=\"https:\/\/www.visugpx.com\/KVU1zGDvA8?t=2&amp;otm\" rel=\"noopener\" target=\"_blank\">Trace J17<\/a><\/td><td class=\"column-4\">Refuge de Certascan<\/td><td class=\"column-5\">Refugi Enric Pujol<\/td><td class=\"column-6\">16<\/td><td class=\"column-7\">1303<\/td><td class=\"column-8\">1250<\/td><td class=\"column-9\">Cabane<\/td>\n<\/tr>\n<tr class=\"row-19 odd\">\n\t<td class=\"column-1\"><a href=\"https:\/\/photos-et-compagnie.fr\/blog\/2024\/07\/jour-18-refugi-enric-pujol-estanyola-del-clot-de-moredo\/\" rel=\"noopener\" target=\"_blank\">J18<\/a><\/td><td class=\"column-2\">31\/07\/24<\/td><td class=\"column-3\"><a href=\"https:\/\/www.visugpx.com\/KVU1zGDvA8?t=3&amp;otm\" rel=\"noopener\" target=\"_blank\">Trace J18<\/a><\/td><td class=\"column-4\">Refugi Enric Pujol<\/td><td class=\"column-5\">Estanyola del Clot de Moredo<\/td><td class=\"column-6\">19<\/td><td class=\"column-7\">1424<\/td><td class=\"column-8\">1497<\/td><td class=\"column-9\">Tente<\/td>\n<\/tr>\n<tr class=\"row-20 even\">\n\t<td class=\"column-1\"><a href=\"https:\/\/photos-et-compagnie.fr\/blog\/2024\/08\/jour-19-estanyola-del-clot-de-moredo-refugi-de-la-pleta-del-duc\/\" rel=\"noopener\" target=\"_blank\">J19<\/a><\/td><td class=\"column-2\">01\/08\/24<\/td><td class=\"column-3\"><a href=\"https:\/\/www.visugpx.com\/KVU1zGDvA8?t=4&amp;otm\" rel=\"noopener\" target=\"_blank\">Trace J19<\/a><\/td><td class=\"column-4\">Estanyola del Clot de Moredo<\/td><td class=\"column-5\">Refugi de la Pleta del Duc<\/td><td class=\"column-6\">13<\/td><td class=\"column-7\">879<\/td><td class=\"column-8\">1003<\/td><td class=\"column-9\">Cabane<\/td>\n<\/tr>\n<tr class=\"row-21 odd\">\n\t<td class=\"column-1\"><a href=\"https:\/\/photos-et-compagnie.fr\/blog\/2024\/08\/jour-20-refugi-de-la-pleta-del-duc-refugi-de-la-restanca\/\" rel=\"noopener\" target=\"_blank\">J20<\/a><\/td><td class=\"column-2\">02\/08\/24<\/td><td class=\"column-3\"><a href=\"https:\/\/www.visugpx.com\/KVU1zGDvA8?t=5&amp;otm\" rel=\"noopener\" target=\"_blank\">Trace J20<\/a><\/td><td class=\"column-4\">Refugi de La Pleta del Duc<\/td><td class=\"column-5\">Refugi de la Restanca<\/td><td class=\"column-6\">19<\/td><td class=\"column-7\">1366<\/td><td class=\"column-8\">1445<\/td><td class=\"column-9\">Refuge<\/td>\n<\/tr>\n<tr class=\"row-22 even\">\n\t<td class=\"column-1\"><a href=\"https:\/\/photos-et-compagnie.fr\/blog\/2024\/08\/jour-21-refugi-de-la-restanca-hospital-de-vielha\/\" rel=\"noopener\" target=\"_blank\">J21<\/a><\/td><td class=\"column-2\">03\/08\/24<\/td><td class=\"column-3\"><a href=\"https:\/\/www.visugpx.com\/KVU1zGDvA8?t=6&amp;otm\" rel=\"noopener\" target=\"_blank\">Trace J21<\/a><\/td><td class=\"column-4\">Refugi de la Restanca<\/td><td class=\"column-5\">Hospital de Vielha<\/td><td class=\"column-6\">15<\/td><td class=\"column-7\">723<\/td><td class=\"column-8\">1099<\/td><td class=\"column-9\">Tente<\/td>\n<\/tr>\n<tr class=\"row-23 odd\">\n\t<td class=\"column-1\"><a href=\"https:\/\/photos-et-compagnie.fr\/blog\/2024\/08\/jour-22-hospital-de-vielha-cabane-de-la-besurta\/\" rel=\"noopener\" target=\"_blank\">J22<\/a><\/td><td class=\"column-2\">04\/08\/24<\/td><td class=\"column-3\"><a href=\"https:\/\/www.visugpx.com\/KVU1zGDvA8?t=7&amp;otm\" rel=\"noopener\" target=\"_blank\">Trace J22<\/a><\/td><td class=\"column-4\">Hospital de Vielha<\/td><td class=\"column-5\">Cabane de la Besurta<\/td><td class=\"column-6\">16<\/td><td class=\"column-7\">1389<\/td><td class=\"column-8\">1171<\/td><td class=\"column-9\">Cabane<\/td>\n<\/tr>\n<tr class=\"row-24 even\">\n\t<td class=\"column-1\"><a href=\"https:\/\/photos-et-compagnie.fr\/blog\/2024\/08\/jour-23-cabane-de-la-besurta-refuge-du-portillon\/\" rel=\"noopener\" target=\"_blank\">J23<\/a><\/td><td class=\"column-2\">05\/08\/24<\/td><td class=\"column-3\"><a href=\"https:\/\/www.visugpx.com\/KVU1zGDvA8?t=8&amp;otm\" rel=\"noopener\" target=\"_blank\">Trace J23<\/a><\/td><td class=\"column-4\">Cabane de la Besurta<\/td><td class=\"column-5\">Refuge du Portillon<\/td><td class=\"column-6\">15<\/td><td class=\"column-7\">1365<\/td><td class=\"column-8\">657<\/td><td class=\"column-9\">Refuge<\/td>\n<\/tr>\n<tr class=\"row-25 odd\">\n\t<td class=\"column-1\"><a href=\"https:\/\/photos-et-compagnie.fr\/blog\/2024\/08\/jour-24-refuge-du-portillon-cabane-de-prat-cazeneuve\/\" rel=\"noopener\" target=\"_blank\">J24<\/a><\/td><td class=\"column-2\">06\/08\/24<\/td><td class=\"column-3\"><a href=\"https:\/\/www.visugpx.com\/KVU1zGDvA8?t=9&amp;otm\" rel=\"noopener\" target=\"_blank\">Trace J24<\/a><\/td><td class=\"column-4\">Refuge du Portillon<\/td><td class=\"column-5\">Cabane de Prat Cazeneuve<\/td><td class=\"column-6\">13<\/td><td class=\"column-7\">701<\/td><td class=\"column-8\">1225<\/td><td class=\"column-9\">Cabane<\/td>\n<\/tr>\n<tr class=\"row-26 even\">\n\t<td class=\"column-1\"><a href=\"https:\/\/photos-et-compagnie.fr\/blog\/2024\/08\/jour-25-cabane-de-prat-cazeneuve-col-durdiceto\/\" rel=\"noopener\" target=\"_blank\">J25<\/a><\/td><td class=\"column-2\">07\/08\/24<\/td><td class=\"column-3\"><a href=\"https:\/\/www.visugpx.com\/KVU1zGDvA8?t=10&amp;otm\" rel=\"noopener\" target=\"_blank\">Trace J25<\/a><\/td><td class=\"column-4\">Cabane de Prat Cazeneuve<\/td><td class=\"column-5\">Col d\u2019Urdiceto<\/td><td class=\"column-6\">22<\/td><td class=\"column-7\">1688<\/td><td class=\"column-8\">1409<\/td><td class=\"column-9\">Cabane<\/td>\n<\/tr>\n<tr class=\"row-27 odd\">\n\t<td class=\"column-1\"><a href=\"https:\/\/photos-et-compagnie.fr\/blog\/2024\/08\/jour-26-col-durdiceto-lacs-de-barroude\/\" rel=\"noopener\" target=\"_blank\">J26<\/a><\/td><td class=\"column-2\">08\/08\/24<\/td><td class=\"column-3\"><a href=\"https:\/\/www.visugpx.com\/KVU1zGDvA8?t=11&amp;otm\" rel=\"noopener\" target=\"_blank\">Trace J26<\/a><\/td><td class=\"column-4\">Col d\u2019Urdiceto<\/td><td class=\"column-5\">Lacs de Barroude<\/td><td class=\"column-6\">24<\/td><td class=\"column-7\">1399<\/td><td class=\"column-8\">1341<\/td><td class=\"column-9\">Tente<\/td>\n<\/tr>\n<tr class=\"row-28 even\">\n\t<td class=\"column-1\"><a href=\"https:\/\/photos-et-compagnie.fr\/blog\/2024\/08\/jour-27-lacs-de-barroude-cirque-destaube\/\" rel=\"noopener\" target=\"_blank\">J27<\/a><\/td><td class=\"column-2\">09\/08\/24<\/td><td class=\"column-3\"><a href=\"https:\/\/www.visugpx.com\/KVU1zGDvA8?t=12&amp;otm\" rel=\"noopener\" target=\"_blank\">Trace J27<\/a><\/td><td class=\"column-4\">Lacs de Barroude<\/td><td class=\"column-5\">Cirque d\u2019Estaub\u00e9<\/td><td class=\"column-6\">27<\/td><td class=\"column-7\">1102<\/td><td class=\"column-8\">1718<\/td><td class=\"column-9\">Cabane<\/td>\n<\/tr>\n<tr class=\"row-29 odd\">\n\t<td class=\"column-1\"><a href=\"https:\/\/photos-et-compagnie.fr\/blog\/2024\/08\/jour-28-cirque-destaube-cabane-de-lourdes\/\" rel=\"noopener\" target=\"_blank\">J28<\/a><\/td><td class=\"column-2\">10\/08\/24<\/td><td class=\"column-3\"><a href=\"https:\/\/www.visugpx.com\/KVU1zGDvA8?t=13&amp;otm\" rel=\"noopener\" target=\"_blank\">Trace J28<\/a><\/td><td class=\"column-4\">Cirque d\u2019Estaub\u00e9<\/td><td class=\"column-5\">Cabane de Lourdes<\/td><td class=\"column-6\">23<\/td><td class=\"column-7\">1328<\/td><td class=\"column-8\">1133<\/td><td class=\"column-9\">Tente<\/td>\n<\/tr>\n<tr class=\"row-30 even\">\n\t<td class=\"column-1\"><a href=\"https:\/\/photos-et-compagnie.fr\/blog\/2024\/08\/jour-29-cabane-de-lourdes-refuge-wallon-marcadau\/\" rel=\"noopener\" target=\"_blank\">J29<\/a><\/td><td class=\"column-2\">11\/08\/24<\/td><td class=\"column-3\"><a href=\"https:\/\/www.visugpx.com\/KVU1zGDvA8?t=14&amp;otm\" rel=\"noopener\" target=\"_blank\">Trace J29<\/a><\/td><td class=\"column-4\">Cabanes de Lourdes<\/td><td class=\"column-5\">Refuge Wallon Marcadau<\/td><td class=\"column-6\">21<\/td><td class=\"column-7\">1535<\/td><td class=\"column-8\">1594<\/td><td class=\"column-9\">Refuge<\/td>\n<\/tr>\n<tr class=\"row-31 odd\">\n\t<td class=\"column-1\"><a href=\"https:\/\/photos-et-compagnie.fr\/blog\/2024\/08\/jour-30-refuge-wallon-marcadau-lac-de-batcrabere-superieur\/\" rel=\"noopener\" target=\"_blank\">J30<\/a><\/td><td class=\"column-2\">12\/08\/24<\/td><td class=\"column-3\"><a href=\"https:\/\/www.visugpx.com\/KVU1zGDvA8?t=15&amp;otm\" rel=\"noopener\" target=\"_blank\">Trace J30<\/a><\/td><td class=\"column-4\">Refuge Wallon Marcadau<\/td><td class=\"column-5\">Lac de Batcrab\u00e8re sup\u00e9rieur<\/td><td class=\"column-6\">19<\/td><td class=\"column-7\">1526<\/td><td class=\"column-8\">1193<\/td><td class=\"column-9\">Tente<\/td>\n<\/tr>\n<tr class=\"row-32 even\">\n\t<td class=\"column-1\"><a href=\"https:\/\/photos-et-compagnie.fr\/blog\/2024\/08\/jour-30-bis-lac-de-batcrabere-superieur-refuge-de-larribet\/\" rel=\"noopener\" target=\"_blank\">Fin<\/a><\/td><td class=\"column-2\">12, 13 et 14\/08\/24<\/td><td class=\"column-3\"><a href=\"https:\/\/www.visugpx.com\/KVU1zGDvA8?t=16&amp;otm\" rel=\"noopener\" target=\"_blank\">Trace J30 bis<\/a><br \/>\n<a href=\"https:\/\/www.visugpx.com\/KVU1zGDvA8?t=17&amp;otm\" rel=\"noopener\" target=\"_blank\">Trace J31<\/a><\/td><td class=\"column-4\">Lac de Batcrab\u00e8re sup\u00e9rieur<\/td><td class=\"column-5\">Toulouse<\/td><td class=\"column-6\">6<\/td><td class=\"column-7\">50<\/td><td class=\"column-8\">774<\/td><td class=\"column-9\">Refuge<\/td>\n<\/tr>\n<\/tbody>\n<tfoot>\n<tr class=\"row-33 odd\">\n\t<th class=\"column-1\">TOTAL<\/th><th class=\"column-2\"><\/th><th class=\"column-3\"><\/th><th class=\"column-4\"><\/th><th class=\"column-5\"><\/th><th class=\"column-6\">536<\/th><th class=\"column-7\">33916<\/th><th class=\"column-8\">32619<\/th><th class=\"column-9\"><\/th>\n<\/tr>\n<\/tfoot>\n<\/table>\n<!-- #tablepress-2 from cache -->\n<p><span style=\"text-decoration: underline;\"><strong>Pour aller plus loin<\/strong><\/span><\/p>\n<p>Pour ceux qui seraient int\u00e9ress\u00e9s par plus d&rsquo;informations ou auraient comme projet d&rsquo;entreprendre \u00e0 leur tour cette travers\u00e9e, cliquer <a href=\"https:\/\/photos-et-compagnie.fr\/blog\/2024\/08\/hrp-2024-pour-aller-plus-loin\/\" target=\"_blank\" rel=\"noopener\">ici<\/a> pour plus de d\u00e9tails sur :<\/p>\n<ul>\n<li>les ressources documentaires et topographiques sur l&rsquo;itin\u00e9raire<\/li>\n<li>un retour d&rsquo;exp\u00e9rience (\u00e9crit \u00e0 chaud dans le train du retour, un peu en mode \u00ab\u00a0fourre tout\u00a0\u00bb) sur des sujets aussi divers que la m\u00e9t\u00e9o, la solitude ou &#8230; les bouses de vaches <img decoding=\"async\" loading=\"lazy\" class=\"smiley\" src=\"https:\/\/www.randonner-leger.org\/forum\/img\/smilies\/smile.png\" alt=\"smile\" width=\"15\" height=\"15\" \/>.<\/li>\n<\/ul>\n","protected":false},"excerpt":{"rendered":"<p>Mon d\u00e9but de travers\u00e9e des Alpes sur la Transalpes en 2022 et 2023 m&rsquo;ayant donn\u00e9 le virus de la randonn\u00e9e itin\u00e9rante, et m&rsquo;ayant aussi rassur\u00e9 sur ma capacit\u00e9 \u00e0 encha\u00eener une dizaines de jours de marche sans lassitude ni fatigue excessive, 2024 a \u00e9t\u00e9 l&rsquo;occasion de concr\u00e9tiser un projet qui me trottait dans la t\u00eate depuis quelques ann\u00e9es : traverser les Pyr\u00e9n\u00e9es de la M\u00e9diterran\u00e9e \u00e0 l\u2019Atlantique par la HRP. Comme le m\u00eame projet trottait dans la t\u00eate de mon fr\u00e8re Samuel, et que les plan\u00e8tes se sont align\u00e9es pour nous permettre de prendre cinq semaines de vacances \u00e0 l&rsquo;\u00e9t\u00e9 2024, nous nous sommes lanc\u00e9s dans l&rsquo;aventure ! La HRP c&rsquo;est quoi ? Plusieurs choix s&rsquo;offrent \u00e0 qui veut tenter l&rsquo;aventure de la travers\u00e9e des Pyr\u00e9n\u00e9es \u00e0 pied. Les deux premiers sont des GRs bien balis\u00e9s : le GR10 c\u00f4t\u00e9 fran\u00e7ais, et le GR11 c\u00f4t\u00e9 espagnol. Et puis il y..<\/p>\n","protected":false},"author":1,"featured_media":2175,"comment_status":"open","ping_status":"open","sticky":false,"template":"","format":"standard","meta":[],"categories":[11],"tags":[],"_links":{"self":[{"href":"https:\/\/photos-et-compagnie.fr\/blog\/wp-json\/wp\/v2\/posts\/2084"}],"collection":[{"href":"https:\/\/photos-et-compagnie.fr\/blog\/wp-json\/wp\/v2\/posts"}],"about":[{"href":"https:\/\/photos-et-compagnie.fr\/blog\/wp-json\/wp\/v2\/types\/post"}],"author":[{"embeddable":true,"href":"https:\/\/photos-et-compagnie.fr\/blog\/wp-json\/wp\/v2\/users\/1"}],"replies":[{"embeddable":true,"href":"https:\/\/photos-et-compagnie.fr\/blog\/wp-json\/wp\/v2\/comments?post=2084"}],"version-history":[{"count":16,"href":"https:\/\/photos-et-compagnie.fr\/blog\/wp-json\/wp\/v2\/posts\/2084\/revisions"}],"predecessor-version":[{"id":2927,"href":"https:\/\/photos-et-compagnie.fr\/blog\/wp-json\/wp\/v2\/posts\/2084\/revisions\/2927"}],"wp:featuredmedia":[{"embeddable":true,"href":"https:\/\/photos-et-compagnie.fr\/blog\/wp-json\/wp\/v2\/media\/2175"}],"wp:attachment":[{"href":"https:\/\/photos-et-compagnie.fr\/blog\/wp-json\/wp\/v2\/media?parent=2084"}],"wp:term":[{"taxonomy":"category","embeddable":true,"href":"https:\/\/photos-et-compagnie.fr\/blog\/wp-json\/wp\/v2\/categories?post=2084"},{"taxonomy":"post_tag","embeddable":true,"href":"https:\/\/photos-et-compagnie.fr\/blog\/wp-json\/wp\/v2\/tags?post=2084"}],"curies":[{"name":"wp","href":"https:\/\/api.w.org\/{rel}","templated":true}]}}