{"id":209,"date":"2014-08-04T09:52:44","date_gmt":"2014-08-04T07:52:44","guid":{"rendered":"http:\/\/photos-et-compagnie.fr\/blog\/?p=209"},"modified":"2014-08-04T09:52:44","modified_gmt":"2014-08-04T07:52:44","slug":"vendredi-11-juillet","status":"publish","type":"post","link":"https:\/\/photos-et-compagnie.fr\/blog\/2014\/08\/vendredi-11-juillet\/","title":{"rendered":"Vendredi 11 juillet"},"content":{"rendered":"<p style=\"text-align: justify;\"><strong><span style=\"text-decoration: underline;\">Itin\u00e9raire<\/span><\/strong><\/p>\n<p style=\"text-align: justify;\"><a href=\"https:\/\/lh3.googleusercontent.com\/-vlJjc0L414I\/U8kv7TWrs2I\/AAAAAAAAFA0\/Iu88JO1tpRM\/w1278-h354-no\/Capture.JPG\"><img decoding=\"async\" loading=\"lazy\" class=\"aligncenter\" src=\"https:\/\/lh3.googleusercontent.com\/-vlJjc0L414I\/U8kv7TWrs2I\/AAAAAAAAFA0\/Iu88JO1tpRM\/w1278-h354-no\/Capture.JPG\" alt=\"\" width=\"1278\" height=\"354\" \/><\/a><\/p>\n<p style=\"text-align: justify;\">A notre r\u00e9veil, avant de quitter l\u2019h\u00f4tel Eldborg pour Hellnar, nous profitons une derni\u00e8re fois de la vue sur le volcan du m\u00eame nom, dont le crat\u00e8re semble minuscule au regard des montagnes sur lesquelles il se d\u00e9coupe.<\/p>\n<div style=\"width: 1010px\" class=\"wp-caption aligncenter\"><a href=\"https:\/\/lh6.googleusercontent.com\/-l56pxdd4jrs\/U96efL3eIRI\/AAAAAAAAFlY\/aLqnaM0ZgUc\/w1000-h500-no\/IMG_5595.JPG\"><img decoding=\"async\" loading=\"lazy\" src=\"https:\/\/lh6.googleusercontent.com\/-l56pxdd4jrs\/U96efL3eIRI\/AAAAAAAAFlY\/aLqnaM0ZgUc\/w1000-h500-no\/IMG_5595.JPG\" alt=\"\" width=\"1000\" height=\"500\" \/><\/a><p class=\"wp-caption-text\">Eldborg<\/p><\/div>\n<p style=\"text-align: justify;\">Nous commen\u00e7ons notre p\u00e9riple de la journ\u00e9e en nous engageant sur une piste en direction des sources de Raudamelsolkelda. Nous profitons de quelques jolis points de vue, mais d\u00e9cidons de rebrousser chemin avant d&rsquo;arriver au but, inquiets de la capacit\u00e9 de notre petite voiture \u00e0 supporter l&rsquo;\u00e9tat de la piste, de plus en plus cahoteuse.<\/p>\n<div style=\"width: 1010px\" class=\"wp-caption aligncenter\"><a href=\"https:\/\/lh6.googleusercontent.com\/-iUsadriLG78\/U96efOUGvDI\/AAAAAAAAFlU\/cCS_Qp6Tbkc\/w1000-h500-no\/IMG_5610.JPG\"><img decoding=\"async\" loading=\"lazy\" src=\"https:\/\/lh6.googleusercontent.com\/-iUsadriLG78\/U96efOUGvDI\/AAAAAAAAFlU\/cCS_Qp6Tbkc\/w1000-h500-no\/IMG_5610.JPG\" alt=\"\" width=\"1000\" height=\"500\" \/><\/a><p class=\"wp-caption-text\">Vers Raudamelsolkelda<\/p><\/div>\n<p style=\"text-align: justify;\">La route 54, qui longe la p\u00e9ninsule de Snaefellness par le sud, offre de nombreux points d&rsquo;int\u00e9r\u00eats : petites \u00e9glises, plages, canyon, &#8230; les pr\u00e9textes \u00e0 un arr\u00eat photo ne manquent pas.<\/p>\n<div style=\"width: 1010px\" class=\"wp-caption aligncenter\"><a href=\"https:\/\/lh4.googleusercontent.com\/-bRyHAJ4oHW8\/U96egSg_lxI\/AAAAAAAAFlk\/cdYkTowqhX4\/w1000-h667-no\/IMG_5642.JPG\"><img decoding=\"async\" loading=\"lazy\" src=\"https:\/\/lh4.googleusercontent.com\/-bRyHAJ4oHW8\/U96egSg_lxI\/AAAAAAAAFlk\/cdYkTowqhX4\/w1000-h667-no\/IMG_5642.JPG\" alt=\"\" width=\"1000\" height=\"667\" \/><\/a><p class=\"wp-caption-text\">Eglise de Miklaholt (1)<\/p><\/div>\n<div style=\"width: 1010px\" class=\"wp-caption aligncenter\"><a href=\"https:\/\/lh4.googleusercontent.com\/-VcEq4xwl0mY\/U96eg7gRQfI\/AAAAAAAAFl0\/q8vHxkeO6Wg\/w1000-h667-no\/IMG_5644.JPG\"><img decoding=\"async\" loading=\"lazy\" src=\"https:\/\/lh4.googleusercontent.com\/-VcEq4xwl0mY\/U96eg7gRQfI\/AAAAAAAAFl0\/q8vHxkeO6Wg\/w1000-h667-no\/IMG_5644.JPG\" alt=\"\" width=\"1000\" height=\"667\" \/><\/a><p class=\"wp-caption-text\">Eglise de Miklaholt (2)<\/p><\/div>\n<div style=\"width: 1010px\" class=\"wp-caption aligncenter\"><a href=\"https:\/\/lh5.googleusercontent.com\/-lYS6yYiBv6E\/U96ehf-gAbI\/AAAAAAAAFl4\/Yxzypo04zeY\/w1000-h667-no\/IMG_5661.JPG\"><img decoding=\"async\" loading=\"lazy\" src=\"https:\/\/lh5.googleusercontent.com\/-lYS6yYiBv6E\/U96ehf-gAbI\/AAAAAAAAFl4\/Yxzypo04zeY\/w1000-h667-no\/IMG_5661.JPG\" alt=\"\" width=\"1000\" height=\"667\" \/><\/a><p class=\"wp-caption-text\">Phoques, plage d&rsquo;Ytri-Tunga (1)<\/p><\/div>\n<div style=\"width: 1010px\" class=\"wp-caption aligncenter\"><a href=\"https:\/\/lh5.googleusercontent.com\/-0rE-2NvyDUg\/U96eiSiUdyI\/AAAAAAAAFmA\/VIxLZcNZlgE\/w1000-h667-no\/IMG_5674.JPG\"><img decoding=\"async\" loading=\"lazy\" src=\"https:\/\/lh5.googleusercontent.com\/-0rE-2NvyDUg\/U96eiSiUdyI\/AAAAAAAAFmA\/VIxLZcNZlgE\/w1000-h667-no\/IMG_5674.JPG\" alt=\"\" width=\"1000\" height=\"667\" \/><\/a><p class=\"wp-caption-text\">Phoques, plage d&rsquo;Ytri-Tunga (2)<\/p><\/div>\n<div style=\"width: 1010px\" class=\"wp-caption aligncenter\"><a href=\"https:\/\/lh5.googleusercontent.com\/-aKPwfHpy_oY\/U96ej2e0R-I\/AAAAAAAAFmI\/QuoCuhNgMMw\/w1000-h667-no\/IMG_5682.JPG\"><img decoding=\"async\" loading=\"lazy\" src=\"https:\/\/lh5.googleusercontent.com\/-aKPwfHpy_oY\/U96ej2e0R-I\/AAAAAAAAFmI\/QuoCuhNgMMw\/w1000-h667-no\/IMG_5682.JPG\" alt=\"\" width=\"1000\" height=\"667\" \/><\/a><p class=\"wp-caption-text\">Phoques, plage d&rsquo;Ytri-Tunga (3)<\/p><\/div>\n<p style=\"text-align: justify;\">Quelques kilom\u00e8tres avant Hellnar, un immense champ de lave apparait sur notre gauche, entre mer et montagne. Perdue au milieu de ce paysage d\u00e9sol\u00e9, le village de Budir et son \u00e9glise noire, tr\u00e8s photog\u00e9nique.<\/p>\n<div style=\"width: 1010px\" class=\"wp-caption aligncenter\"><a href=\"https:\/\/lh3.googleusercontent.com\/--OPmVUZw280\/U96ek1XsdbI\/AAAAAAAAFmQ\/eLnH4JO1_7E\/w1000-h667-no\/IMG_5711.JPG\"><img decoding=\"async\" loading=\"lazy\" src=\"https:\/\/lh3.googleusercontent.com\/--OPmVUZw280\/U96ek1XsdbI\/AAAAAAAAFmQ\/eLnH4JO1_7E\/w1000-h667-no\/IMG_5711.JPG\" alt=\"\" width=\"1000\" height=\"667\" \/><\/a><p class=\"wp-caption-text\">Budir (1)<\/p><\/div>\n<div style=\"width: 1010px\" class=\"wp-caption aligncenter\"><a href=\"https:\/\/lh4.googleusercontent.com\/-MQOOvrINWcU\/U96epAk8x4I\/AAAAAAAAFmw\/aB6XfL0NwzA\/w1000-h667-no\/IMG_2359.JPG\"><img decoding=\"async\" loading=\"lazy\" src=\"https:\/\/lh4.googleusercontent.com\/-MQOOvrINWcU\/U96epAk8x4I\/AAAAAAAAFmw\/aB6XfL0NwzA\/w1000-h667-no\/IMG_2359.JPG\" alt=\"\" width=\"1000\" height=\"667\" \/><\/a><p class=\"wp-caption-text\">Budir (2)<\/p><\/div>\n<p style=\"text-align: justify;\">Nous arrivons \u00e0 Hellnar en d\u00e9but d&rsquo;apr\u00e8s midi, sous des trombes d&rsquo;eau. Nous nous installons \u00e0 l&rsquo;h\u00f4tel, en esp\u00e9rant que l&rsquo;averse sera de courte dur\u00e9e. Elle durera quand m\u00eame plus de deux heures, mais nous laissera suffisamment de temps pour une promenade sur les falaises du petit village c\u00f4tier d&rsquo;Arnarstapi, o\u00f9 nichent de nombreux oiseaux de mer.<\/p>\n<div style=\"width: 1010px\" class=\"wp-caption aligncenter\"><a href=\"https:\/\/lh5.googleusercontent.com\/-TNLZWj3GrKI\/U96eqSQe_TI\/AAAAAAAAFm4\/guzaEmdLQqQ\/w1000-h667-no\/IMG_2371.JPG\"><img decoding=\"async\" loading=\"lazy\" src=\"https:\/\/lh5.googleusercontent.com\/-TNLZWj3GrKI\/U96eqSQe_TI\/AAAAAAAAFm4\/guzaEmdLQqQ\/w1000-h667-no\/IMG_2371.JPG\" alt=\"\" width=\"1000\" height=\"667\" \/><\/a><p class=\"wp-caption-text\">Arche de Gatklettur, Arnarstapi<\/p><\/div>\n<div style=\"width: 1010px\" class=\"wp-caption aligncenter\"><a href=\"https:\/\/lh6.googleusercontent.com\/-eDKveuqNj9I\/U96elx0xdLI\/AAAAAAAAFmY\/RTOS_KhW7L0\/w1000-h667-no\/IMG_5735.JPG\"><img decoding=\"async\" loading=\"lazy\" src=\"https:\/\/lh6.googleusercontent.com\/-eDKveuqNj9I\/U96elx0xdLI\/AAAAAAAAFmY\/RTOS_KhW7L0\/w1000-h667-no\/IMG_5735.JPG\" alt=\"\" width=\"1000\" height=\"667\" \/><\/a><p class=\"wp-caption-text\">Sterne arctique, Arnarstapi<\/p><\/div>\n<div style=\"width: 1010px\" class=\"wp-caption aligncenter\"><a href=\"https:\/\/lh4.googleusercontent.com\/-eXSuPXxoKj8\/U96em2k9MnI\/AAAAAAAAFmg\/CrV1umdQ5Zs\/w1000-h667-no\/IMG_5770.JPG\"><img decoding=\"async\" loading=\"lazy\" src=\"https:\/\/lh4.googleusercontent.com\/-eXSuPXxoKj8\/U96em2k9MnI\/AAAAAAAAFmg\/CrV1umdQ5Zs\/w1000-h667-no\/IMG_5770.JPG\" alt=\"\" width=\"1000\" height=\"667\" \/><\/a><p class=\"wp-caption-text\">Mouette tridactyle, Arnarstapi<\/p><\/div>\n<p style=\"text-align: justify;\"><a title=\"Jeudi 10 juillet\" href=\"http:\/\/photos-et-compagnie.fr\/blog\/2014\/08\/jeudi-10-juillet\/\">Jeudi 10 juillet<\/a>\u00a0\u00a0\u00a0\u00a0\u00a0\u00a0\u00a0\u00a0\u00a0\u00a0\u00a0\u00a0\u00a0\u00a0\u00a0\u00a0\u00a0\u00a0\u00a0\u00a0\u00a0\u00a0\u00a0\u00a0\u00a0\u00a0\u00a0\u00a0\u00a0\u00a0\u00a0\u00a0\u00a0\u00a0\u00a0\u00a0\u00a0\u00a0\u00a0\u00a0\u00a0\u00a0\u00a0\u00a0\u00a0\u00a0\u00a0\u00a0\u00a0\u00a0\u00a0\u00a0\u00a0\u00a0\u00a0\u00a0\u00a0\u00a0\u00a0\u00a0\u00a0\u00a0\u00a0\u00a0\u00a0\u00a0\u00a0\u00a0\u00a0\u00a0\u00a0\u00a0\u00a0\u00a0\u00a0\u00a0\u00a0\u00a0\u00a0\u00a0\u00a0\u00a0 <a title=\"Samedi 12 juillet\" href=\"http:\/\/photos-et-compagnie.fr\/blog\/2014\/08\/samedi-12-juillet\/\">Samedi 12 juillet<\/a><\/p>\n","protected":false},"excerpt":{"rendered":"<p>Itin\u00e9raire A notre r\u00e9veil, avant de quitter l\u2019h\u00f4tel Eldborg pour Hellnar, nous profitons une derni\u00e8re fois de la vue sur le volcan du m\u00eame nom, dont le crat\u00e8re semble minuscule au regard des montagnes sur lesquelles il se d\u00e9coupe. Nous commen\u00e7ons notre p\u00e9riple de la journ\u00e9e en nous engageant sur une piste en direction des sources de Raudamelsolkelda. Nous profitons de quelques jolis points de vue, mais d\u00e9cidons de rebrousser chemin avant d&rsquo;arriver au but, inquiets de la capacit\u00e9 de notre petite voiture \u00e0 supporter l&rsquo;\u00e9tat de la piste, de plus en plus cahoteuse. La route 54, qui longe la p\u00e9ninsule de Snaefellness par le sud, offre de nombreux points d&rsquo;int\u00e9r\u00eats : petites \u00e9glises, plages, canyon, &#8230; les pr\u00e9textes \u00e0 un arr\u00eat photo ne manquent pas. Quelques kilom\u00e8tres avant Hellnar, un immense champ de lave apparait sur notre gauche, entre mer et montagne. Perdue au milieu de ce paysage d\u00e9sol\u00e9,..<\/p>\n","protected":false},"author":1,"featured_media":0,"comment_status":"open","ping_status":"open","sticky":false,"template":"","format":"standard","meta":[],"categories":[3],"tags":[],"_links":{"self":[{"href":"https:\/\/photos-et-compagnie.fr\/blog\/wp-json\/wp\/v2\/posts\/209"}],"collection":[{"href":"https:\/\/photos-et-compagnie.fr\/blog\/wp-json\/wp\/v2\/posts"}],"about":[{"href":"https:\/\/photos-et-compagnie.fr\/blog\/wp-json\/wp\/v2\/types\/post"}],"author":[{"embeddable":true,"href":"https:\/\/photos-et-compagnie.fr\/blog\/wp-json\/wp\/v2\/users\/1"}],"replies":[{"embeddable":true,"href":"https:\/\/photos-et-compagnie.fr\/blog\/wp-json\/wp\/v2\/comments?post=209"}],"version-history":[{"count":0,"href":"https:\/\/photos-et-compagnie.fr\/blog\/wp-json\/wp\/v2\/posts\/209\/revisions"}],"wp:attachment":[{"href":"https:\/\/photos-et-compagnie.fr\/blog\/wp-json\/wp\/v2\/media?parent=209"}],"wp:term":[{"taxonomy":"category","embeddable":true,"href":"https:\/\/photos-et-compagnie.fr\/blog\/wp-json\/wp\/v2\/categories?post=209"},{"taxonomy":"post_tag","embeddable":true,"href":"https:\/\/photos-et-compagnie.fr\/blog\/wp-json\/wp\/v2\/tags?post=209"}],"curies":[{"name":"wp","href":"https:\/\/api.w.org\/{rel}","templated":true}]}}