{"id":211,"date":"2014-08-04T09:52:59","date_gmt":"2014-08-04T07:52:59","guid":{"rendered":"http:\/\/photos-et-compagnie.fr\/blog\/?p=211"},"modified":"2014-08-04T09:52:59","modified_gmt":"2014-08-04T07:52:59","slug":"samedi-12-juillet","status":"publish","type":"post","link":"https:\/\/photos-et-compagnie.fr\/blog\/2014\/08\/samedi-12-juillet\/","title":{"rendered":"Samedi 12 juillet"},"content":{"rendered":"<p style=\"text-align: justify;\"><strong><span style=\"text-decoration: underline;\">Itin\u00e9raire<\/span><\/strong><\/p>\n<p style=\"text-align: justify;\"><a href=\"https:\/\/lh4.googleusercontent.com\/-pAhvLgXkPpw\/U8ksG7REZbI\/AAAAAAAAE-8\/x2EpiSVvXN0\/w828-h433-no\/Capture.JPG\"><img decoding=\"async\" loading=\"lazy\" class=\"aligncenter\" src=\"https:\/\/lh4.googleusercontent.com\/-pAhvLgXkPpw\/U8ksG7REZbI\/AAAAAAAAE-8\/x2EpiSVvXN0\/w828-h433-no\/Capture.JPG\" alt=\"\" width=\"828\" height=\"433\" \/><\/a><\/p>\n<p style=\"text-align: justify;\">Nous profiterons ce jour l\u00e0 d&rsquo;une belle matin\u00e9e de beau temps, qui nous permet de faire notre premi\u00e8re (et quasiment seule) randonn\u00e9e du s\u00e9jour, le long du petit sentier c\u00f4tier qui relier Hellnar \u00e0 Arnarstapi.<\/p>\n<div style=\"width: 1010px\" class=\"wp-caption aligncenter\"><a href=\"https:\/\/lh6.googleusercontent.com\/-hZSuzxNredY\/U96gOx_6I4I\/AAAAAAAAFn4\/p9LqU18uLsQ\/w1000-h385-no\/IMG_5788.JPG\"><img decoding=\"async\" loading=\"lazy\" src=\"https:\/\/lh6.googleusercontent.com\/-hZSuzxNredY\/U96gOx_6I4I\/AAAAAAAAFn4\/p9LqU18uLsQ\/w1000-h385-no\/IMG_5788.JPG\" alt=\"\" width=\"1000\" height=\"385\" \/><\/a><p class=\"wp-caption-text\">Hellnar<\/p><\/div>\n<p style=\"text-align: justify;\">Nous poursuivons ensuite notre route vers l&rsquo;ouest et l&rsquo;extr\u00e9mit\u00e9 de la p\u00e9ninsule.<\/p>\n<div style=\"width: 1010px\" class=\"wp-caption aligncenter\"><a href=\"https:\/\/lh5.googleusercontent.com\/--OO-Qapkaxg\/U96gPbHAZGI\/AAAAAAAAFn8\/Mf8WDjJzrDw\/w1000-h667-no\/IMG_5827.JPG\"><img decoding=\"async\" loading=\"lazy\" src=\"https:\/\/lh5.googleusercontent.com\/--OO-Qapkaxg\/U96gPbHAZGI\/AAAAAAAAFn8\/Mf8WDjJzrDw\/w1000-h667-no\/IMG_5827.JPG\" alt=\"\" width=\"1000\" height=\"667\" \/><\/a><p class=\"wp-caption-text\">Route 574, p\u00e9ninsule de Snaefellness<\/p><\/div>\n<p style=\"text-align: justify;\">Un arr\u00eat sur la plage de Dj\u00fapal\u00f3nssandur nous permet d\u2019appr\u00e9cier une belle vue sur le Sn\u00e6fellsj\u00f6kull, dont le sommet est enfin d\u00e9gag\u00e9.<\/p>\n<div style=\"width: 1010px\" class=\"wp-caption aligncenter\"><a href=\"https:\/\/lh5.googleusercontent.com\/-yNm73j8X4Nk\/U96gPZYAXhI\/AAAAAAAAFoA\/3RWDL607LQE\/w1000-h667-no\/IMG_5836.JPG\"><img decoding=\"async\" loading=\"lazy\" src=\"https:\/\/lh5.googleusercontent.com\/-yNm73j8X4Nk\/U96gPZYAXhI\/AAAAAAAAFoA\/3RWDL607LQE\/w1000-h667-no\/IMG_5836.JPG\" alt=\"\" width=\"1000\" height=\"667\" \/><\/a><p class=\"wp-caption-text\">Dj\u00fapal\u00f3nssandur<\/p><\/div>\n<p style=\"text-align: justify;\">Un panneau nous apprend qu&rsquo;un bateau de p\u00eache y a fait naufrage en 1948, et que nous sommes invit\u00e9s \u00e0 ne pas toucher ou d\u00e9placer les d\u00e9bris de l&rsquo;\u00e9pave.<\/p>\n<p style=\"text-align: justify;\">Une petite demi heure de marche dans un champ de lave nous permet d&rsquo;acc\u00e9der \u00e0 la jolie plage d\u00e9serte de Dritvik. Difficile d&rsquo;imaginer que Dritvik fut l&rsquo;un des ports de p\u00eache les plus actifs de l&rsquo;\u00eele, h\u00e9bergeant jusqu&rsquo;\u00e0 60 bateaux et 400 p\u00e9cheurs.<\/p>\n<div style=\"width: 1010px\" class=\"wp-caption aligncenter\"><a href=\"https:\/\/lh6.googleusercontent.com\/-BmHU8caKcuU\/U96gSn7U88I\/AAAAAAAAFoo\/LrDzs6rLx7E\/w1000-h500-no\/IMG_2378.JPG\"><img decoding=\"async\" loading=\"lazy\" src=\"https:\/\/lh6.googleusercontent.com\/-BmHU8caKcuU\/U96gSn7U88I\/AAAAAAAAFoo\/LrDzs6rLx7E\/w1000-h500-no\/IMG_2378.JPG\" alt=\"\" width=\"1000\" height=\"500\" \/><\/a><p class=\"wp-caption-text\">Dritvik<\/p><\/div>\n<p style=\"text-align: justify;\">Un dernier coup d&rsquo;oeil au Sn\u00e6fellsj\u00f6kull et nous repartons &#8230;<\/p>\n<div style=\"width: 1010px\" class=\"wp-caption aligncenter\"><a href=\"https:\/\/lh5.googleusercontent.com\/-_XBPh8uumm8\/U96gQnHz7HI\/AAAAAAAAFoI\/Ye4k9QGzq_A\/w1000-h500-no\/IMG_5860.JPG\"><img decoding=\"async\" loading=\"lazy\" src=\"https:\/\/lh5.googleusercontent.com\/-_XBPh8uumm8\/U96gQnHz7HI\/AAAAAAAAFoI\/Ye4k9QGzq_A\/w1000-h500-no\/IMG_5860.JPG\" alt=\"\" width=\"1000\" height=\"500\" \/><\/a><p class=\"wp-caption-text\">Sn\u00e6fellsj\u00f6kull<\/p><\/div>\n<p style=\"text-align: justify;\">&#8230; pour atteindre l&rsquo;extr\u00e9mit\u00e9 ouest de la p\u00e9ninsule, et le volcan Saxh\u00f3ll.<\/p>\n<div style=\"width: 1010px\" class=\"wp-caption aligncenter\"><a href=\"https:\/\/lh6.googleusercontent.com\/-sA8b75I0vmY\/U96gRKw2PQI\/AAAAAAAAFoU\/pXbzVXYeWHY\/w1000-h667-no\/IMG_5873-Modifier.JPG\"><img decoding=\"async\" loading=\"lazy\" src=\"https:\/\/lh6.googleusercontent.com\/-sA8b75I0vmY\/U96gRKw2PQI\/AAAAAAAAFoU\/pXbzVXYeWHY\/w1000-h667-no\/IMG_5873-Modifier.JPG\" alt=\"\" width=\"1000\" height=\"667\" \/><\/a><p class=\"wp-caption-text\">Saxh\u00f3ll<\/p><\/div>\n<p style=\"text-align: justify;\">Nous retrouverons les nuages lors de notre arriv\u00e9e sur la partie nord de la p\u00e9ninsule. La route 574 serpente entre la mer et les montagnes, jusqu&rsquo;au village de Grundarfj\u00f6r\u00f0ur, que suprlombe la \u00ab\u00a0montagne \u00e9glise\u00a0\u00bb,\u00a0 Kirkjufell.<\/p>\n<div style=\"width: 1010px\" class=\"wp-caption aligncenter\"><a href=\"https:\/\/lh4.googleusercontent.com\/-ds0bYOj_HHQ\/U96gTfuxtGI\/AAAAAAAAFow\/UojaKATfj6g\/w1000-h562-no\/IMG_2393.JPG\"><img decoding=\"async\" loading=\"lazy\" src=\"https:\/\/lh4.googleusercontent.com\/-ds0bYOj_HHQ\/U96gTfuxtGI\/AAAAAAAAFow\/UojaKATfj6g\/w1000-h562-no\/IMG_2393.JPG\" alt=\"\" width=\"1000\" height=\"562\" \/><\/a><p class=\"wp-caption-text\">Kirkjufell<\/p><\/div>\n<p style=\"text-align: justify;\">Le long de la route, quelque chevaux islandais dans une attitude observ\u00e9e tr\u00e8s fr\u00e9quemment (\u00e9pouillage mutuel ?).<\/p>\n<div style=\"width: 1010px\" class=\"wp-caption aligncenter\"><a href=\"https:\/\/lh3.googleusercontent.com\/-7q-vg_ATVbE\/U96gRn5RzlI\/AAAAAAAAFoY\/ad75hzmCbg0\/w1000-h667-no\/IMG_5889.JPG\"><img decoding=\"async\" loading=\"lazy\" src=\"https:\/\/lh3.googleusercontent.com\/-7q-vg_ATVbE\/U96gRn5RzlI\/AAAAAAAAFoY\/ad75hzmCbg0\/w1000-h667-no\/IMG_5889.JPG\" alt=\"\" width=\"1000\" height=\"667\" \/><\/a><p class=\"wp-caption-text\">Chevaux islandais<\/p><\/div>\n<p style=\"text-align: justify;\">Nous ferons escale ce soir l\u00e0 \u00e0 Stykkish\u00f3lmur, petit village au bord de la magnifique Brei\u00f0afj\u00f6r\u00f0ur, baie constell\u00e9e de millier d\u2019ilots, s\u00e9parant la p\u00e9ninsule de Snaefellness des fjords de l&rsquo;ouest.<\/p>\n<div style=\"width: 1010px\" class=\"wp-caption aligncenter\"><a href=\"https:\/\/lh3.googleusercontent.com\/-fE-JTWKDV5k\/U96gSFQjpHI\/AAAAAAAAFok\/PeDQAac_tQc\/w1000-h667-no\/IMG_5900.JPG\"><img decoding=\"async\" loading=\"lazy\" src=\"https:\/\/lh3.googleusercontent.com\/-fE-JTWKDV5k\/U96gSFQjpHI\/AAAAAAAAFok\/PeDQAac_tQc\/w1000-h667-no\/IMG_5900.JPG\" alt=\"\" width=\"1000\" height=\"667\" \/><\/a><p class=\"wp-caption-text\">Eglise de Stykkish\u00f3lmur<\/p><\/div>\n<p>&nbsp;<\/p>\n<p><a title=\"Vendredi 11 juillet\" href=\"http:\/\/photos-et-compagnie.fr\/blog\/2014\/08\/vendredi-11-juillet\/\">Vendredi 11 juillet\u00a0<\/a>\u00a0\u00a0\u00a0\u00a0\u00a0\u00a0\u00a0\u00a0\u00a0\u00a0\u00a0\u00a0\u00a0\u00a0\u00a0\u00a0\u00a0\u00a0\u00a0\u00a0\u00a0\u00a0\u00a0\u00a0\u00a0\u00a0\u00a0\u00a0\u00a0\u00a0\u00a0\u00a0\u00a0\u00a0\u00a0\u00a0\u00a0\u00a0\u00a0\u00a0\u00a0\u00a0\u00a0\u00a0\u00a0\u00a0\u00a0\u00a0\u00a0\u00a0\u00a0\u00a0\u00a0\u00a0\u00a0\u00a0\u00a0\u00a0\u00a0\u00a0\u00a0\u00a0\u00a0\u00a0\u00a0\u00a0 <a title=\"Dimanche 13 juillet\" href=\"http:\/\/photos-et-compagnie.fr\/blog\/2014\/08\/dimanche-13-juillet\/\">Dimanche 13 juillet<\/a><\/p>\n","protected":false},"excerpt":{"rendered":"<p>Itin\u00e9raire Nous profiterons ce jour l\u00e0 d&rsquo;une belle matin\u00e9e de beau temps, qui nous permet de faire notre premi\u00e8re (et quasiment seule) randonn\u00e9e du s\u00e9jour, le long du petit sentier c\u00f4tier qui relier Hellnar \u00e0 Arnarstapi. Nous poursuivons ensuite notre route vers l&rsquo;ouest et l&rsquo;extr\u00e9mit\u00e9 de la p\u00e9ninsule. Un arr\u00eat sur la plage de Dj\u00fapal\u00f3nssandur nous permet d\u2019appr\u00e9cier une belle vue sur le Sn\u00e6fellsj\u00f6kull, dont le sommet est enfin d\u00e9gag\u00e9. Un panneau nous apprend qu&rsquo;un bateau de p\u00eache y a fait naufrage en 1948, et que nous sommes invit\u00e9s \u00e0 ne pas toucher ou d\u00e9placer les d\u00e9bris de l&rsquo;\u00e9pave. Une petite demi heure de marche dans un champ de lave nous permet d&rsquo;acc\u00e9der \u00e0 la jolie plage d\u00e9serte de Dritvik. Difficile d&rsquo;imaginer que Dritvik fut l&rsquo;un des ports de p\u00eache les plus actifs de l&rsquo;\u00eele, h\u00e9bergeant jusqu&rsquo;\u00e0 60 bateaux et 400 p\u00e9cheurs. Un dernier coup d&rsquo;oeil au Sn\u00e6fellsj\u00f6kull et nous..<\/p>\n","protected":false},"author":1,"featured_media":0,"comment_status":"open","ping_status":"open","sticky":false,"template":"","format":"standard","meta":[],"categories":[3],"tags":[],"_links":{"self":[{"href":"https:\/\/photos-et-compagnie.fr\/blog\/wp-json\/wp\/v2\/posts\/211"}],"collection":[{"href":"https:\/\/photos-et-compagnie.fr\/blog\/wp-json\/wp\/v2\/posts"}],"about":[{"href":"https:\/\/photos-et-compagnie.fr\/blog\/wp-json\/wp\/v2\/types\/post"}],"author":[{"embeddable":true,"href":"https:\/\/photos-et-compagnie.fr\/blog\/wp-json\/wp\/v2\/users\/1"}],"replies":[{"embeddable":true,"href":"https:\/\/photos-et-compagnie.fr\/blog\/wp-json\/wp\/v2\/comments?post=211"}],"version-history":[{"count":0,"href":"https:\/\/photos-et-compagnie.fr\/blog\/wp-json\/wp\/v2\/posts\/211\/revisions"}],"wp:attachment":[{"href":"https:\/\/photos-et-compagnie.fr\/blog\/wp-json\/wp\/v2\/media?parent=211"}],"wp:term":[{"taxonomy":"category","embeddable":true,"href":"https:\/\/photos-et-compagnie.fr\/blog\/wp-json\/wp\/v2\/categories?post=211"},{"taxonomy":"post_tag","embeddable":true,"href":"https:\/\/photos-et-compagnie.fr\/blog\/wp-json\/wp\/v2\/tags?post=211"}],"curies":[{"name":"wp","href":"https:\/\/api.w.org\/{rel}","templated":true}]}}