{"id":213,"date":"2014-08-04T09:53:20","date_gmt":"2014-08-04T07:53:20","guid":{"rendered":"http:\/\/photos-et-compagnie.fr\/blog\/?p=213"},"modified":"2014-08-04T09:53:20","modified_gmt":"2014-08-04T07:53:20","slug":"dimanche-13-juillet","status":"publish","type":"post","link":"https:\/\/photos-et-compagnie.fr\/blog\/2014\/08\/dimanche-13-juillet\/","title":{"rendered":"Dimanche 13 juillet"},"content":{"rendered":"<p style=\"text-align: justify;\"><a href=\"https:\/\/lh3.googleusercontent.com\/-DTabViVg-rU\/U8kwfL2OlVI\/AAAAAAAAFBY\/qN57cI1bR7Q\/w601-h539-no\/Capture.JPG\"><img decoding=\"async\" loading=\"lazy\" class=\"aligncenter\" src=\"https:\/\/lh3.googleusercontent.com\/-DTabViVg-rU\/U8kwfL2OlVI\/AAAAAAAAFBY\/qN57cI1bR7Q\/w601-h539-no\/Capture.JPG\" alt=\"\" width=\"601\" height=\"539\" \/><\/a><\/p>\n<p style=\"text-align: justify;\">Nous quittons Stykkish\u00f3lmur par la route 54, qui continue \u00e0 longer le Brei\u00f0afj\u00f6r\u00f0ur et, malgr\u00e9 l&rsquo;absence de goudron, reste tout \u00e0 fait praticable en voiture \u00ab\u00a0classique\u00a0\u00bb.\u00a0 L&rsquo;occasion de croiser quelques villages et maisons, isol\u00e9s, au bord du fjord, loin de toute civilisation.<\/p>\n<div style=\"width: 1010px\" class=\"wp-caption aligncenter\"><a href=\"https:\/\/lh4.googleusercontent.com\/-PR7PgUDrwrE\/U96f0bu3EaI\/AAAAAAAAFnc\/GIxbrUC0tXY\/w1000-h500-no\/IMG_5906.JPG\"><img decoding=\"async\" loading=\"lazy\" src=\"https:\/\/lh4.googleusercontent.com\/-PR7PgUDrwrE\/U96f0bu3EaI\/AAAAAAAAFnc\/GIxbrUC0tXY\/w1000-h500-no\/IMG_5906.JPG\" alt=\"\" width=\"1000\" height=\"500\" \/><\/a><p class=\"wp-caption-text\">Route 54 Est, Brei\u00f0afj\u00f6r\u00f0ur<\/p><\/div>\n<p style=\"text-align: justify;\">Nous retrouvons ensuite le goudron, et quittons d\u00e9finitivement le\u00a0Brei\u00f0afj\u00f6r\u00f0ur pour obliquer\u00a0 vers le sud, direction Reykjavik. Sur le chemin, aux alentours du village de Bifr\u00f6st, nous grimpons au sommet du Gr\u00e1br\u00f3k, un volcan dont le sommet du crat\u00e8re offre un joli point de vue &#8230; sur d&rsquo;autres crat\u00e8res.<\/p>\n<div style=\"width: 1010px\" class=\"wp-caption aligncenter\"><a href=\"https:\/\/lh5.googleusercontent.com\/-k1fhric6HQs\/U96f0W1kzRI\/AAAAAAAAFnU\/_vN4yc_zGac\/w1000-h667-no\/IMG_5935.JPG\"><img decoding=\"async\" loading=\"lazy\" src=\"https:\/\/lh5.googleusercontent.com\/-k1fhric6HQs\/U96f0W1kzRI\/AAAAAAAAFnU\/_vN4yc_zGac\/w1000-h667-no\/IMG_5935.JPG\" alt=\"\" width=\"1000\" height=\"667\" \/><\/a><p class=\"wp-caption-text\">Vue du sommet du Gr\u00e1br\u00f3k<\/p><\/div>\n<p style=\"text-align: justify;\">A deux pas de l\u00e0, la belle chute de Glanni nous tend les bras &#8230;.<\/p>\n<div style=\"width: 1010px\" class=\"wp-caption aligncenter\"><a href=\"https:\/\/lh6.googleusercontent.com\/-IkB057dBgvI\/U96f0a9dQtI\/AAAAAAAAFnY\/A-IY6AlCLt4\/w1000-h667-no\/IMG_5954.JPG\"><img decoding=\"async\" loading=\"lazy\" src=\"https:\/\/lh6.googleusercontent.com\/-IkB057dBgvI\/U96f0a9dQtI\/AAAAAAAAFnY\/A-IY6AlCLt4\/w1000-h667-no\/IMG_5954.JPG\" alt=\"\" width=\"1000\" height=\"667\" \/><\/a><p class=\"wp-caption-text\">Glanni<\/p><\/div>\n<p style=\"text-align: justify;\">&#8230; avant de laisser la place au Paradisaraut, lieu qui porte bien son nom : une rivi\u00e8re, des arbres (rare en Islande &#8230;), et une vasque d&rsquo;eau claire entour\u00e9e de rochers color\u00e9s, bref un vrai petit coin de paradis, auquel malheureusement je n&rsquo;ai pas r\u00e9ussi \u00e0 rendre justice en photo \ud83d\ude41 .<\/p>\n<p style=\"text-align: justify;\">Nous rejoignons ensuite Reykjavik, o\u00f9 nous nous installons, pour nos trois derni\u00e8res nuits en Islande, \u00e0 la Baldursbra Guesthouse, une chambre d&rsquo;h\u00f4te id\u00e9alement plac\u00e9e au centre de la ville, tenue par un couple de fran\u00e7ais. Nous terminerons la journ\u00e9e en beaut\u00e9 par un menu d\u00e9gustation au restaurant Fish Market : neuf plats, tous plus d\u00e9licieux les uns que les autres &#8230; qui a dit que l&rsquo;Islande n&rsquo;\u00e9tait pas une destination gastronomique ?<\/p>\n<p style=\"text-align: justify;\"><a title=\"Samedi 12 juillet\" href=\"http:\/\/photos-et-compagnie.fr\/blog\/2014\/08\/samedi-12-juillet\/\">Samedi 12 juillet<\/a>\u00a0\u00a0\u00a0\u00a0\u00a0\u00a0\u00a0\u00a0\u00a0\u00a0\u00a0\u00a0\u00a0\u00a0\u00a0\u00a0\u00a0\u00a0\u00a0\u00a0\u00a0\u00a0\u00a0\u00a0\u00a0\u00a0\u00a0\u00a0\u00a0\u00a0\u00a0\u00a0\u00a0\u00a0\u00a0\u00a0\u00a0\u00a0\u00a0\u00a0\u00a0\u00a0\u00a0\u00a0\u00a0\u00a0\u00a0\u00a0\u00a0\u00a0\u00a0\u00a0\u00a0\u00a0\u00a0\u00a0\u00a0\u00a0\u00a0\u00a0\u00a0\u00a0\u00a0\u00a0\u00a0\u00a0\u00a0\u00a0\u00a0\u00a0\u00a0\u00a0\u00a0\u00a0\u00a0\u00a0\u00a0\u00a0\u00a0\u00a0\u00a0 <a title=\"Lundi 14 juillet\" href=\"http:\/\/photos-et-compagnie.fr\/blog\/2014\/08\/lundi-14-juillet\/\">Lundi 14 juillet<\/a><\/p>\n","protected":false},"excerpt":{"rendered":"<p>Nous quittons Stykkish\u00f3lmur par la route 54, qui continue \u00e0 longer le Brei\u00f0afj\u00f6r\u00f0ur et, malgr\u00e9 l&rsquo;absence de goudron, reste tout \u00e0 fait praticable en voiture \u00ab\u00a0classique\u00a0\u00bb.\u00a0 L&rsquo;occasion de croiser quelques villages et maisons, isol\u00e9s, au bord du fjord, loin de toute civilisation. Nous retrouvons ensuite le goudron, et quittons d\u00e9finitivement le\u00a0Brei\u00f0afj\u00f6r\u00f0ur pour obliquer\u00a0 vers le sud, direction Reykjavik. Sur le chemin, aux alentours du village de Bifr\u00f6st, nous grimpons au sommet du Gr\u00e1br\u00f3k, un volcan dont le sommet du crat\u00e8re offre un joli point de vue &#8230; sur d&rsquo;autres crat\u00e8res. A deux pas de l\u00e0, la belle chute de Glanni nous tend les bras &#8230;. &#8230; avant de laisser la place au Paradisaraut, lieu qui porte bien son nom : une rivi\u00e8re, des arbres (rare en Islande &#8230;), et une vasque d&rsquo;eau claire entour\u00e9e de rochers color\u00e9s, bref un vrai petit coin de paradis, auquel malheureusement je n&rsquo;ai pas r\u00e9ussi..<\/p>\n","protected":false},"author":1,"featured_media":0,"comment_status":"open","ping_status":"open","sticky":false,"template":"","format":"standard","meta":[],"categories":[3],"tags":[],"_links":{"self":[{"href":"https:\/\/photos-et-compagnie.fr\/blog\/wp-json\/wp\/v2\/posts\/213"}],"collection":[{"href":"https:\/\/photos-et-compagnie.fr\/blog\/wp-json\/wp\/v2\/posts"}],"about":[{"href":"https:\/\/photos-et-compagnie.fr\/blog\/wp-json\/wp\/v2\/types\/post"}],"author":[{"embeddable":true,"href":"https:\/\/photos-et-compagnie.fr\/blog\/wp-json\/wp\/v2\/users\/1"}],"replies":[{"embeddable":true,"href":"https:\/\/photos-et-compagnie.fr\/blog\/wp-json\/wp\/v2\/comments?post=213"}],"version-history":[{"count":0,"href":"https:\/\/photos-et-compagnie.fr\/blog\/wp-json\/wp\/v2\/posts\/213\/revisions"}],"wp:attachment":[{"href":"https:\/\/photos-et-compagnie.fr\/blog\/wp-json\/wp\/v2\/media?parent=213"}],"wp:term":[{"taxonomy":"category","embeddable":true,"href":"https:\/\/photos-et-compagnie.fr\/blog\/wp-json\/wp\/v2\/categories?post=213"},{"taxonomy":"post_tag","embeddable":true,"href":"https:\/\/photos-et-compagnie.fr\/blog\/wp-json\/wp\/v2\/tags?post=213"}],"curies":[{"name":"wp","href":"https:\/\/api.w.org\/{rel}","templated":true}]}}