{"id":2152,"date":"2024-07-19T17:07:40","date_gmt":"2024-07-19T17:07:40","guid":{"rendered":"https:\/\/photos-et-compagnie.fr\/blog\/?p=2152"},"modified":"2024-08-31T05:24:44","modified_gmt":"2024-08-31T05:24:44","slug":"jour-6-maison-forestiere-de-mariailles-cabane-de-tirapits","status":"publish","type":"post","link":"https:\/\/photos-et-compagnie.fr\/blog\/2024\/07\/jour-6-maison-forestiere-de-mariailles-cabane-de-tirapits\/","title":{"rendered":"Jour 6 &#8211; Maison Foresti\u00e8re de Mariailles -> Cabane de Tirapits"},"content":{"rendered":"<p><span style=\"text-decoration: underline;\"><strong>Vendredi 19 juillet<\/strong><\/span><\/p>\n<p><iframe style=\"border: 0; width: 100%; height: 540px;\" src=\"https:\/\/www.visugpx.com\/sxAM5XK1kO?iframe&amp;t=6&amp;otm\" scrolling=\"no\" allowfullscreen=\"allowfullscreen\"><\/iframe><br \/>\nUne journ\u00e9e charg\u00e9e en kilom\u00e8tres, en d\u00e9nivel\u00e9 mais \u00e9galement en \u00e9motions vari\u00e9es\u00a0!<\/p>\n<p>Notre routine matinale est d\u00e9sormais bien \u00e9tablie, et comme chaque jour nous commen\u00e7ons \u00e0 marcher peu apr\u00e8s 7 heures du matin. Nous commen\u00e7ons par un petit d\u00e9crassage, avec une bonne grimpette de 400 m\u00e8tres de d\u00e9nivel\u00e9 sur un chemin facile. L\u2019environnement est forestier au d\u00e9marrage, puis les arbres deviennent plus clairsem\u00e9s.<\/p>\n<div id=\"attachment_2157\" style=\"width: 2010px\" class=\"wp-caption aligncenter\"><a href=\"https:\/\/photos-et-compagnie.fr\/blog\/wp-content\/uploads\/2024\/07\/20240719_084310.jpg\"><img aria-describedby=\"caption-attachment-2157\" decoding=\"async\" loading=\"lazy\" class=\"size-full wp-image-2157\" src=\"https:\/\/photos-et-compagnie.fr\/blog\/wp-content\/uploads\/2024\/07\/20240719_084310.jpg\" alt=\"\" width=\"2000\" height=\"1500\" srcset=\"https:\/\/photos-et-compagnie.fr\/blog\/wp-content\/uploads\/2024\/07\/20240719_084310.jpg 2000w, https:\/\/photos-et-compagnie.fr\/blog\/wp-content\/uploads\/2024\/07\/20240719_084310-300x225.jpg 300w, https:\/\/photos-et-compagnie.fr\/blog\/wp-content\/uploads\/2024\/07\/20240719_084310-1024x768.jpg 1024w, https:\/\/photos-et-compagnie.fr\/blog\/wp-content\/uploads\/2024\/07\/20240719_084310-768x576.jpg 768w, https:\/\/photos-et-compagnie.fr\/blog\/wp-content\/uploads\/2024\/07\/20240719_084310-1536x1152.jpg 1536w, https:\/\/photos-et-compagnie.fr\/blog\/wp-content\/uploads\/2024\/07\/20240719_084310-400x300.jpg 400w, https:\/\/photos-et-compagnie.fr\/blog\/wp-content\/uploads\/2024\/07\/20240719_084310-840x630.jpg 840w\" sizes=\"(max-width: 2000px) 100vw, 2000px\" \/><\/a><p id=\"caption-attachment-2157\" class=\"wp-caption-text\">Mont\u00e9e vers Pla Guillem<\/p><\/div>\n<p>Au bout d\u2019un peu moins de deux heures de marche, l\u2019environnement change du tout au tout, comme nous d\u00e9bouchons sur le \u00ab Pla Guillem \u00bb : il s\u2019agit d\u2019un endroit unique dans les Pyr\u00e9n\u00e9es, un immense plateau d\u2019altitude, une grande \u00e9tendue d\u2019herbe \u00e0 perte de vue \u2026. Un environnement tr\u00e8s agr\u00e9able, et propice \u00e0 une marche sans effort \u2026 du moins dans les conditions o\u00f9 nous l\u2019avons travers\u00e9. Par temps de brouillard et\/ou d\u2019orage, en l\u2019absence de rep\u00e8res et de protection contre les \u00e9l\u00e9ments, cela doit \u00e9videmment \u00eatre une autre histoire\u00a0: deux jours apr\u00e8s notre passage, les secours en montagne ont d\u2019ailleurs d\u00fb s\u2019y rendre en pleine nuit, pour secourir des randonneurs qui avaient sous-estim\u00e9 les risques de mauvais temps.<\/p>\n<div id=\"attachment_2158\" style=\"width: 2010px\" class=\"wp-caption aligncenter\"><a href=\"https:\/\/photos-et-compagnie.fr\/blog\/wp-content\/uploads\/2024\/07\/p1026318.jpg\"><img aria-describedby=\"caption-attachment-2158\" decoding=\"async\" loading=\"lazy\" class=\"size-full wp-image-2158\" src=\"https:\/\/photos-et-compagnie.fr\/blog\/wp-content\/uploads\/2024\/07\/p1026318.jpg\" alt=\"\" width=\"2000\" height=\"1334\" srcset=\"https:\/\/photos-et-compagnie.fr\/blog\/wp-content\/uploads\/2024\/07\/p1026318.jpg 2000w, https:\/\/photos-et-compagnie.fr\/blog\/wp-content\/uploads\/2024\/07\/p1026318-300x200.jpg 300w, https:\/\/photos-et-compagnie.fr\/blog\/wp-content\/uploads\/2024\/07\/p1026318-1024x683.jpg 1024w, https:\/\/photos-et-compagnie.fr\/blog\/wp-content\/uploads\/2024\/07\/p1026318-768x512.jpg 768w, https:\/\/photos-et-compagnie.fr\/blog\/wp-content\/uploads\/2024\/07\/p1026318-1536x1025.jpg 1536w, https:\/\/photos-et-compagnie.fr\/blog\/wp-content\/uploads\/2024\/07\/p1026318-400x267.jpg 400w, https:\/\/photos-et-compagnie.fr\/blog\/wp-content\/uploads\/2024\/07\/p1026318-840x560.jpg 840w\" sizes=\"(max-width: 2000px) 100vw, 2000px\" \/><\/a><p id=\"caption-attachment-2158\" class=\"wp-caption-text\">Pla Guillem<\/p><\/div>\n<p>Une fois Pla Guillem derri\u00e8re nous, le chemin serpente \u00e0 l\u2019horizontale pendant de nombreux kilom\u00e8tres, et nous permet de profiter d\u2019une belle vue combinant reliefs et grandes \u00e9tendues.<\/p>\n<div id=\"attachment_2159\" style=\"width: 2010px\" class=\"wp-caption aligncenter\"><a href=\"https:\/\/photos-et-compagnie.fr\/blog\/wp-content\/uploads\/2024\/07\/p1026320.jpg\"><img aria-describedby=\"caption-attachment-2159\" decoding=\"async\" loading=\"lazy\" class=\"size-full wp-image-2159\" src=\"https:\/\/photos-et-compagnie.fr\/blog\/wp-content\/uploads\/2024\/07\/p1026320.jpg\" alt=\"\" width=\"2000\" height=\"1000\" srcset=\"https:\/\/photos-et-compagnie.fr\/blog\/wp-content\/uploads\/2024\/07\/p1026320.jpg 2000w, https:\/\/photos-et-compagnie.fr\/blog\/wp-content\/uploads\/2024\/07\/p1026320-300x150.jpg 300w, https:\/\/photos-et-compagnie.fr\/blog\/wp-content\/uploads\/2024\/07\/p1026320-1024x512.jpg 1024w, https:\/\/photos-et-compagnie.fr\/blog\/wp-content\/uploads\/2024\/07\/p1026320-768x384.jpg 768w, https:\/\/photos-et-compagnie.fr\/blog\/wp-content\/uploads\/2024\/07\/p1026320-1536x768.jpg 1536w, https:\/\/photos-et-compagnie.fr\/blog\/wp-content\/uploads\/2024\/07\/p1026320-400x200.jpg 400w, https:\/\/photos-et-compagnie.fr\/blog\/wp-content\/uploads\/2024\/07\/p1026320-840x420.jpg 840w\" sizes=\"(max-width: 2000px) 100vw, 2000px\" \/><\/a><p id=\"caption-attachment-2159\" class=\"wp-caption-text\">The long and winding road (1\/3)<\/p><\/div>\n<div id=\"attachment_2160\" style=\"width: 2010px\" class=\"wp-caption aligncenter\"><a href=\"https:\/\/photos-et-compagnie.fr\/blog\/wp-content\/uploads\/2024\/07\/p1026322.jpg\"><img aria-describedby=\"caption-attachment-2160\" decoding=\"async\" loading=\"lazy\" class=\"size-full wp-image-2160\" src=\"https:\/\/photos-et-compagnie.fr\/blog\/wp-content\/uploads\/2024\/07\/p1026322.jpg\" alt=\"\" width=\"2000\" height=\"1000\" srcset=\"https:\/\/photos-et-compagnie.fr\/blog\/wp-content\/uploads\/2024\/07\/p1026322.jpg 2000w, https:\/\/photos-et-compagnie.fr\/blog\/wp-content\/uploads\/2024\/07\/p1026322-300x150.jpg 300w, https:\/\/photos-et-compagnie.fr\/blog\/wp-content\/uploads\/2024\/07\/p1026322-1024x512.jpg 1024w, https:\/\/photos-et-compagnie.fr\/blog\/wp-content\/uploads\/2024\/07\/p1026322-768x384.jpg 768w, https:\/\/photos-et-compagnie.fr\/blog\/wp-content\/uploads\/2024\/07\/p1026322-1536x768.jpg 1536w, https:\/\/photos-et-compagnie.fr\/blog\/wp-content\/uploads\/2024\/07\/p1026322-400x200.jpg 400w, https:\/\/photos-et-compagnie.fr\/blog\/wp-content\/uploads\/2024\/07\/p1026322-840x420.jpg 840w\" sizes=\"(max-width: 2000px) 100vw, 2000px\" \/><\/a><p id=\"caption-attachment-2160\" class=\"wp-caption-text\">The long and winding road (2\/3)<\/p><\/div>\n<div id=\"attachment_2161\" style=\"width: 2010px\" class=\"wp-caption aligncenter\"><a href=\"https:\/\/photos-et-compagnie.fr\/blog\/wp-content\/uploads\/2024\/07\/p1026324.jpg\"><img aria-describedby=\"caption-attachment-2161\" decoding=\"async\" loading=\"lazy\" class=\"size-full wp-image-2161\" src=\"https:\/\/photos-et-compagnie.fr\/blog\/wp-content\/uploads\/2024\/07\/p1026324.jpg\" alt=\"\" width=\"2000\" height=\"1125\" srcset=\"https:\/\/photos-et-compagnie.fr\/blog\/wp-content\/uploads\/2024\/07\/p1026324.jpg 2000w, https:\/\/photos-et-compagnie.fr\/blog\/wp-content\/uploads\/2024\/07\/p1026324-300x169.jpg 300w, https:\/\/photos-et-compagnie.fr\/blog\/wp-content\/uploads\/2024\/07\/p1026324-1024x576.jpg 1024w, https:\/\/photos-et-compagnie.fr\/blog\/wp-content\/uploads\/2024\/07\/p1026324-768x432.jpg 768w, https:\/\/photos-et-compagnie.fr\/blog\/wp-content\/uploads\/2024\/07\/p1026324-1536x864.jpg 1536w, https:\/\/photos-et-compagnie.fr\/blog\/wp-content\/uploads\/2024\/07\/p1026324-400x225.jpg 400w, https:\/\/photos-et-compagnie.fr\/blog\/wp-content\/uploads\/2024\/07\/p1026324-840x473.jpg 840w\" sizes=\"(max-width: 2000px) 100vw, 2000px\" \/><\/a><p id=\"caption-attachment-2161\" class=\"wp-caption-text\">The long and winding road (3\/3)<\/p><\/div>\n<p>La pr\u00e9sence de quelques cols permet \u00e9galement de casser la monotonie et de varier les paysages.<\/p>\n<div id=\"attachment_2162\" style=\"width: 2010px\" class=\"wp-caption aligncenter\"><a href=\"https:\/\/photos-et-compagnie.fr\/blog\/wp-content\/uploads\/2024\/07\/p1026325.jpg\"><img aria-describedby=\"caption-attachment-2162\" decoding=\"async\" loading=\"lazy\" class=\"size-full wp-image-2162\" src=\"https:\/\/photos-et-compagnie.fr\/blog\/wp-content\/uploads\/2024\/07\/p1026325.jpg\" alt=\"\" width=\"2000\" height=\"1000\" srcset=\"https:\/\/photos-et-compagnie.fr\/blog\/wp-content\/uploads\/2024\/07\/p1026325.jpg 2000w, https:\/\/photos-et-compagnie.fr\/blog\/wp-content\/uploads\/2024\/07\/p1026325-300x150.jpg 300w, https:\/\/photos-et-compagnie.fr\/blog\/wp-content\/uploads\/2024\/07\/p1026325-1024x512.jpg 1024w, https:\/\/photos-et-compagnie.fr\/blog\/wp-content\/uploads\/2024\/07\/p1026325-768x384.jpg 768w, https:\/\/photos-et-compagnie.fr\/blog\/wp-content\/uploads\/2024\/07\/p1026325-1536x768.jpg 1536w, https:\/\/photos-et-compagnie.fr\/blog\/wp-content\/uploads\/2024\/07\/p1026325-400x200.jpg 400w, https:\/\/photos-et-compagnie.fr\/blog\/wp-content\/uploads\/2024\/07\/p1026325-840x420.jpg 840w\" sizes=\"(max-width: 2000px) 100vw, 2000px\" \/><\/a><p id=\"caption-attachment-2162\" class=\"wp-caption-text\">Vue d&rsquo;un des cols du parcours<\/p><\/div>\n<p>Le temps est l\u00e9g\u00e8rement couvert, il ne fait pas trop chaud, les vues sont splendides, bref les conditions sont id\u00e9ales.<\/p>\n<p>Vers midi, les nuages se dissipent et la chaleur se fait sentir. Nous faisons une pause rapide \u00e0 la cabane de la Portelle de Rotja, pensant nous y abriter pour pique-niquer. Mais il y fait beaucoup trop chaud. Nous repartons sur le chemin avec l\u2019espoir de trouver un peu d\u2019ombre. Non seulement cet espoir sera d\u00e9\u00e7u, mais nous r\u00e9alisons en plus que nous avons pris le mauvais chemin et qu\u2019au lieu de rester \u00e0 niveau nous sommes en train de descendre\u00a0&#x2639;. Au final cette erreur sera un mal pour un bien, car ce \u00ab\u00a0mauvais chemin\u00a0\u00bb nous rapproche d\u2019une source qui nous permet de remplir nos gourdes qui \u00e9taient presque \u00e0 sec. Nous faisons une halte \u00e0 proximit\u00e9 de la source, dans un environnement bucolique \u00e0 d\u00e9faut d\u2019\u00eatre ombrag\u00e9.<\/p>\n<p>Apr\u00e8s avoir rejoint le bon chemin nous continuons notre progression le long des cr\u00eates<\/p>\n<div id=\"attachment_2163\" style=\"width: 2010px\" class=\"wp-caption aligncenter\"><a href=\"https:\/\/photos-et-compagnie.fr\/blog\/wp-content\/uploads\/2024\/07\/p1026326.jpg\"><img aria-describedby=\"caption-attachment-2163\" decoding=\"async\" loading=\"lazy\" class=\"size-full wp-image-2163\" src=\"https:\/\/photos-et-compagnie.fr\/blog\/wp-content\/uploads\/2024\/07\/p1026326.jpg\" alt=\"\" width=\"2000\" height=\"1000\" srcset=\"https:\/\/photos-et-compagnie.fr\/blog\/wp-content\/uploads\/2024\/07\/p1026326.jpg 2000w, https:\/\/photos-et-compagnie.fr\/blog\/wp-content\/uploads\/2024\/07\/p1026326-300x150.jpg 300w, https:\/\/photos-et-compagnie.fr\/blog\/wp-content\/uploads\/2024\/07\/p1026326-1024x512.jpg 1024w, https:\/\/photos-et-compagnie.fr\/blog\/wp-content\/uploads\/2024\/07\/p1026326-768x384.jpg 768w, https:\/\/photos-et-compagnie.fr\/blog\/wp-content\/uploads\/2024\/07\/p1026326-1536x768.jpg 1536w, https:\/\/photos-et-compagnie.fr\/blog\/wp-content\/uploads\/2024\/07\/p1026326-400x200.jpg 400w, https:\/\/photos-et-compagnie.fr\/blog\/wp-content\/uploads\/2024\/07\/p1026326-840x420.jpg 840w\" sizes=\"(max-width: 2000px) 100vw, 2000px\" \/><\/a><p id=\"caption-attachment-2163\" class=\"wp-caption-text\">Montagnes et hauts plateaux (1\/3)<\/p><\/div>\n<div id=\"attachment_2165\" style=\"width: 2010px\" class=\"wp-caption aligncenter\"><a href=\"https:\/\/photos-et-compagnie.fr\/blog\/wp-content\/uploads\/2024\/07\/p1026329.jpg\"><img aria-describedby=\"caption-attachment-2165\" decoding=\"async\" loading=\"lazy\" class=\"size-full wp-image-2165\" src=\"https:\/\/photos-et-compagnie.fr\/blog\/wp-content\/uploads\/2024\/07\/p1026329.jpg\" alt=\"\" width=\"2000\" height=\"1334\" srcset=\"https:\/\/photos-et-compagnie.fr\/blog\/wp-content\/uploads\/2024\/07\/p1026329.jpg 2000w, https:\/\/photos-et-compagnie.fr\/blog\/wp-content\/uploads\/2024\/07\/p1026329-300x200.jpg 300w, https:\/\/photos-et-compagnie.fr\/blog\/wp-content\/uploads\/2024\/07\/p1026329-1024x683.jpg 1024w, https:\/\/photos-et-compagnie.fr\/blog\/wp-content\/uploads\/2024\/07\/p1026329-768x512.jpg 768w, https:\/\/photos-et-compagnie.fr\/blog\/wp-content\/uploads\/2024\/07\/p1026329-1536x1025.jpg 1536w, https:\/\/photos-et-compagnie.fr\/blog\/wp-content\/uploads\/2024\/07\/p1026329-400x267.jpg 400w, https:\/\/photos-et-compagnie.fr\/blog\/wp-content\/uploads\/2024\/07\/p1026329-840x560.jpg 840w\" sizes=\"(max-width: 2000px) 100vw, 2000px\" \/><\/a><p id=\"caption-attachment-2165\" class=\"wp-caption-text\">Montagnes et hauts plateaux (2\/3)<\/p><\/div>\n<div id=\"attachment_2164\" style=\"width: 2010px\" class=\"wp-caption aligncenter\"><a href=\"https:\/\/photos-et-compagnie.fr\/blog\/wp-content\/uploads\/2024\/07\/p1026327.jpg\"><img aria-describedby=\"caption-attachment-2164\" decoding=\"async\" loading=\"lazy\" class=\"size-full wp-image-2164\" src=\"https:\/\/photos-et-compagnie.fr\/blog\/wp-content\/uploads\/2024\/07\/p1026327.jpg\" alt=\"\" width=\"2000\" height=\"1000\" srcset=\"https:\/\/photos-et-compagnie.fr\/blog\/wp-content\/uploads\/2024\/07\/p1026327.jpg 2000w, https:\/\/photos-et-compagnie.fr\/blog\/wp-content\/uploads\/2024\/07\/p1026327-300x150.jpg 300w, https:\/\/photos-et-compagnie.fr\/blog\/wp-content\/uploads\/2024\/07\/p1026327-1024x512.jpg 1024w, https:\/\/photos-et-compagnie.fr\/blog\/wp-content\/uploads\/2024\/07\/p1026327-768x384.jpg 768w, https:\/\/photos-et-compagnie.fr\/blog\/wp-content\/uploads\/2024\/07\/p1026327-1536x768.jpg 1536w, https:\/\/photos-et-compagnie.fr\/blog\/wp-content\/uploads\/2024\/07\/p1026327-400x200.jpg 400w, https:\/\/photos-et-compagnie.fr\/blog\/wp-content\/uploads\/2024\/07\/p1026327-840x420.jpg 840w\" sizes=\"(max-width: 2000px) 100vw, 2000px\" \/><\/a><p id=\"caption-attachment-2164\" class=\"wp-caption-text\">Montagnes et hauts plateaux (3\/3)<\/p><\/div>\n<p>avant de passer la fronti\u00e8re pour amorcer notre descente vers la station espagnole de Valler 2000. Sans surprise, c\u2019est moche, et nous passons sans nous arr\u00eater.<\/p>\n<p>Encore un petit effort et nous atteignons le refuge Ull de Ter o\u00f9 nous faisons une pause g\u00e2teau \/ boisson et prenons des nouvelles de la m\u00e9t\u00e9o. Le g\u00e2teau est d\u00e9licieux, et la m\u00e9t\u00e9o indique des risques faibles d\u2019orage et de pluie en fin d\u2019apr\u00e8s-midi, suivis d\u2019une nuit d\u00e9gag\u00e9e. Comme il est encore t\u00f4t, nous d\u00e9cidons de poursuivre jusqu\u2019\u00e0 la cabane de Tirapits et de bivouaquer un peu en contrebas (le topo indique des emplacement possibles).<\/p>\n<div id=\"attachment_2166\" style=\"width: 2010px\" class=\"wp-caption aligncenter\"><a href=\"https:\/\/photos-et-compagnie.fr\/blog\/wp-content\/uploads\/2024\/07\/p1026331.jpg\"><img aria-describedby=\"caption-attachment-2166\" decoding=\"async\" loading=\"lazy\" class=\"size-full wp-image-2166\" src=\"https:\/\/photos-et-compagnie.fr\/blog\/wp-content\/uploads\/2024\/07\/p1026331.jpg\" alt=\"\" width=\"2000\" height=\"1000\" srcset=\"https:\/\/photos-et-compagnie.fr\/blog\/wp-content\/uploads\/2024\/07\/p1026331.jpg 2000w, https:\/\/photos-et-compagnie.fr\/blog\/wp-content\/uploads\/2024\/07\/p1026331-300x150.jpg 300w, https:\/\/photos-et-compagnie.fr\/blog\/wp-content\/uploads\/2024\/07\/p1026331-1024x512.jpg 1024w, https:\/\/photos-et-compagnie.fr\/blog\/wp-content\/uploads\/2024\/07\/p1026331-768x384.jpg 768w, https:\/\/photos-et-compagnie.fr\/blog\/wp-content\/uploads\/2024\/07\/p1026331-1536x768.jpg 1536w, https:\/\/photos-et-compagnie.fr\/blog\/wp-content\/uploads\/2024\/07\/p1026331-400x200.jpg 400w, https:\/\/photos-et-compagnie.fr\/blog\/wp-content\/uploads\/2024\/07\/p1026331-840x420.jpg 840w\" sizes=\"(max-width: 2000px) 100vw, 2000px\" \/><\/a><p id=\"caption-attachment-2166\" class=\"wp-caption-text\">Vers la cabane de Tirapits<\/p><\/div>\n<p>Sur le chemin nous croisons de nombreuses marmottes, et surtout un groupe d\u2019isards extr\u00eamement peu farouches. Nous sommes \u00e0 une vingtaine de m\u00e8tres, et passons un long moment \u00e0 les observer, savourant la chance qui nous est offerte.<\/p>\n<div id=\"attachment_2167\" style=\"width: 2010px\" class=\"wp-caption aligncenter\"><a href=\"https:\/\/photos-et-compagnie.fr\/blog\/wp-content\/uploads\/2024\/07\/p1026334.jpg\"><img aria-describedby=\"caption-attachment-2167\" decoding=\"async\" loading=\"lazy\" class=\"size-full wp-image-2167\" src=\"https:\/\/photos-et-compagnie.fr\/blog\/wp-content\/uploads\/2024\/07\/p1026334.jpg\" alt=\"\" width=\"2000\" height=\"1334\" srcset=\"https:\/\/photos-et-compagnie.fr\/blog\/wp-content\/uploads\/2024\/07\/p1026334.jpg 2000w, https:\/\/photos-et-compagnie.fr\/blog\/wp-content\/uploads\/2024\/07\/p1026334-300x200.jpg 300w, https:\/\/photos-et-compagnie.fr\/blog\/wp-content\/uploads\/2024\/07\/p1026334-1024x683.jpg 1024w, https:\/\/photos-et-compagnie.fr\/blog\/wp-content\/uploads\/2024\/07\/p1026334-768x512.jpg 768w, https:\/\/photos-et-compagnie.fr\/blog\/wp-content\/uploads\/2024\/07\/p1026334-1536x1025.jpg 1536w, https:\/\/photos-et-compagnie.fr\/blog\/wp-content\/uploads\/2024\/07\/p1026334-400x267.jpg 400w, https:\/\/photos-et-compagnie.fr\/blog\/wp-content\/uploads\/2024\/07\/p1026334-840x560.jpg 840w\" sizes=\"(max-width: 2000px) 100vw, 2000px\" \/><\/a><p id=\"caption-attachment-2167\" class=\"wp-caption-text\">En compagnie des isards (1\/4)<\/p><\/div>\n<div id=\"attachment_2168\" style=\"width: 2010px\" class=\"wp-caption aligncenter\"><a href=\"https:\/\/photos-et-compagnie.fr\/blog\/wp-content\/uploads\/2024\/07\/p1026335.jpg\"><img aria-describedby=\"caption-attachment-2168\" decoding=\"async\" loading=\"lazy\" class=\"size-full wp-image-2168\" src=\"https:\/\/photos-et-compagnie.fr\/blog\/wp-content\/uploads\/2024\/07\/p1026335.jpg\" alt=\"\" width=\"2000\" height=\"1334\" srcset=\"https:\/\/photos-et-compagnie.fr\/blog\/wp-content\/uploads\/2024\/07\/p1026335.jpg 2000w, https:\/\/photos-et-compagnie.fr\/blog\/wp-content\/uploads\/2024\/07\/p1026335-300x200.jpg 300w, https:\/\/photos-et-compagnie.fr\/blog\/wp-content\/uploads\/2024\/07\/p1026335-1024x683.jpg 1024w, https:\/\/photos-et-compagnie.fr\/blog\/wp-content\/uploads\/2024\/07\/p1026335-768x512.jpg 768w, https:\/\/photos-et-compagnie.fr\/blog\/wp-content\/uploads\/2024\/07\/p1026335-1536x1025.jpg 1536w, https:\/\/photos-et-compagnie.fr\/blog\/wp-content\/uploads\/2024\/07\/p1026335-400x267.jpg 400w, https:\/\/photos-et-compagnie.fr\/blog\/wp-content\/uploads\/2024\/07\/p1026335-840x560.jpg 840w\" sizes=\"(max-width: 2000px) 100vw, 2000px\" \/><\/a><p id=\"caption-attachment-2168\" class=\"wp-caption-text\">En compagnie des isards (2\/4)<\/p><\/div>\n<div id=\"attachment_2169\" style=\"width: 2010px\" class=\"wp-caption aligncenter\"><a href=\"https:\/\/photos-et-compagnie.fr\/blog\/wp-content\/uploads\/2024\/07\/p1026342.jpg\"><img aria-describedby=\"caption-attachment-2169\" decoding=\"async\" loading=\"lazy\" class=\"size-full wp-image-2169\" src=\"https:\/\/photos-et-compagnie.fr\/blog\/wp-content\/uploads\/2024\/07\/p1026342.jpg\" alt=\"\" width=\"2000\" height=\"1334\" srcset=\"https:\/\/photos-et-compagnie.fr\/blog\/wp-content\/uploads\/2024\/07\/p1026342.jpg 2000w, https:\/\/photos-et-compagnie.fr\/blog\/wp-content\/uploads\/2024\/07\/p1026342-300x200.jpg 300w, https:\/\/photos-et-compagnie.fr\/blog\/wp-content\/uploads\/2024\/07\/p1026342-1024x683.jpg 1024w, https:\/\/photos-et-compagnie.fr\/blog\/wp-content\/uploads\/2024\/07\/p1026342-768x512.jpg 768w, https:\/\/photos-et-compagnie.fr\/blog\/wp-content\/uploads\/2024\/07\/p1026342-1536x1025.jpg 1536w, https:\/\/photos-et-compagnie.fr\/blog\/wp-content\/uploads\/2024\/07\/p1026342-400x267.jpg 400w, https:\/\/photos-et-compagnie.fr\/blog\/wp-content\/uploads\/2024\/07\/p1026342-840x560.jpg 840w\" sizes=\"(max-width: 2000px) 100vw, 2000px\" \/><\/a><p id=\"caption-attachment-2169\" class=\"wp-caption-text\">En compagnie des isards (3\/4)<\/p><\/div>\n<div id=\"attachment_2171\" style=\"width: 2010px\" class=\"wp-caption aligncenter\"><a href=\"https:\/\/photos-et-compagnie.fr\/blog\/wp-content\/uploads\/2024\/07\/p1026343.jpg\"><img aria-describedby=\"caption-attachment-2171\" decoding=\"async\" loading=\"lazy\" class=\"size-full wp-image-2171\" src=\"https:\/\/photos-et-compagnie.fr\/blog\/wp-content\/uploads\/2024\/07\/p1026343.jpg\" alt=\"\" width=\"2000\" height=\"1334\" srcset=\"https:\/\/photos-et-compagnie.fr\/blog\/wp-content\/uploads\/2024\/07\/p1026343.jpg 2000w, https:\/\/photos-et-compagnie.fr\/blog\/wp-content\/uploads\/2024\/07\/p1026343-300x200.jpg 300w, https:\/\/photos-et-compagnie.fr\/blog\/wp-content\/uploads\/2024\/07\/p1026343-1024x683.jpg 1024w, https:\/\/photos-et-compagnie.fr\/blog\/wp-content\/uploads\/2024\/07\/p1026343-768x512.jpg 768w, https:\/\/photos-et-compagnie.fr\/blog\/wp-content\/uploads\/2024\/07\/p1026343-1536x1025.jpg 1536w, https:\/\/photos-et-compagnie.fr\/blog\/wp-content\/uploads\/2024\/07\/p1026343-400x267.jpg 400w, https:\/\/photos-et-compagnie.fr\/blog\/wp-content\/uploads\/2024\/07\/p1026343-840x560.jpg 840w\" sizes=\"(max-width: 2000px) 100vw, 2000px\" \/><\/a><p id=\"caption-attachment-2171\" class=\"wp-caption-text\">En compagnie des isards (4\/4)<\/p><\/div>\n<p>Mais pendant que nous nous attardons, l\u2019heure tourne et nous mettons plus longtemps que nous avions pr\u00e9vu pour atteindre notre but. Peu avant d\u2019arriver, il se met \u00e0 pleuvoir, et nous rejoignons la cabane de Tirapits au pas de charge. Cette cabane est tr\u00e8s rustique, sombre et peu engageante, mais son seuil nous permet de nous abriter pour attendre la fin de l\u2019averse.<\/p>\n<p>Une fois la pluie dissip\u00e9e, nous tentons de monter la tente, mais le vent s\u2019est lev\u00e9, rendant l\u2019op\u00e9ration compliqu\u00e9e. Apr\u00e8s plusieurs tentatives avort\u00e9es et un agacement croissant, nous abandonnons provisoirement et d\u00e9cidons de faire une pause pour manger.<\/p>\n<p>C\u2019\u00e9tait une bonne id\u00e9e, puisque pendant notre repas le vent se calme, ce qui nous permet de monter la tente tranquillement. La journ\u00e9e a \u00e9t\u00e9 longue et intense (28 km et plus de 1700 m\u00e8tres de D+), mais le ciel se d\u00e9gage et la nuit s\u2019annonce belle.<\/p>\n<p>Nous nous endormons en pensant \u00e0 la journ\u00e9e du lendemain, o\u00f9 un beau parcours de cr\u00eate nous attend, ainsi que le retour \u00e0 la civilisation pour un ravitaillement.<\/p>\n","protected":false},"excerpt":{"rendered":"<p>Vendredi 19 juillet Une journ\u00e9e charg\u00e9e en kilom\u00e8tres, en d\u00e9nivel\u00e9 mais \u00e9galement en \u00e9motions vari\u00e9es\u00a0! Notre routine matinale est d\u00e9sormais bien \u00e9tablie, et comme chaque jour nous commen\u00e7ons \u00e0 marcher peu apr\u00e8s 7 heures du matin. Nous commen\u00e7ons par un petit d\u00e9crassage, avec une bonne grimpette de 400 m\u00e8tres de d\u00e9nivel\u00e9 sur un chemin facile. L\u2019environnement est forestier au d\u00e9marrage, puis les arbres deviennent plus clairsem\u00e9s. Au bout d\u2019un peu moins de deux heures de marche, l\u2019environnement change du tout au tout, comme nous d\u00e9bouchons sur le \u00ab Pla Guillem \u00bb : il s\u2019agit d\u2019un endroit unique dans les Pyr\u00e9n\u00e9es, un immense plateau d\u2019altitude, une grande \u00e9tendue d\u2019herbe \u00e0 perte de vue \u2026. Un environnement tr\u00e8s agr\u00e9able, et propice \u00e0 une marche sans effort \u2026 du moins dans les conditions o\u00f9 nous l\u2019avons travers\u00e9. Par temps de brouillard et\/ou d\u2019orage, en l\u2019absence de rep\u00e8res et de protection contre les \u00e9l\u00e9ments,..<\/p>\n","protected":false},"author":1,"featured_media":0,"comment_status":"open","ping_status":"open","sticky":false,"template":"","format":"standard","meta":[],"categories":[11],"tags":[],"_links":{"self":[{"href":"https:\/\/photos-et-compagnie.fr\/blog\/wp-json\/wp\/v2\/posts\/2152"}],"collection":[{"href":"https:\/\/photos-et-compagnie.fr\/blog\/wp-json\/wp\/v2\/posts"}],"about":[{"href":"https:\/\/photos-et-compagnie.fr\/blog\/wp-json\/wp\/v2\/types\/post"}],"author":[{"embeddable":true,"href":"https:\/\/photos-et-compagnie.fr\/blog\/wp-json\/wp\/v2\/users\/1"}],"replies":[{"embeddable":true,"href":"https:\/\/photos-et-compagnie.fr\/blog\/wp-json\/wp\/v2\/comments?post=2152"}],"version-history":[{"count":7,"href":"https:\/\/photos-et-compagnie.fr\/blog\/wp-json\/wp\/v2\/posts\/2152\/revisions"}],"predecessor-version":[{"id":2196,"href":"https:\/\/photos-et-compagnie.fr\/blog\/wp-json\/wp\/v2\/posts\/2152\/revisions\/2196"}],"wp:attachment":[{"href":"https:\/\/photos-et-compagnie.fr\/blog\/wp-json\/wp\/v2\/media?parent=2152"}],"wp:term":[{"taxonomy":"category","embeddable":true,"href":"https:\/\/photos-et-compagnie.fr\/blog\/wp-json\/wp\/v2\/categories?post=2152"},{"taxonomy":"post_tag","embeddable":true,"href":"https:\/\/photos-et-compagnie.fr\/blog\/wp-json\/wp\/v2\/tags?post=2152"}],"curies":[{"name":"wp","href":"https:\/\/api.w.org\/{rel}","templated":true}]}}