{"id":2200,"date":"2024-07-21T06:18:09","date_gmt":"2024-07-21T06:18:09","guid":{"rendered":"https:\/\/photos-et-compagnie.fr\/blog\/?p=2200"},"modified":"2024-09-01T17:58:25","modified_gmt":"2024-09-01T17:58:25","slug":"jour-8-super-bolquere","status":"publish","type":"post","link":"https:\/\/photos-et-compagnie.fr\/blog\/2024\/07\/jour-8-super-bolquere\/","title":{"rendered":"Jour 8 &#8211; Super Bolqu\u00e8re"},"content":{"rendered":"<p><span style=\"text-decoration: underline;\"><strong>Dimanche 21 juillet<\/strong><\/span><\/p>\n<p>Comme pr\u00e9vu, il pleut des cordes ce dimanche matin, j\u2019en profite pour avoir un \u00e9change t\u00e9l\u00e9phonique avec une ami m\u00e9decin. Diagnostic\u00a0: tendinite du tibial ant\u00e9rieur, rien de tr\u00e8s grave, et pas grand-chose \u00e0 faire \u00e0 part strapper et refroidir au maximum.<\/p>\n<p>Au vu du diagnostic et des conditions m\u00e9t\u00e9o, nous d\u00e9cidons de faire une journ\u00e9e off et de profiter du g\u00eete, dont l\u2019\u00e9norme stock de BDs nous permettrait de tenir un si\u00e8ge de plusieurs jours\u00a0&#x1f60a;.<\/p>\n<div id=\"attachment_2201\" style=\"width: 1510px\" class=\"wp-caption aligncenter\"><a href=\"https:\/\/photos-et-compagnie.fr\/blog\/wp-content\/uploads\/2024\/08\/20240721_075904.jpg\"><img aria-describedby=\"caption-attachment-2201\" decoding=\"async\" loading=\"lazy\" class=\"size-full wp-image-2201\" src=\"https:\/\/photos-et-compagnie.fr\/blog\/wp-content\/uploads\/2024\/08\/20240721_075904.jpg\" alt=\"\" width=\"1500\" height=\"2000\" srcset=\"https:\/\/photos-et-compagnie.fr\/blog\/wp-content\/uploads\/2024\/08\/20240721_075904.jpg 1500w, https:\/\/photos-et-compagnie.fr\/blog\/wp-content\/uploads\/2024\/08\/20240721_075904-225x300.jpg 225w, https:\/\/photos-et-compagnie.fr\/blog\/wp-content\/uploads\/2024\/08\/20240721_075904-768x1024.jpg 768w, https:\/\/photos-et-compagnie.fr\/blog\/wp-content\/uploads\/2024\/08\/20240721_075904-1152x1536.jpg 1152w, https:\/\/photos-et-compagnie.fr\/blog\/wp-content\/uploads\/2024\/08\/20240721_075904-1024x1365.jpg 1024w, https:\/\/photos-et-compagnie.fr\/blog\/wp-content\/uploads\/2024\/08\/20240721_075904-400x533.jpg 400w, https:\/\/photos-et-compagnie.fr\/blog\/wp-content\/uploads\/2024\/08\/20240721_075904-840x1120.jpg 840w\" sizes=\"(max-width: 1500px) 100vw, 1500px\" \/><\/a><p id=\"caption-attachment-2201\" class=\"wp-caption-text\">Gite Les Ramiers (1\/2)<\/p><\/div>\n<div id=\"attachment_2202\" style=\"width: 2010px\" class=\"wp-caption aligncenter\"><a href=\"https:\/\/photos-et-compagnie.fr\/blog\/wp-content\/uploads\/2024\/08\/20240721_092141.jpg\"><img aria-describedby=\"caption-attachment-2202\" decoding=\"async\" loading=\"lazy\" class=\"size-full wp-image-2202\" src=\"https:\/\/photos-et-compagnie.fr\/blog\/wp-content\/uploads\/2024\/08\/20240721_092141.jpg\" alt=\"\" width=\"2000\" height=\"1500\" srcset=\"https:\/\/photos-et-compagnie.fr\/blog\/wp-content\/uploads\/2024\/08\/20240721_092141.jpg 2000w, https:\/\/photos-et-compagnie.fr\/blog\/wp-content\/uploads\/2024\/08\/20240721_092141-300x225.jpg 300w, https:\/\/photos-et-compagnie.fr\/blog\/wp-content\/uploads\/2024\/08\/20240721_092141-1024x768.jpg 1024w, https:\/\/photos-et-compagnie.fr\/blog\/wp-content\/uploads\/2024\/08\/20240721_092141-768x576.jpg 768w, https:\/\/photos-et-compagnie.fr\/blog\/wp-content\/uploads\/2024\/08\/20240721_092141-1536x1152.jpg 1536w, https:\/\/photos-et-compagnie.fr\/blog\/wp-content\/uploads\/2024\/08\/20240721_092141-400x300.jpg 400w, https:\/\/photos-et-compagnie.fr\/blog\/wp-content\/uploads\/2024\/08\/20240721_092141-840x630.jpg 840w\" sizes=\"(max-width: 2000px) 100vw, 2000px\" \/><\/a><p id=\"caption-attachment-2202\" class=\"wp-caption-text\">Gite Les Ramiers (2\/2)<\/p><\/div>\n<p>La pharmacie de Bolqu\u00e8re \u00e9tant par chance ouverte ce dimanche, je r\u00e9cup\u00e8re sans attendre le mat\u00e9riel n\u00e9cessaire.<\/p>\n<div id=\"attachment_2203\" style=\"width: 2010px\" class=\"wp-caption aligncenter\"><a href=\"https:\/\/photos-et-compagnie.fr\/blog\/wp-content\/uploads\/2024\/08\/img_4762.jpg\"><img aria-describedby=\"caption-attachment-2203\" decoding=\"async\" loading=\"lazy\" class=\"size-full wp-image-2203\" src=\"https:\/\/photos-et-compagnie.fr\/blog\/wp-content\/uploads\/2024\/08\/img_4762.jpg\" alt=\"\" width=\"2000\" height=\"1500\" srcset=\"https:\/\/photos-et-compagnie.fr\/blog\/wp-content\/uploads\/2024\/08\/img_4762.jpg 2000w, https:\/\/photos-et-compagnie.fr\/blog\/wp-content\/uploads\/2024\/08\/img_4762-300x225.jpg 300w, https:\/\/photos-et-compagnie.fr\/blog\/wp-content\/uploads\/2024\/08\/img_4762-1024x768.jpg 1024w, https:\/\/photos-et-compagnie.fr\/blog\/wp-content\/uploads\/2024\/08\/img_4762-768x576.jpg 768w, https:\/\/photos-et-compagnie.fr\/blog\/wp-content\/uploads\/2024\/08\/img_4762-1536x1152.jpg 1536w, https:\/\/photos-et-compagnie.fr\/blog\/wp-content\/uploads\/2024\/08\/img_4762-400x300.jpg 400w, https:\/\/photos-et-compagnie.fr\/blog\/wp-content\/uploads\/2024\/08\/img_4762-840x630.jpg 840w\" sizes=\"(max-width: 2000px) 100vw, 2000px\" \/><\/a><p id=\"caption-attachment-2203\" class=\"wp-caption-text\">La tendinite n&rsquo;a qu&rsquo;\u00e0 bien se tenir !<\/p><\/div>\n<p>Cela sera aussi l\u2019occasion de faire une bonne r\u00e9serve de calories : nous nous pr\u00e9parons 500g de p\u00e2tes carbonara pour deux \u00e0 midi, et le soir les propri\u00e9taires du g\u00eete nous pr\u00e9parent une tartiflette <img decoding=\"async\" loading=\"lazy\" class=\"smilies\" title=\"Choqu\u00c3\u00a9\" src=\"https:\/\/forum.apran.fr\/images\/smilies\/icon_eek.gif\" alt=\":shock:\" width=\"15\" height=\"17\" \/>. Nous nous endormons le ventre plein, pr\u00eats \u00e0 repartir le lendemain, en esp\u00e9rant que le physique suivra.<\/p>\n","protected":false},"excerpt":{"rendered":"<p>Dimanche 21 juillet Comme pr\u00e9vu, il pleut des cordes ce dimanche matin, j\u2019en profite pour avoir un \u00e9change t\u00e9l\u00e9phonique avec une ami m\u00e9decin. Diagnostic\u00a0: tendinite du tibial ant\u00e9rieur, rien de tr\u00e8s grave, et pas grand-chose \u00e0 faire \u00e0 part strapper et refroidir au maximum. Au vu du diagnostic et des conditions m\u00e9t\u00e9o, nous d\u00e9cidons de faire une journ\u00e9e off et de profiter du g\u00eete, dont l\u2019\u00e9norme stock de BDs nous permettrait de tenir un si\u00e8ge de plusieurs jours\u00a0&#x1f60a;. La pharmacie de Bolqu\u00e8re \u00e9tant par chance ouverte ce dimanche, je r\u00e9cup\u00e8re sans attendre le mat\u00e9riel n\u00e9cessaire. Cela sera aussi l\u2019occasion de faire une bonne r\u00e9serve de calories : nous nous pr\u00e9parons 500g de p\u00e2tes carbonara pour deux \u00e0 midi, et le soir les propri\u00e9taires du g\u00eete nous pr\u00e9parent une tartiflette . Nous nous endormons le ventre plein, pr\u00eats \u00e0 repartir le lendemain, en esp\u00e9rant que le physique suivra.<\/p>\n","protected":false},"author":1,"featured_media":0,"comment_status":"open","ping_status":"open","sticky":false,"template":"","format":"standard","meta":[],"categories":[11],"tags":[],"_links":{"self":[{"href":"https:\/\/photos-et-compagnie.fr\/blog\/wp-json\/wp\/v2\/posts\/2200"}],"collection":[{"href":"https:\/\/photos-et-compagnie.fr\/blog\/wp-json\/wp\/v2\/posts"}],"about":[{"href":"https:\/\/photos-et-compagnie.fr\/blog\/wp-json\/wp\/v2\/types\/post"}],"author":[{"embeddable":true,"href":"https:\/\/photos-et-compagnie.fr\/blog\/wp-json\/wp\/v2\/users\/1"}],"replies":[{"embeddable":true,"href":"https:\/\/photos-et-compagnie.fr\/blog\/wp-json\/wp\/v2\/comments?post=2200"}],"version-history":[{"count":1,"href":"https:\/\/photos-et-compagnie.fr\/blog\/wp-json\/wp\/v2\/posts\/2200\/revisions"}],"predecessor-version":[{"id":2204,"href":"https:\/\/photos-et-compagnie.fr\/blog\/wp-json\/wp\/v2\/posts\/2200\/revisions\/2204"}],"wp:attachment":[{"href":"https:\/\/photos-et-compagnie.fr\/blog\/wp-json\/wp\/v2\/media?parent=2200"}],"wp:term":[{"taxonomy":"category","embeddable":true,"href":"https:\/\/photos-et-compagnie.fr\/blog\/wp-json\/wp\/v2\/categories?post=2200"},{"taxonomy":"post_tag","embeddable":true,"href":"https:\/\/photos-et-compagnie.fr\/blog\/wp-json\/wp\/v2\/tags?post=2200"}],"curies":[{"name":"wp","href":"https:\/\/api.w.org\/{rel}","templated":true}]}}