{"id":2235,"date":"2024-07-26T11:28:53","date_gmt":"2024-07-26T11:28:53","guid":{"rendered":"https:\/\/photos-et-compagnie.fr\/blog\/?p=2235"},"modified":"2024-09-07T20:54:58","modified_gmt":"2024-09-07T20:54:58","slug":"jour-13-cabane-coms-de-jan-cabane-de-la-pleta-del-castellar","status":"publish","type":"post","link":"https:\/\/photos-et-compagnie.fr\/blog\/2024\/07\/jour-13-cabane-coms-de-jan-cabane-de-la-pleta-del-castellar\/","title":{"rendered":"Jour 13 &#8211; Cabane Coms de Jan ->Cabane de la Pleta del Castellar"},"content":{"rendered":"<p><span style=\"text-decoration: underline;\"><strong>Vendredi 26 juillet<\/strong><\/span><\/p>\n<p><iframe style=\"border: 0; width: 100%; height: 540px;\" src=\"https:\/\/www.visugpx.com\/sxAM5XK1kO?iframe&amp;t=12&amp;otm\" scrolling=\"no\" allowfullscreen=\"allowfullscreen\"><span data-mce-type=\"bookmark\" style=\"display: inline-block; width: 0px; overflow: hidden; line-height: 0;\" class=\"mce_SELRES_start\">\ufeff<\/span><span data-mce-type=\"bookmark\" style=\"display: inline-block; width: 0px; overflow: hidden; line-height: 0;\" class=\"mce_SELRES_start\">\ufeff<\/span><span data-mce-type=\"bookmark\" style=\"display: inline-block; width: 0px; overflow: hidden; line-height: 0;\" class=\"mce_SELRES_start\">\ufeff<\/span><span data-mce-type=\"bookmark\" style=\"display: inline-block; width: 0px; overflow: hidden; line-height: 0;\" class=\"mce_SELRES_start\">\ufeff<\/span><\/iframe><\/p>\n<p>Au r\u00e9veil le ciel est bleu, seule l\u2019humidit\u00e9 ambiante garde une trace de l\u2019orage de la veille.<\/p>\n<div id=\"attachment_2354\" style=\"width: 2010px\" class=\"wp-caption aligncenter\"><a href=\"https:\/\/photos-et-compagnie.fr\/blog\/wp-content\/uploads\/2024\/07\/p1026480.jpg\"><img aria-describedby=\"caption-attachment-2354\" decoding=\"async\" loading=\"lazy\" class=\"size-full wp-image-2354\" src=\"https:\/\/photos-et-compagnie.fr\/blog\/wp-content\/uploads\/2024\/07\/p1026480.jpg\" alt=\"\" width=\"2000\" height=\"1125\" srcset=\"https:\/\/photos-et-compagnie.fr\/blog\/wp-content\/uploads\/2024\/07\/p1026480.jpg 2000w, https:\/\/photos-et-compagnie.fr\/blog\/wp-content\/uploads\/2024\/07\/p1026480-300x169.jpg 300w, https:\/\/photos-et-compagnie.fr\/blog\/wp-content\/uploads\/2024\/07\/p1026480-1024x576.jpg 1024w, https:\/\/photos-et-compagnie.fr\/blog\/wp-content\/uploads\/2024\/07\/p1026480-768x432.jpg 768w, https:\/\/photos-et-compagnie.fr\/blog\/wp-content\/uploads\/2024\/07\/p1026480-1536x864.jpg 1536w, https:\/\/photos-et-compagnie.fr\/blog\/wp-content\/uploads\/2024\/07\/p1026480-400x225.jpg 400w, https:\/\/photos-et-compagnie.fr\/blog\/wp-content\/uploads\/2024\/07\/p1026480-840x473.jpg 840w\" sizes=\"(max-width: 2000px) 100vw, 2000px\" \/><\/a><p id=\"caption-attachment-2354\" class=\"wp-caption-text\">Les montagnes s&rsquo;\u00e9clairent<\/p><\/div>\n<p>La m\u00e9t\u00e9o pr\u00e9voyant de nouveau des orages en fin d\u2019apr\u00e8s-midi, nous avions mis le r\u00e9veil \u00e0 6h30, mais cela n\u2019est pas n\u00e9cessaire, nous sommes debout vers 6h15. Nous disons au revoir \u00e0 Christophe et quittons la cabanes vers 7h15. Apr\u00e8s presque deux semaines, nous n\u2019avons toujours pas r\u00e9ussi \u00e0 descendre en dessous d\u2019une heure de temps de pr\u00e9paration entre le r\u00e9veil et le d\u00e9part &#x1f609;.<\/p>\n<p>L\u2019\u00e9tape du jour \u00e9tant vraiment tr\u00e8s courte nous avons d\u00e9cid\u00e9, en bonus, de gravir le Pic de Serr\u00e8re (2913m) depuis la collada del Meners, ascension qui marquera notre premier passage au-dessus de la barre des 2900 m. Mais pour atteindre le col, il faut commencer par monter dans une pente assez raide, puis traverser un joli vallon et monter de nouveau.<\/p>\n<div id=\"attachment_2355\" style=\"width: 2010px\" class=\"wp-caption aligncenter\"><a href=\"https:\/\/photos-et-compagnie.fr\/blog\/wp-content\/uploads\/2024\/07\/p1026483.jpg\"><img aria-describedby=\"caption-attachment-2355\" decoding=\"async\" loading=\"lazy\" class=\"size-full wp-image-2355\" src=\"https:\/\/photos-et-compagnie.fr\/blog\/wp-content\/uploads\/2024\/07\/p1026483.jpg\" alt=\"\" width=\"2000\" height=\"1334\" srcset=\"https:\/\/photos-et-compagnie.fr\/blog\/wp-content\/uploads\/2024\/07\/p1026483.jpg 2000w, https:\/\/photos-et-compagnie.fr\/blog\/wp-content\/uploads\/2024\/07\/p1026483-300x200.jpg 300w, https:\/\/photos-et-compagnie.fr\/blog\/wp-content\/uploads\/2024\/07\/p1026483-1024x683.jpg 1024w, https:\/\/photos-et-compagnie.fr\/blog\/wp-content\/uploads\/2024\/07\/p1026483-768x512.jpg 768w, https:\/\/photos-et-compagnie.fr\/blog\/wp-content\/uploads\/2024\/07\/p1026483-1536x1025.jpg 1536w, https:\/\/photos-et-compagnie.fr\/blog\/wp-content\/uploads\/2024\/07\/p1026483-400x267.jpg 400w, https:\/\/photos-et-compagnie.fr\/blog\/wp-content\/uploads\/2024\/07\/p1026483-840x560.jpg 840w\" sizes=\"(max-width: 2000px) 100vw, 2000px\" \/><\/a><p id=\"caption-attachment-2355\" class=\"wp-caption-text\">Vers la Collada de Meners (1\/4)<\/p><\/div>\n<div id=\"attachment_2356\" style=\"width: 2010px\" class=\"wp-caption aligncenter\"><a href=\"https:\/\/photos-et-compagnie.fr\/blog\/wp-content\/uploads\/2024\/07\/p1026484.jpg\"><img aria-describedby=\"caption-attachment-2356\" decoding=\"async\" loading=\"lazy\" class=\"size-full wp-image-2356\" src=\"https:\/\/photos-et-compagnie.fr\/blog\/wp-content\/uploads\/2024\/07\/p1026484.jpg\" alt=\"\" width=\"2000\" height=\"1334\" srcset=\"https:\/\/photos-et-compagnie.fr\/blog\/wp-content\/uploads\/2024\/07\/p1026484.jpg 2000w, https:\/\/photos-et-compagnie.fr\/blog\/wp-content\/uploads\/2024\/07\/p1026484-300x200.jpg 300w, https:\/\/photos-et-compagnie.fr\/blog\/wp-content\/uploads\/2024\/07\/p1026484-1024x683.jpg 1024w, https:\/\/photos-et-compagnie.fr\/blog\/wp-content\/uploads\/2024\/07\/p1026484-768x512.jpg 768w, https:\/\/photos-et-compagnie.fr\/blog\/wp-content\/uploads\/2024\/07\/p1026484-1536x1025.jpg 1536w, https:\/\/photos-et-compagnie.fr\/blog\/wp-content\/uploads\/2024\/07\/p1026484-400x267.jpg 400w, https:\/\/photos-et-compagnie.fr\/blog\/wp-content\/uploads\/2024\/07\/p1026484-840x560.jpg 840w\" sizes=\"(max-width: 2000px) 100vw, 2000px\" \/><\/a><p id=\"caption-attachment-2356\" class=\"wp-caption-text\">Vers la Collada de Meners (2\/4)<\/p><\/div>\n<div id=\"attachment_2357\" style=\"width: 2010px\" class=\"wp-caption aligncenter\"><a href=\"https:\/\/photos-et-compagnie.fr\/blog\/wp-content\/uploads\/2024\/07\/img_e4803.jpg\"><img aria-describedby=\"caption-attachment-2357\" decoding=\"async\" loading=\"lazy\" class=\"size-full wp-image-2357\" src=\"https:\/\/photos-et-compagnie.fr\/blog\/wp-content\/uploads\/2024\/07\/img_e4803.jpg\" alt=\"\" width=\"2000\" height=\"916\" srcset=\"https:\/\/photos-et-compagnie.fr\/blog\/wp-content\/uploads\/2024\/07\/img_e4803.jpg 2000w, https:\/\/photos-et-compagnie.fr\/blog\/wp-content\/uploads\/2024\/07\/img_e4803-300x137.jpg 300w, https:\/\/photos-et-compagnie.fr\/blog\/wp-content\/uploads\/2024\/07\/img_e4803-1024x469.jpg 1024w, https:\/\/photos-et-compagnie.fr\/blog\/wp-content\/uploads\/2024\/07\/img_e4803-768x352.jpg 768w, https:\/\/photos-et-compagnie.fr\/blog\/wp-content\/uploads\/2024\/07\/img_e4803-1536x703.jpg 1536w, https:\/\/photos-et-compagnie.fr\/blog\/wp-content\/uploads\/2024\/07\/img_e4803-400x183.jpg 400w, https:\/\/photos-et-compagnie.fr\/blog\/wp-content\/uploads\/2024\/07\/img_e4803-840x385.jpg 840w\" sizes=\"(max-width: 2000px) 100vw, 2000px\" \/><\/a><p id=\"caption-attachment-2357\" class=\"wp-caption-text\">Vers la Collada de Meners (3\/4)<\/p><\/div>\n<div id=\"attachment_2358\" style=\"width: 2010px\" class=\"wp-caption aligncenter\"><a href=\"https:\/\/photos-et-compagnie.fr\/blog\/wp-content\/uploads\/2024\/07\/p1026487.jpg\"><img aria-describedby=\"caption-attachment-2358\" decoding=\"async\" loading=\"lazy\" class=\"size-full wp-image-2358\" src=\"https:\/\/photos-et-compagnie.fr\/blog\/wp-content\/uploads\/2024\/07\/p1026487.jpg\" alt=\"\" width=\"2000\" height=\"1334\" srcset=\"https:\/\/photos-et-compagnie.fr\/blog\/wp-content\/uploads\/2024\/07\/p1026487.jpg 2000w, https:\/\/photos-et-compagnie.fr\/blog\/wp-content\/uploads\/2024\/07\/p1026487-300x200.jpg 300w, https:\/\/photos-et-compagnie.fr\/blog\/wp-content\/uploads\/2024\/07\/p1026487-1024x683.jpg 1024w, https:\/\/photos-et-compagnie.fr\/blog\/wp-content\/uploads\/2024\/07\/p1026487-768x512.jpg 768w, https:\/\/photos-et-compagnie.fr\/blog\/wp-content\/uploads\/2024\/07\/p1026487-1536x1025.jpg 1536w, https:\/\/photos-et-compagnie.fr\/blog\/wp-content\/uploads\/2024\/07\/p1026487-400x267.jpg 400w, https:\/\/photos-et-compagnie.fr\/blog\/wp-content\/uploads\/2024\/07\/p1026487-840x560.jpg 840w\" sizes=\"(max-width: 2000px) 100vw, 2000px\" \/><\/a><p id=\"caption-attachment-2358\" class=\"wp-caption-text\">Vers la Collada de Meners (4\/4)<\/p><\/div>\n<p>Il nous faudra presque deux heures pour atteindre le col \u00e0 2724m et vu l\u2019effort fourni nous sommes contents de l\u2019avoir fait \u00ab \u00e0 la fra\u00eeche \u00bb.<\/p>\n<div id=\"attachment_2359\" style=\"width: 2010px\" class=\"wp-caption aligncenter\"><a href=\"https:\/\/photos-et-compagnie.fr\/blog\/wp-content\/uploads\/2024\/07\/20240726_085753.jpg\"><img aria-describedby=\"caption-attachment-2359\" decoding=\"async\" loading=\"lazy\" class=\"size-full wp-image-2359\" src=\"https:\/\/photos-et-compagnie.fr\/blog\/wp-content\/uploads\/2024\/07\/20240726_085753.jpg\" alt=\"\" width=\"2000\" height=\"1500\" srcset=\"https:\/\/photos-et-compagnie.fr\/blog\/wp-content\/uploads\/2024\/07\/20240726_085753.jpg 2000w, https:\/\/photos-et-compagnie.fr\/blog\/wp-content\/uploads\/2024\/07\/20240726_085753-300x225.jpg 300w, https:\/\/photos-et-compagnie.fr\/blog\/wp-content\/uploads\/2024\/07\/20240726_085753-1024x768.jpg 1024w, https:\/\/photos-et-compagnie.fr\/blog\/wp-content\/uploads\/2024\/07\/20240726_085753-768x576.jpg 768w, https:\/\/photos-et-compagnie.fr\/blog\/wp-content\/uploads\/2024\/07\/20240726_085753-1536x1152.jpg 1536w, https:\/\/photos-et-compagnie.fr\/blog\/wp-content\/uploads\/2024\/07\/20240726_085753-400x300.jpg 400w, https:\/\/photos-et-compagnie.fr\/blog\/wp-content\/uploads\/2024\/07\/20240726_085753-840x630.jpg 840w\" sizes=\"(max-width: 2000px) 100vw, 2000px\" \/><\/a><p id=\"caption-attachment-2359\" class=\"wp-caption-text\">Abri de la Collada de Meners<\/p><\/div>\n<div id=\"attachment_2360\" style=\"width: 2010px\" class=\"wp-caption aligncenter\"><a href=\"https:\/\/photos-et-compagnie.fr\/blog\/wp-content\/uploads\/2024\/07\/p1026488.jpg\"><img aria-describedby=\"caption-attachment-2360\" decoding=\"async\" loading=\"lazy\" class=\"size-full wp-image-2360\" src=\"https:\/\/photos-et-compagnie.fr\/blog\/wp-content\/uploads\/2024\/07\/p1026488.jpg\" alt=\"\" width=\"2000\" height=\"1000\" srcset=\"https:\/\/photos-et-compagnie.fr\/blog\/wp-content\/uploads\/2024\/07\/p1026488.jpg 2000w, https:\/\/photos-et-compagnie.fr\/blog\/wp-content\/uploads\/2024\/07\/p1026488-300x150.jpg 300w, https:\/\/photos-et-compagnie.fr\/blog\/wp-content\/uploads\/2024\/07\/p1026488-1024x512.jpg 1024w, https:\/\/photos-et-compagnie.fr\/blog\/wp-content\/uploads\/2024\/07\/p1026488-768x384.jpg 768w, https:\/\/photos-et-compagnie.fr\/blog\/wp-content\/uploads\/2024\/07\/p1026488-1536x768.jpg 1536w, https:\/\/photos-et-compagnie.fr\/blog\/wp-content\/uploads\/2024\/07\/p1026488-400x200.jpg 400w, https:\/\/photos-et-compagnie.fr\/blog\/wp-content\/uploads\/2024\/07\/p1026488-840x420.jpg 840w\" sizes=\"(max-width: 2000px) 100vw, 2000px\" \/><\/a><p id=\"caption-attachment-2360\" class=\"wp-caption-text\">Le col approche (1\/2) !<\/p><\/div>\n<div id=\"attachment_2362\" style=\"width: 2010px\" class=\"wp-caption aligncenter\"><a href=\"https:\/\/photos-et-compagnie.fr\/blog\/wp-content\/uploads\/2024\/07\/p1026489.jpg\"><img aria-describedby=\"caption-attachment-2362\" decoding=\"async\" loading=\"lazy\" class=\"size-full wp-image-2362\" src=\"https:\/\/photos-et-compagnie.fr\/blog\/wp-content\/uploads\/2024\/07\/p1026489.jpg\" alt=\"\" width=\"2000\" height=\"1334\" srcset=\"https:\/\/photos-et-compagnie.fr\/blog\/wp-content\/uploads\/2024\/07\/p1026489.jpg 2000w, https:\/\/photos-et-compagnie.fr\/blog\/wp-content\/uploads\/2024\/07\/p1026489-300x200.jpg 300w, https:\/\/photos-et-compagnie.fr\/blog\/wp-content\/uploads\/2024\/07\/p1026489-1024x683.jpg 1024w, https:\/\/photos-et-compagnie.fr\/blog\/wp-content\/uploads\/2024\/07\/p1026489-768x512.jpg 768w, https:\/\/photos-et-compagnie.fr\/blog\/wp-content\/uploads\/2024\/07\/p1026489-1536x1025.jpg 1536w, https:\/\/photos-et-compagnie.fr\/blog\/wp-content\/uploads\/2024\/07\/p1026489-400x267.jpg 400w, https:\/\/photos-et-compagnie.fr\/blog\/wp-content\/uploads\/2024\/07\/p1026489-840x560.jpg 840w\" sizes=\"(max-width: 2000px) 100vw, 2000px\" \/><\/a><p id=\"caption-attachment-2362\" class=\"wp-caption-text\">Le col approche (2\/2) !<\/p><\/div>\n<div id=\"attachment_2361\" style=\"width: 2010px\" class=\"wp-caption aligncenter\"><a href=\"https:\/\/photos-et-compagnie.fr\/blog\/wp-content\/uploads\/2024\/07\/20240726_090101.jpg\"><img aria-describedby=\"caption-attachment-2361\" decoding=\"async\" loading=\"lazy\" class=\"size-full wp-image-2361\" src=\"https:\/\/photos-et-compagnie.fr\/blog\/wp-content\/uploads\/2024\/07\/20240726_090101.jpg\" alt=\"\" width=\"2000\" height=\"1500\" srcset=\"https:\/\/photos-et-compagnie.fr\/blog\/wp-content\/uploads\/2024\/07\/20240726_090101.jpg 2000w, https:\/\/photos-et-compagnie.fr\/blog\/wp-content\/uploads\/2024\/07\/20240726_090101-300x225.jpg 300w, https:\/\/photos-et-compagnie.fr\/blog\/wp-content\/uploads\/2024\/07\/20240726_090101-1024x768.jpg 1024w, https:\/\/photos-et-compagnie.fr\/blog\/wp-content\/uploads\/2024\/07\/20240726_090101-768x576.jpg 768w, https:\/\/photos-et-compagnie.fr\/blog\/wp-content\/uploads\/2024\/07\/20240726_090101-1536x1152.jpg 1536w, https:\/\/photos-et-compagnie.fr\/blog\/wp-content\/uploads\/2024\/07\/20240726_090101-400x300.jpg 400w, https:\/\/photos-et-compagnie.fr\/blog\/wp-content\/uploads\/2024\/07\/20240726_090101-840x630.jpg 840w\" sizes=\"(max-width: 2000px) 100vw, 2000px\" \/><\/a><p id=\"caption-attachment-2361\" class=\"wp-caption-text\">Victoire (1\/2) !<\/p><\/div>\n<div id=\"attachment_2364\" style=\"width: 2010px\" class=\"wp-caption aligncenter\"><a href=\"https:\/\/photos-et-compagnie.fr\/blog\/wp-content\/uploads\/2024\/07\/p1026491.jpg\"><img aria-describedby=\"caption-attachment-2364\" decoding=\"async\" loading=\"lazy\" class=\"size-full wp-image-2364\" src=\"https:\/\/photos-et-compagnie.fr\/blog\/wp-content\/uploads\/2024\/07\/p1026491.jpg\" alt=\"\" width=\"2000\" height=\"1334\" srcset=\"https:\/\/photos-et-compagnie.fr\/blog\/wp-content\/uploads\/2024\/07\/p1026491.jpg 2000w, https:\/\/photos-et-compagnie.fr\/blog\/wp-content\/uploads\/2024\/07\/p1026491-300x200.jpg 300w, https:\/\/photos-et-compagnie.fr\/blog\/wp-content\/uploads\/2024\/07\/p1026491-1024x683.jpg 1024w, https:\/\/photos-et-compagnie.fr\/blog\/wp-content\/uploads\/2024\/07\/p1026491-768x512.jpg 768w, https:\/\/photos-et-compagnie.fr\/blog\/wp-content\/uploads\/2024\/07\/p1026491-1536x1025.jpg 1536w, https:\/\/photos-et-compagnie.fr\/blog\/wp-content\/uploads\/2024\/07\/p1026491-400x267.jpg 400w, https:\/\/photos-et-compagnie.fr\/blog\/wp-content\/uploads\/2024\/07\/p1026491-840x560.jpg 840w\" sizes=\"(max-width: 2000px) 100vw, 2000px\" \/><\/a><p id=\"caption-attachment-2364\" class=\"wp-caption-text\">Victoire (2\/2) !<\/p><\/div>\n<p>Le col offre une tr\u00e8s belle vue sur la vall\u00e9e de Sorteny que nous allons rejoindre plus tard.<\/p>\n<div id=\"attachment_2363\" style=\"width: 2010px\" class=\"wp-caption aligncenter\"><a href=\"https:\/\/photos-et-compagnie.fr\/blog\/wp-content\/uploads\/2024\/07\/p1026490.jpg\"><img aria-describedby=\"caption-attachment-2363\" decoding=\"async\" loading=\"lazy\" class=\"size-full wp-image-2363\" src=\"https:\/\/photos-et-compagnie.fr\/blog\/wp-content\/uploads\/2024\/07\/p1026490.jpg\" alt=\"\" width=\"2000\" height=\"1334\" srcset=\"https:\/\/photos-et-compagnie.fr\/blog\/wp-content\/uploads\/2024\/07\/p1026490.jpg 2000w, https:\/\/photos-et-compagnie.fr\/blog\/wp-content\/uploads\/2024\/07\/p1026490-300x200.jpg 300w, https:\/\/photos-et-compagnie.fr\/blog\/wp-content\/uploads\/2024\/07\/p1026490-1024x683.jpg 1024w, https:\/\/photos-et-compagnie.fr\/blog\/wp-content\/uploads\/2024\/07\/p1026490-768x512.jpg 768w, https:\/\/photos-et-compagnie.fr\/blog\/wp-content\/uploads\/2024\/07\/p1026490-1536x1025.jpg 1536w, https:\/\/photos-et-compagnie.fr\/blog\/wp-content\/uploads\/2024\/07\/p1026490-400x267.jpg 400w, https:\/\/photos-et-compagnie.fr\/blog\/wp-content\/uploads\/2024\/07\/p1026490-840x560.jpg 840w\" sizes=\"(max-width: 2000px) 100vw, 2000px\" \/><\/a><p id=\"caption-attachment-2363\" class=\"wp-caption-text\">Vue depuis le col<\/p><\/div>\n<p>Mais pour instant l\u2019air est frais, et apr\u00e8s avoir mang\u00e9 un morceau nous d\u00e9cidons d\u2019attaquer sans tarder l\u2019ascension du Pic qui se trouve encore 200 m\u00e8tres au-dessus de nous. Pour cela il faut redescendre un peu sous le col pour prendre le chemin qui rejoint la cr\u00eate en \u00e9vitant un \u00e9peron rocheux. Comme souvent pass\u00e9 une certaine altitude, les 35 minutes d\u2019ascension se font dans la caillasse, mais ici le chemin est bien marqu\u00e9 et sans difficult\u00e9. Nous faisons quelques pauses pour admirer les vautours qui planent en dessous de nous, l\u2019instant est magique\u2026<\/p>\n<div id=\"attachment_2365\" style=\"width: 2010px\" class=\"wp-caption aligncenter\"><a href=\"https:\/\/photos-et-compagnie.fr\/blog\/wp-content\/uploads\/2024\/07\/p1026492.jpg\"><img aria-describedby=\"caption-attachment-2365\" decoding=\"async\" loading=\"lazy\" class=\"size-full wp-image-2365\" src=\"https:\/\/photos-et-compagnie.fr\/blog\/wp-content\/uploads\/2024\/07\/p1026492.jpg\" alt=\"\" width=\"2000\" height=\"1334\" srcset=\"https:\/\/photos-et-compagnie.fr\/blog\/wp-content\/uploads\/2024\/07\/p1026492.jpg 2000w, https:\/\/photos-et-compagnie.fr\/blog\/wp-content\/uploads\/2024\/07\/p1026492-300x200.jpg 300w, https:\/\/photos-et-compagnie.fr\/blog\/wp-content\/uploads\/2024\/07\/p1026492-1024x683.jpg 1024w, https:\/\/photos-et-compagnie.fr\/blog\/wp-content\/uploads\/2024\/07\/p1026492-768x512.jpg 768w, https:\/\/photos-et-compagnie.fr\/blog\/wp-content\/uploads\/2024\/07\/p1026492-1536x1025.jpg 1536w, https:\/\/photos-et-compagnie.fr\/blog\/wp-content\/uploads\/2024\/07\/p1026492-400x267.jpg 400w, https:\/\/photos-et-compagnie.fr\/blog\/wp-content\/uploads\/2024\/07\/p1026492-840x560.jpg 840w\" sizes=\"(max-width: 2000px) 100vw, 2000px\" \/><\/a><p id=\"caption-attachment-2365\" class=\"wp-caption-text\">Estany dels Meners de la Coma depuis la mont\u00e9e au Pic de Serr\u00e8re<\/p><\/div>\n<p>Arriv\u00e9s en haut, nous ne regrettons pas notre effort, la vue est splendide et s\u2019\u00e9tend sur 360 degr\u00e9s.<\/p>\n<div id=\"attachment_2366\" style=\"width: 2010px\" class=\"wp-caption aligncenter\"><a href=\"https:\/\/photos-et-compagnie.fr\/blog\/wp-content\/uploads\/2024\/07\/img_4804.jpg\"><img aria-describedby=\"caption-attachment-2366\" decoding=\"async\" loading=\"lazy\" class=\"size-full wp-image-2366\" src=\"https:\/\/photos-et-compagnie.fr\/blog\/wp-content\/uploads\/2024\/07\/img_4804.jpg\" alt=\"\" width=\"2000\" height=\"650\" srcset=\"https:\/\/photos-et-compagnie.fr\/blog\/wp-content\/uploads\/2024\/07\/img_4804.jpg 2000w, https:\/\/photos-et-compagnie.fr\/blog\/wp-content\/uploads\/2024\/07\/img_4804-300x98.jpg 300w, https:\/\/photos-et-compagnie.fr\/blog\/wp-content\/uploads\/2024\/07\/img_4804-1024x333.jpg 1024w, https:\/\/photos-et-compagnie.fr\/blog\/wp-content\/uploads\/2024\/07\/img_4804-768x250.jpg 768w, https:\/\/photos-et-compagnie.fr\/blog\/wp-content\/uploads\/2024\/07\/img_4804-1536x499.jpg 1536w, https:\/\/photos-et-compagnie.fr\/blog\/wp-content\/uploads\/2024\/07\/img_4804-400x130.jpg 400w, https:\/\/photos-et-compagnie.fr\/blog\/wp-content\/uploads\/2024\/07\/img_4804-840x273.jpg 840w\" sizes=\"(max-width: 2000px) 100vw, 2000px\" \/><\/a><p id=\"caption-attachment-2366\" class=\"wp-caption-text\">Sommet du pic de Serr\u00e8re<\/p><\/div>\n<div id=\"attachment_2367\" style=\"width: 2010px\" class=\"wp-caption aligncenter\"><a href=\"https:\/\/photos-et-compagnie.fr\/blog\/wp-content\/uploads\/2024\/07\/20240726_094426.jpg\"><img aria-describedby=\"caption-attachment-2367\" decoding=\"async\" loading=\"lazy\" class=\"size-full wp-image-2367\" src=\"https:\/\/photos-et-compagnie.fr\/blog\/wp-content\/uploads\/2024\/07\/20240726_094426.jpg\" alt=\"\" width=\"2000\" height=\"1500\" srcset=\"https:\/\/photos-et-compagnie.fr\/blog\/wp-content\/uploads\/2024\/07\/20240726_094426.jpg 2000w, https:\/\/photos-et-compagnie.fr\/blog\/wp-content\/uploads\/2024\/07\/20240726_094426-300x225.jpg 300w, https:\/\/photos-et-compagnie.fr\/blog\/wp-content\/uploads\/2024\/07\/20240726_094426-1024x768.jpg 1024w, https:\/\/photos-et-compagnie.fr\/blog\/wp-content\/uploads\/2024\/07\/20240726_094426-768x576.jpg 768w, https:\/\/photos-et-compagnie.fr\/blog\/wp-content\/uploads\/2024\/07\/20240726_094426-1536x1152.jpg 1536w, https:\/\/photos-et-compagnie.fr\/blog\/wp-content\/uploads\/2024\/07\/20240726_094426-400x300.jpg 400w, https:\/\/photos-et-compagnie.fr\/blog\/wp-content\/uploads\/2024\/07\/20240726_094426-840x630.jpg 840w\" sizes=\"(max-width: 2000px) 100vw, 2000px\" \/><\/a><p id=\"caption-attachment-2367\" class=\"wp-caption-text\">S\u00e9ance photo (1\/2)<\/p><\/div>\n<div id=\"attachment_2371\" style=\"width: 2010px\" class=\"wp-caption aligncenter\"><a href=\"https:\/\/photos-et-compagnie.fr\/blog\/wp-content\/uploads\/2024\/07\/p1026496.jpg\"><img aria-describedby=\"caption-attachment-2371\" decoding=\"async\" loading=\"lazy\" class=\"size-full wp-image-2371\" src=\"https:\/\/photos-et-compagnie.fr\/blog\/wp-content\/uploads\/2024\/07\/p1026496.jpg\" alt=\"\" width=\"2000\" height=\"1334\" srcset=\"https:\/\/photos-et-compagnie.fr\/blog\/wp-content\/uploads\/2024\/07\/p1026496.jpg 2000w, https:\/\/photos-et-compagnie.fr\/blog\/wp-content\/uploads\/2024\/07\/p1026496-300x200.jpg 300w, https:\/\/photos-et-compagnie.fr\/blog\/wp-content\/uploads\/2024\/07\/p1026496-1024x683.jpg 1024w, https:\/\/photos-et-compagnie.fr\/blog\/wp-content\/uploads\/2024\/07\/p1026496-768x512.jpg 768w, https:\/\/photos-et-compagnie.fr\/blog\/wp-content\/uploads\/2024\/07\/p1026496-1536x1025.jpg 1536w, https:\/\/photos-et-compagnie.fr\/blog\/wp-content\/uploads\/2024\/07\/p1026496-400x267.jpg 400w, https:\/\/photos-et-compagnie.fr\/blog\/wp-content\/uploads\/2024\/07\/p1026496-840x560.jpg 840w\" sizes=\"(max-width: 2000px) 100vw, 2000px\" \/><\/a><p id=\"caption-attachment-2371\" class=\"wp-caption-text\">S\u00e9ance photo (2\/2)<\/p><\/div>\n<div id=\"attachment_2372\" style=\"width: 2010px\" class=\"wp-caption aligncenter\"><a href=\"https:\/\/photos-et-compagnie.fr\/blog\/wp-content\/uploads\/2024\/07\/p1026497.jpg\"><img aria-describedby=\"caption-attachment-2372\" decoding=\"async\" loading=\"lazy\" class=\"size-full wp-image-2372\" src=\"https:\/\/photos-et-compagnie.fr\/blog\/wp-content\/uploads\/2024\/07\/p1026497.jpg\" alt=\"\" width=\"2000\" height=\"1334\" srcset=\"https:\/\/photos-et-compagnie.fr\/blog\/wp-content\/uploads\/2024\/07\/p1026497.jpg 2000w, https:\/\/photos-et-compagnie.fr\/blog\/wp-content\/uploads\/2024\/07\/p1026497-300x200.jpg 300w, https:\/\/photos-et-compagnie.fr\/blog\/wp-content\/uploads\/2024\/07\/p1026497-1024x683.jpg 1024w, https:\/\/photos-et-compagnie.fr\/blog\/wp-content\/uploads\/2024\/07\/p1026497-768x512.jpg 768w, https:\/\/photos-et-compagnie.fr\/blog\/wp-content\/uploads\/2024\/07\/p1026497-1536x1025.jpg 1536w, https:\/\/photos-et-compagnie.fr\/blog\/wp-content\/uploads\/2024\/07\/p1026497-400x267.jpg 400w, https:\/\/photos-et-compagnie.fr\/blog\/wp-content\/uploads\/2024\/07\/p1026497-840x560.jpg 840w\" sizes=\"(max-width: 2000px) 100vw, 2000px\" \/><\/a><p id=\"caption-attachment-2372\" class=\"wp-caption-text\">Victoire (bis repetita) !<\/p><\/div>\n<div id=\"attachment_2374\" style=\"width: 1344px\" class=\"wp-caption aligncenter\"><a href=\"https:\/\/photos-et-compagnie.fr\/blog\/wp-content\/uploads\/2024\/07\/p1026499.jpg\"><img aria-describedby=\"caption-attachment-2374\" decoding=\"async\" loading=\"lazy\" class=\"size-full wp-image-2374\" src=\"https:\/\/photos-et-compagnie.fr\/blog\/wp-content\/uploads\/2024\/07\/p1026499.jpg\" alt=\"\" width=\"1334\" height=\"2000\" srcset=\"https:\/\/photos-et-compagnie.fr\/blog\/wp-content\/uploads\/2024\/07\/p1026499.jpg 1334w, https:\/\/photos-et-compagnie.fr\/blog\/wp-content\/uploads\/2024\/07\/p1026499-200x300.jpg 200w, https:\/\/photos-et-compagnie.fr\/blog\/wp-content\/uploads\/2024\/07\/p1026499-683x1024.jpg 683w, https:\/\/photos-et-compagnie.fr\/blog\/wp-content\/uploads\/2024\/07\/p1026499-768x1151.jpg 768w, https:\/\/photos-et-compagnie.fr\/blog\/wp-content\/uploads\/2024\/07\/p1026499-1025x1536.jpg 1025w, https:\/\/photos-et-compagnie.fr\/blog\/wp-content\/uploads\/2024\/07\/p1026499-1024x1535.jpg 1024w, https:\/\/photos-et-compagnie.fr\/blog\/wp-content\/uploads\/2024\/07\/p1026499-400x600.jpg 400w, https:\/\/photos-et-compagnie.fr\/blog\/wp-content\/uploads\/2024\/07\/p1026499-840x1259.jpg 840w\" sizes=\"(max-width: 1334px) 100vw, 1334px\" \/><\/a><p id=\"caption-attachment-2374\" class=\"wp-caption-text\">Sommet<\/p><\/div>\n<p>\u00c0 l\u2019Est seuls quelques sommets d\u00e9passent d\u2019une mer de nuages<\/p>\n<div id=\"attachment_2368\" style=\"width: 2010px\" class=\"wp-caption aligncenter\"><a href=\"https:\/\/photos-et-compagnie.fr\/blog\/wp-content\/uploads\/2024\/07\/p1026493.jpg\"><img aria-describedby=\"caption-attachment-2368\" decoding=\"async\" loading=\"lazy\" class=\"size-full wp-image-2368\" src=\"https:\/\/photos-et-compagnie.fr\/blog\/wp-content\/uploads\/2024\/07\/p1026493.jpg\" alt=\"\" width=\"2000\" height=\"1000\" srcset=\"https:\/\/photos-et-compagnie.fr\/blog\/wp-content\/uploads\/2024\/07\/p1026493.jpg 2000w, https:\/\/photos-et-compagnie.fr\/blog\/wp-content\/uploads\/2024\/07\/p1026493-300x150.jpg 300w, https:\/\/photos-et-compagnie.fr\/blog\/wp-content\/uploads\/2024\/07\/p1026493-1024x512.jpg 1024w, https:\/\/photos-et-compagnie.fr\/blog\/wp-content\/uploads\/2024\/07\/p1026493-768x384.jpg 768w, https:\/\/photos-et-compagnie.fr\/blog\/wp-content\/uploads\/2024\/07\/p1026493-1536x768.jpg 1536w, https:\/\/photos-et-compagnie.fr\/blog\/wp-content\/uploads\/2024\/07\/p1026493-400x200.jpg 400w, https:\/\/photos-et-compagnie.fr\/blog\/wp-content\/uploads\/2024\/07\/p1026493-840x420.jpg 840w\" sizes=\"(max-width: 2000px) 100vw, 2000px\" \/><\/a><p id=\"caption-attachment-2368\" class=\"wp-caption-text\">Vue sur l&rsquo;Est<\/p><\/div>\n<p>Au Nord et \u00e0 l\u2019ouest les sommets s\u2019\u00e9tendent \u00e0 perte de vue, nous sommes un peu frustr\u00e9s de ne pas pouvoir identifier leurs noms.<\/p>\n<div id=\"attachment_2369\" style=\"width: 2010px\" class=\"wp-caption aligncenter\"><a href=\"https:\/\/photos-et-compagnie.fr\/blog\/wp-content\/uploads\/2024\/07\/p1026494.jpg\"><img aria-describedby=\"caption-attachment-2369\" decoding=\"async\" loading=\"lazy\" class=\"size-full wp-image-2369\" src=\"https:\/\/photos-et-compagnie.fr\/blog\/wp-content\/uploads\/2024\/07\/p1026494.jpg\" alt=\"\" width=\"2000\" height=\"1125\" srcset=\"https:\/\/photos-et-compagnie.fr\/blog\/wp-content\/uploads\/2024\/07\/p1026494.jpg 2000w, https:\/\/photos-et-compagnie.fr\/blog\/wp-content\/uploads\/2024\/07\/p1026494-300x169.jpg 300w, https:\/\/photos-et-compagnie.fr\/blog\/wp-content\/uploads\/2024\/07\/p1026494-1024x576.jpg 1024w, https:\/\/photos-et-compagnie.fr\/blog\/wp-content\/uploads\/2024\/07\/p1026494-768x432.jpg 768w, https:\/\/photos-et-compagnie.fr\/blog\/wp-content\/uploads\/2024\/07\/p1026494-1536x864.jpg 1536w, https:\/\/photos-et-compagnie.fr\/blog\/wp-content\/uploads\/2024\/07\/p1026494-400x225.jpg 400w, https:\/\/photos-et-compagnie.fr\/blog\/wp-content\/uploads\/2024\/07\/p1026494-840x473.jpg 840w\" sizes=\"(max-width: 2000px) 100vw, 2000px\" \/><\/a><p id=\"caption-attachment-2369\" class=\"wp-caption-text\">Vue sur le Nord<\/p><\/div>\n<p>Une fois notre soif de paysages \u00e9tanch\u00e9e, nous nous appr\u00eatons \u00e0 redescendre vers la vall\u00e9e. Notre carte num\u00e9rique faisant appara\u00eetre un chemin qui descend du pic et rejoins plus bas le chemin en provenance du col, nous faisons le choix de suivre ce chemin plut\u00f4t que de revenir sur nos pas. Mais nous r\u00e9aliserons assez vite que ce chemin n\u2019existe pas ! Nous en sommes donc r\u00e9duits \u00e0 d\u00e9valer presque 600 m\u00e8tres de d\u00e9nivel\u00e9 hors sentier, d\u2019abord dans de la caillasse un peu croulante, puis dans de l\u2019herbe bien raide.<\/p>\n<div id=\"attachment_2375\" style=\"width: 2010px\" class=\"wp-caption aligncenter\"><a href=\"https:\/\/photos-et-compagnie.fr\/blog\/wp-content\/uploads\/2024\/07\/20240726_103842.jpg\"><img aria-describedby=\"caption-attachment-2375\" decoding=\"async\" loading=\"lazy\" class=\"size-full wp-image-2375\" src=\"https:\/\/photos-et-compagnie.fr\/blog\/wp-content\/uploads\/2024\/07\/20240726_103842.jpg\" alt=\"\" width=\"2000\" height=\"1500\" srcset=\"https:\/\/photos-et-compagnie.fr\/blog\/wp-content\/uploads\/2024\/07\/20240726_103842.jpg 2000w, https:\/\/photos-et-compagnie.fr\/blog\/wp-content\/uploads\/2024\/07\/20240726_103842-300x225.jpg 300w, https:\/\/photos-et-compagnie.fr\/blog\/wp-content\/uploads\/2024\/07\/20240726_103842-1024x768.jpg 1024w, https:\/\/photos-et-compagnie.fr\/blog\/wp-content\/uploads\/2024\/07\/20240726_103842-768x576.jpg 768w, https:\/\/photos-et-compagnie.fr\/blog\/wp-content\/uploads\/2024\/07\/20240726_103842-1536x1152.jpg 1536w, https:\/\/photos-et-compagnie.fr\/blog\/wp-content\/uploads\/2024\/07\/20240726_103842-400x300.jpg 400w, https:\/\/photos-et-compagnie.fr\/blog\/wp-content\/uploads\/2024\/07\/20240726_103842-840x630.jpg 840w\" sizes=\"(max-width: 2000px) 100vw, 2000px\" \/><\/a><p id=\"caption-attachment-2375\" class=\"wp-caption-text\">Descente droit dans l&rsquo;herbe<\/p><\/div>\n<div id=\"attachment_2376\" style=\"width: 2010px\" class=\"wp-caption aligncenter\"><a href=\"https:\/\/photos-et-compagnie.fr\/blog\/wp-content\/uploads\/2024\/07\/20240726_104641.jpg\"><img aria-describedby=\"caption-attachment-2376\" decoding=\"async\" loading=\"lazy\" class=\"size-full wp-image-2376\" src=\"https:\/\/photos-et-compagnie.fr\/blog\/wp-content\/uploads\/2024\/07\/20240726_104641.jpg\" alt=\"\" width=\"2000\" height=\"1500\" srcset=\"https:\/\/photos-et-compagnie.fr\/blog\/wp-content\/uploads\/2024\/07\/20240726_104641.jpg 2000w, https:\/\/photos-et-compagnie.fr\/blog\/wp-content\/uploads\/2024\/07\/20240726_104641-300x225.jpg 300w, https:\/\/photos-et-compagnie.fr\/blog\/wp-content\/uploads\/2024\/07\/20240726_104641-1024x768.jpg 1024w, https:\/\/photos-et-compagnie.fr\/blog\/wp-content\/uploads\/2024\/07\/20240726_104641-768x576.jpg 768w, https:\/\/photos-et-compagnie.fr\/blog\/wp-content\/uploads\/2024\/07\/20240726_104641-1536x1152.jpg 1536w, https:\/\/photos-et-compagnie.fr\/blog\/wp-content\/uploads\/2024\/07\/20240726_104641-400x300.jpg 400w, https:\/\/photos-et-compagnie.fr\/blog\/wp-content\/uploads\/2024\/07\/20240726_104641-840x630.jpg 840w\" sizes=\"(max-width: 2000px) 100vw, 2000px\" \/><\/a><p id=\"caption-attachment-2376\" class=\"wp-caption-text\">Parterre de fleurs<\/p><\/div>\n<div id=\"attachment_2377\" style=\"width: 1344px\" class=\"wp-caption aligncenter\"><a href=\"https:\/\/photos-et-compagnie.fr\/blog\/wp-content\/uploads\/2024\/07\/p1026502.jpg\"><img aria-describedby=\"caption-attachment-2377\" decoding=\"async\" loading=\"lazy\" class=\"size-full wp-image-2377\" src=\"https:\/\/photos-et-compagnie.fr\/blog\/wp-content\/uploads\/2024\/07\/p1026502.jpg\" alt=\"\" width=\"1334\" height=\"2000\" srcset=\"https:\/\/photos-et-compagnie.fr\/blog\/wp-content\/uploads\/2024\/07\/p1026502.jpg 1334w, https:\/\/photos-et-compagnie.fr\/blog\/wp-content\/uploads\/2024\/07\/p1026502-200x300.jpg 200w, https:\/\/photos-et-compagnie.fr\/blog\/wp-content\/uploads\/2024\/07\/p1026502-683x1024.jpg 683w, https:\/\/photos-et-compagnie.fr\/blog\/wp-content\/uploads\/2024\/07\/p1026502-768x1151.jpg 768w, https:\/\/photos-et-compagnie.fr\/blog\/wp-content\/uploads\/2024\/07\/p1026502-1025x1536.jpg 1025w, https:\/\/photos-et-compagnie.fr\/blog\/wp-content\/uploads\/2024\/07\/p1026502-1024x1535.jpg 1024w, https:\/\/photos-et-compagnie.fr\/blog\/wp-content\/uploads\/2024\/07\/p1026502-400x600.jpg 400w, https:\/\/photos-et-compagnie.fr\/blog\/wp-content\/uploads\/2024\/07\/p1026502-840x1259.jpg 840w\" sizes=\"(max-width: 1334px) 100vw, 1334px\" \/><\/a><p id=\"caption-attachment-2377\" class=\"wp-caption-text\">Orchid\u00e9es<\/p><\/div>\n<p>&nbsp;<\/p>\n<p>Ce n\u2019est pas si difficile que \u00e7a, mais nous sommes quand m\u00eame bien contents quand nous retrouvons le chemin. Le plus dur \u00e9tant fait, nous n\u2019avons plus qu\u2019\u00e0 suivre le joli vallon de Sorteny et ses innombrables fleurs (orchid\u00e9es, an\u00e9mones, iris, et plein d\u2019autres que nous n\u2019avons pas identifi\u00e9es). C\u2019est vraiment magnifique, pas \u00e9tonnant que ce vallon ait \u00e9t\u00e9 class\u00e9 parc national !<\/p>\n<div id=\"attachment_2378\" style=\"width: 2010px\" class=\"wp-caption aligncenter\"><a href=\"https:\/\/photos-et-compagnie.fr\/blog\/wp-content\/uploads\/2024\/07\/p1026504.jpg\"><img aria-describedby=\"caption-attachment-2378\" decoding=\"async\" loading=\"lazy\" class=\"size-full wp-image-2378\" src=\"https:\/\/photos-et-compagnie.fr\/blog\/wp-content\/uploads\/2024\/07\/p1026504.jpg\" alt=\"\" width=\"2000\" height=\"1334\" srcset=\"https:\/\/photos-et-compagnie.fr\/blog\/wp-content\/uploads\/2024\/07\/p1026504.jpg 2000w, https:\/\/photos-et-compagnie.fr\/blog\/wp-content\/uploads\/2024\/07\/p1026504-300x200.jpg 300w, https:\/\/photos-et-compagnie.fr\/blog\/wp-content\/uploads\/2024\/07\/p1026504-1024x683.jpg 1024w, https:\/\/photos-et-compagnie.fr\/blog\/wp-content\/uploads\/2024\/07\/p1026504-768x512.jpg 768w, https:\/\/photos-et-compagnie.fr\/blog\/wp-content\/uploads\/2024\/07\/p1026504-1536x1025.jpg 1536w, https:\/\/photos-et-compagnie.fr\/blog\/wp-content\/uploads\/2024\/07\/p1026504-400x267.jpg 400w, https:\/\/photos-et-compagnie.fr\/blog\/wp-content\/uploads\/2024\/07\/p1026504-840x560.jpg 840w\" sizes=\"(max-width: 2000px) 100vw, 2000px\" \/><\/a><p id=\"caption-attachment-2378\" class=\"wp-caption-text\">De nouveau sur le sentier, \u00e0 proximit\u00e9 de la cabana Pleta Serrera<\/p><\/div>\n<div id=\"attachment_2380\" style=\"width: 2010px\" class=\"wp-caption aligncenter\"><a href=\"https:\/\/photos-et-compagnie.fr\/blog\/wp-content\/uploads\/2024\/07\/p1026505.jpg\"><img aria-describedby=\"caption-attachment-2380\" decoding=\"async\" loading=\"lazy\" class=\"size-full wp-image-2380\" src=\"https:\/\/photos-et-compagnie.fr\/blog\/wp-content\/uploads\/2024\/07\/p1026505.jpg\" alt=\"\" width=\"2000\" height=\"1334\" srcset=\"https:\/\/photos-et-compagnie.fr\/blog\/wp-content\/uploads\/2024\/07\/p1026505.jpg 2000w, https:\/\/photos-et-compagnie.fr\/blog\/wp-content\/uploads\/2024\/07\/p1026505-300x200.jpg 300w, https:\/\/photos-et-compagnie.fr\/blog\/wp-content\/uploads\/2024\/07\/p1026505-1024x683.jpg 1024w, https:\/\/photos-et-compagnie.fr\/blog\/wp-content\/uploads\/2024\/07\/p1026505-768x512.jpg 768w, https:\/\/photos-et-compagnie.fr\/blog\/wp-content\/uploads\/2024\/07\/p1026505-1536x1025.jpg 1536w, https:\/\/photos-et-compagnie.fr\/blog\/wp-content\/uploads\/2024\/07\/p1026505-400x267.jpg 400w, https:\/\/photos-et-compagnie.fr\/blog\/wp-content\/uploads\/2024\/07\/p1026505-840x560.jpg 840w\" sizes=\"(max-width: 2000px) 100vw, 2000px\" \/><\/a><p id=\"caption-attachment-2380\" class=\"wp-caption-text\">Encore des fleurs &#8230;<\/p><\/div>\n<p>Au fond du vallon nous arrivons au refuge de Sorteny, o\u00f9 nous agr\u00e9mentons notre pique-nique d\u2019un verre de soda et d\u2019une part de cheese cake local (past\u00eds de formatge en VO). Miam ! Pendant notre pause, nous faisons la rencontre d\u2019une randonneuse qui parcours l\u2019Hexatrek, randonn\u00e9e au long cours reliant l\u2019Alsace \u00e0 Hendaye. Partie de Wissenburg le 20 mai,elle est arriv\u00e9e ici en 65 jours de marche \u2026 un rythme impressionnant ! Peu avant de repartir, nous voyons arriver Christophe, qui semble \u00e0 la peine et pr\u00e9vois de manger une bonne omelette sur place. Nous le saluons et lui souhaitons bonne chance pour la suite de son p\u00e9riple (il pr\u00e9voit de rattraper le GR11 et de le suivre jusqu\u2019\u00e0 Benasque).<\/p>\n<p>Apr\u00e8s le refuge il nous reste encore un peu de marche, d\u2019abord sur une piste (bof \u2026) puis sur du bitume (rebof\u2026.), et enfin sur un petit chemin bordant un torrent, qui nous am\u00e8ne \u00e0 la Cabana de la Pleta del Castellar o\u00f9 nous avons d\u00e9cid\u00e9 de passer la nuit. Pour le c\u00f4t\u00e9 sauvage on repassera, elle est tr\u00e8s proche d\u2019une route passante, et plusieurs camping-cars sont stationn\u00e9s aux environs, mais elle a un c\u00f4t\u00e9 mignon avec son toit v\u00e9g\u00e9talis\u00e9, on dirait un trou de hobbit.<\/p>\n<div id=\"attachment_2381\" style=\"width: 2010px\" class=\"wp-caption aligncenter\"><a href=\"https:\/\/photos-et-compagnie.fr\/blog\/wp-content\/uploads\/2024\/07\/img_4806.jpg\"><img aria-describedby=\"caption-attachment-2381\" decoding=\"async\" loading=\"lazy\" class=\"size-full wp-image-2381\" src=\"https:\/\/photos-et-compagnie.fr\/blog\/wp-content\/uploads\/2024\/07\/img_4806.jpg\" alt=\"\" width=\"2000\" height=\"1500\" srcset=\"https:\/\/photos-et-compagnie.fr\/blog\/wp-content\/uploads\/2024\/07\/img_4806.jpg 2000w, https:\/\/photos-et-compagnie.fr\/blog\/wp-content\/uploads\/2024\/07\/img_4806-300x225.jpg 300w, https:\/\/photos-et-compagnie.fr\/blog\/wp-content\/uploads\/2024\/07\/img_4806-1024x768.jpg 1024w, https:\/\/photos-et-compagnie.fr\/blog\/wp-content\/uploads\/2024\/07\/img_4806-768x576.jpg 768w, https:\/\/photos-et-compagnie.fr\/blog\/wp-content\/uploads\/2024\/07\/img_4806-1536x1152.jpg 1536w, https:\/\/photos-et-compagnie.fr\/blog\/wp-content\/uploads\/2024\/07\/img_4806-400x300.jpg 400w, https:\/\/photos-et-compagnie.fr\/blog\/wp-content\/uploads\/2024\/07\/img_4806-840x630.jpg 840w\" sizes=\"(max-width: 2000px) 100vw, 2000px\" \/><\/a><p id=\"caption-attachment-2381\" class=\"wp-caption-text\">Cabana de la Pleta del Castellar (1\/3)<\/p><\/div>\n<div id=\"attachment_2383\" style=\"width: 2010px\" class=\"wp-caption aligncenter\"><a href=\"https:\/\/photos-et-compagnie.fr\/blog\/wp-content\/uploads\/2024\/07\/20240726_152323.jpg\"><img aria-describedby=\"caption-attachment-2383\" decoding=\"async\" loading=\"lazy\" class=\"size-full wp-image-2383\" src=\"https:\/\/photos-et-compagnie.fr\/blog\/wp-content\/uploads\/2024\/07\/20240726_152323.jpg\" alt=\"\" width=\"2000\" height=\"1500\" srcset=\"https:\/\/photos-et-compagnie.fr\/blog\/wp-content\/uploads\/2024\/07\/20240726_152323.jpg 2000w, https:\/\/photos-et-compagnie.fr\/blog\/wp-content\/uploads\/2024\/07\/20240726_152323-300x225.jpg 300w, https:\/\/photos-et-compagnie.fr\/blog\/wp-content\/uploads\/2024\/07\/20240726_152323-1024x768.jpg 1024w, https:\/\/photos-et-compagnie.fr\/blog\/wp-content\/uploads\/2024\/07\/20240726_152323-768x576.jpg 768w, https:\/\/photos-et-compagnie.fr\/blog\/wp-content\/uploads\/2024\/07\/20240726_152323-1536x1152.jpg 1536w, https:\/\/photos-et-compagnie.fr\/blog\/wp-content\/uploads\/2024\/07\/20240726_152323-400x300.jpg 400w, https:\/\/photos-et-compagnie.fr\/blog\/wp-content\/uploads\/2024\/07\/20240726_152323-840x630.jpg 840w\" sizes=\"(max-width: 2000px) 100vw, 2000px\" \/><\/a><p id=\"caption-attachment-2383\" class=\"wp-caption-text\">Cabana de la Pleta del Castellar (2\/3)<\/p><\/div>\n<div id=\"attachment_2384\" style=\"width: 2010px\" class=\"wp-caption aligncenter\"><a href=\"https:\/\/photos-et-compagnie.fr\/blog\/wp-content\/uploads\/2024\/07\/20240726_155125.jpg\"><img aria-describedby=\"caption-attachment-2384\" decoding=\"async\" loading=\"lazy\" class=\"size-full wp-image-2384\" src=\"https:\/\/photos-et-compagnie.fr\/blog\/wp-content\/uploads\/2024\/07\/20240726_155125.jpg\" alt=\"\" width=\"2000\" height=\"1500\" srcset=\"https:\/\/photos-et-compagnie.fr\/blog\/wp-content\/uploads\/2024\/07\/20240726_155125.jpg 2000w, https:\/\/photos-et-compagnie.fr\/blog\/wp-content\/uploads\/2024\/07\/20240726_155125-300x225.jpg 300w, https:\/\/photos-et-compagnie.fr\/blog\/wp-content\/uploads\/2024\/07\/20240726_155125-1024x768.jpg 1024w, https:\/\/photos-et-compagnie.fr\/blog\/wp-content\/uploads\/2024\/07\/20240726_155125-768x576.jpg 768w, https:\/\/photos-et-compagnie.fr\/blog\/wp-content\/uploads\/2024\/07\/20240726_155125-1536x1152.jpg 1536w, https:\/\/photos-et-compagnie.fr\/blog\/wp-content\/uploads\/2024\/07\/20240726_155125-400x300.jpg 400w, https:\/\/photos-et-compagnie.fr\/blog\/wp-content\/uploads\/2024\/07\/20240726_155125-840x630.jpg 840w\" sizes=\"(max-width: 2000px) 100vw, 2000px\" \/><\/a><p id=\"caption-attachment-2384\" class=\"wp-caption-text\">Nos voisins d&rsquo;un soir<\/p><\/div>\n<p>L\u2019int\u00e9rieur est moins classe que celui de la cabane d\u2019hier soir, mais il est propre et un grand bas flanc b\u00e9tonn\u00e9 nous permettra de dormir confortablement.<\/p>\n<div id=\"attachment_2382\" style=\"width: 2010px\" class=\"wp-caption aligncenter\"><a href=\"https:\/\/photos-et-compagnie.fr\/blog\/wp-content\/uploads\/2024\/07\/img_4807.jpg\"><img aria-describedby=\"caption-attachment-2382\" decoding=\"async\" loading=\"lazy\" class=\"size-full wp-image-2382\" src=\"https:\/\/photos-et-compagnie.fr\/blog\/wp-content\/uploads\/2024\/07\/img_4807.jpg\" alt=\"\" width=\"2000\" height=\"1500\" srcset=\"https:\/\/photos-et-compagnie.fr\/blog\/wp-content\/uploads\/2024\/07\/img_4807.jpg 2000w, https:\/\/photos-et-compagnie.fr\/blog\/wp-content\/uploads\/2024\/07\/img_4807-300x225.jpg 300w, https:\/\/photos-et-compagnie.fr\/blog\/wp-content\/uploads\/2024\/07\/img_4807-1024x768.jpg 1024w, https:\/\/photos-et-compagnie.fr\/blog\/wp-content\/uploads\/2024\/07\/img_4807-768x576.jpg 768w, https:\/\/photos-et-compagnie.fr\/blog\/wp-content\/uploads\/2024\/07\/img_4807-1536x1152.jpg 1536w, https:\/\/photos-et-compagnie.fr\/blog\/wp-content\/uploads\/2024\/07\/img_4807-400x300.jpg 400w, https:\/\/photos-et-compagnie.fr\/blog\/wp-content\/uploads\/2024\/07\/img_4807-840x630.jpg 840w\" sizes=\"(max-width: 2000px) 100vw, 2000px\" \/><\/a><p id=\"caption-attachment-2382\" class=\"wp-caption-text\">Cabana de la Pleta del Castellar (3\/3)<\/p><\/div>\n<p>Et surtout, elle nous permettra de nous prot\u00e9ger des \u00e9l\u00e9ments si les orages annonc\u00e9s se confirment. \u00c0 peine ce compte rendu fini de r\u00e9diger (il est 16 heures), la pluie arrive avec de l\u2019avance sur les pr\u00e9visions. La cabane \u00e9tait d\u00e9finitivement le bon choix, et nous pouvons tranquillement regarder la pluie tomber depuis notre abri !<\/p>\n","protected":false},"excerpt":{"rendered":"<p>Vendredi 26 juillet \ufeff\ufeff\ufeff\ufeff Au r\u00e9veil le ciel est bleu, seule l\u2019humidit\u00e9 ambiante garde une trace de l\u2019orage de la veille. La m\u00e9t\u00e9o pr\u00e9voyant de nouveau des orages en fin d\u2019apr\u00e8s-midi, nous avions mis le r\u00e9veil \u00e0 6h30, mais cela n\u2019est pas n\u00e9cessaire, nous sommes debout vers 6h15. Nous disons au revoir \u00e0 Christophe et quittons la cabanes vers 7h15. Apr\u00e8s presque deux semaines, nous n\u2019avons toujours pas r\u00e9ussi \u00e0 descendre en dessous d\u2019une heure de temps de pr\u00e9paration entre le r\u00e9veil et le d\u00e9part &#x1f609;. L\u2019\u00e9tape du jour \u00e9tant vraiment tr\u00e8s courte nous avons d\u00e9cid\u00e9, en bonus, de gravir le Pic de Serr\u00e8re (2913m) depuis la collada del Meners, ascension qui marquera notre premier passage au-dessus de la barre des 2900 m. Mais pour atteindre le col, il faut commencer par monter dans une pente assez raide, puis traverser un joli vallon et monter de nouveau. Il nous faudra..<\/p>\n","protected":false},"author":1,"featured_media":0,"comment_status":"open","ping_status":"open","sticky":false,"template":"","format":"standard","meta":[],"categories":[11],"tags":[],"_links":{"self":[{"href":"https:\/\/photos-et-compagnie.fr\/blog\/wp-json\/wp\/v2\/posts\/2235"}],"collection":[{"href":"https:\/\/photos-et-compagnie.fr\/blog\/wp-json\/wp\/v2\/posts"}],"about":[{"href":"https:\/\/photos-et-compagnie.fr\/blog\/wp-json\/wp\/v2\/types\/post"}],"author":[{"embeddable":true,"href":"https:\/\/photos-et-compagnie.fr\/blog\/wp-json\/wp\/v2\/users\/1"}],"replies":[{"embeddable":true,"href":"https:\/\/photos-et-compagnie.fr\/blog\/wp-json\/wp\/v2\/comments?post=2235"}],"version-history":[{"count":9,"href":"https:\/\/photos-et-compagnie.fr\/blog\/wp-json\/wp\/v2\/posts\/2235\/revisions"}],"predecessor-version":[{"id":2390,"href":"https:\/\/photos-et-compagnie.fr\/blog\/wp-json\/wp\/v2\/posts\/2235\/revisions\/2390"}],"wp:attachment":[{"href":"https:\/\/photos-et-compagnie.fr\/blog\/wp-json\/wp\/v2\/media?parent=2235"}],"wp:term":[{"taxonomy":"category","embeddable":true,"href":"https:\/\/photos-et-compagnie.fr\/blog\/wp-json\/wp\/v2\/categories?post=2235"},{"taxonomy":"post_tag","embeddable":true,"href":"https:\/\/photos-et-compagnie.fr\/blog\/wp-json\/wp\/v2\/tags?post=2235"}],"curies":[{"name":"wp","href":"https:\/\/api.w.org\/{rel}","templated":true}]}}