{"id":2239,"date":"2024-07-28T11:30:52","date_gmt":"2024-07-28T11:30:52","guid":{"rendered":"https:\/\/photos-et-compagnie.fr\/blog\/?p=2239"},"modified":"2024-09-11T06:04:28","modified_gmt":"2024-09-11T06:04:28","slug":"jour-15-refuge-de-letang-fourcat-mounico","status":"publish","type":"post","link":"https:\/\/photos-et-compagnie.fr\/blog\/2024\/07\/jour-15-refuge-de-letang-fourcat-mounico\/","title":{"rendered":"Jour 15 &#8211; Refuge de l&rsquo;Etang Fourcat -> Mounicou"},"content":{"rendered":"<p><span style=\"text-decoration: underline;\"><strong>Dimanche 28 juillet<\/strong><\/span><\/p>\n<p><iframe style=\"border: 0; width: 100%; height: 540px;\" src=\"https:\/\/www.visugpx.com\/sxAM5XK1kO?iframe&amp;t=14&amp;otm\" scrolling=\"no\" allowfullscreen=\"allowfullscreen\"><span data-mce-type=\"bookmark\" style=\"display: inline-block; width: 0px; overflow: hidden; line-height: 0;\" class=\"mce_SELRES_start\">\ufeff<\/span><span data-mce-type=\"bookmark\" style=\"display: inline-block; width: 0px; overflow: hidden; line-height: 0;\" class=\"mce_SELRES_start\">\ufeff<\/span><span data-mce-type=\"bookmark\" style=\"display: inline-block; width: 0px; overflow: hidden; line-height: 0;\" class=\"mce_SELRES_start\">\ufeff<\/span><\/iframe><\/p>\n<p>Ce matin, nous nous levons vers 6h30, l\u2019objectif \u00e9tant de boucler nos sacs avant le petit d\u00e9jeuner qui commence \u00e0 7h, et de pouvoir nous mettre en route rapidement ensuite. Nous sommes \u00e0 pied d\u2019\u0153uvre un peu avant 7h30, pas trop f\u00e2ch\u00e9s de quitter le refuge et la foule.<\/p>\n<div id=\"attachment_2446\" style=\"width: 2010px\" class=\"wp-caption aligncenter\"><a href=\"https:\/\/photos-et-compagnie.fr\/blog\/wp-content\/uploads\/2024\/07\/p1026553.jpg\"><img aria-describedby=\"caption-attachment-2446\" decoding=\"async\" loading=\"lazy\" class=\"size-full wp-image-2446\" src=\"https:\/\/photos-et-compagnie.fr\/blog\/wp-content\/uploads\/2024\/07\/p1026553.jpg\" alt=\"\" width=\"2000\" height=\"1125\" srcset=\"https:\/\/photos-et-compagnie.fr\/blog\/wp-content\/uploads\/2024\/07\/p1026553.jpg 2000w, https:\/\/photos-et-compagnie.fr\/blog\/wp-content\/uploads\/2024\/07\/p1026553-300x169.jpg 300w, https:\/\/photos-et-compagnie.fr\/blog\/wp-content\/uploads\/2024\/07\/p1026553-1024x576.jpg 1024w, https:\/\/photos-et-compagnie.fr\/blog\/wp-content\/uploads\/2024\/07\/p1026553-768x432.jpg 768w, https:\/\/photos-et-compagnie.fr\/blog\/wp-content\/uploads\/2024\/07\/p1026553-1536x864.jpg 1536w, https:\/\/photos-et-compagnie.fr\/blog\/wp-content\/uploads\/2024\/07\/p1026553-400x225.jpg 400w, https:\/\/photos-et-compagnie.fr\/blog\/wp-content\/uploads\/2024\/07\/p1026553-840x473.jpg 840w\" sizes=\"(max-width: 2000px) 100vw, 2000px\" \/><\/a><p id=\"caption-attachment-2446\" class=\"wp-caption-text\">D\u00e9part a l&rsquo;aube<\/p><\/div>\n<p>Le topo annonce une \u00e9tape courte (5h45) pour rejoindre Mounicou, mais pr\u00e9cise qu\u2019il s\u2019agit d\u2019une \u00ab \u00e9tape de Montagne \u00bb \u00e0 ne pas sous-estimer. Effectivement, \u00e7a commence fort\u00a0! Nous n\u2019avons que 320 m\u00e8tres de d\u00e9niveler positif \u00e0 avaler, mais dans des conditions rudes. On commence par une mont\u00e9e raide dans l\u2019herbe vers une premi\u00e8re cr\u00eate, mont\u00e9e qui nous offre de belles vues sur l\u2019\u00e9tang Fourcat et le refuge.<\/p>\n<div id=\"attachment_2447\" style=\"width: 2010px\" class=\"wp-caption aligncenter\"><a href=\"https:\/\/photos-et-compagnie.fr\/blog\/wp-content\/uploads\/2024\/07\/p1026556.jpg\"><img aria-describedby=\"caption-attachment-2447\" decoding=\"async\" loading=\"lazy\" class=\"size-full wp-image-2447\" src=\"https:\/\/photos-et-compagnie.fr\/blog\/wp-content\/uploads\/2024\/07\/p1026556.jpg\" alt=\"\" width=\"2000\" height=\"1000\" srcset=\"https:\/\/photos-et-compagnie.fr\/blog\/wp-content\/uploads\/2024\/07\/p1026556.jpg 2000w, https:\/\/photos-et-compagnie.fr\/blog\/wp-content\/uploads\/2024\/07\/p1026556-300x150.jpg 300w, https:\/\/photos-et-compagnie.fr\/blog\/wp-content\/uploads\/2024\/07\/p1026556-1024x512.jpg 1024w, https:\/\/photos-et-compagnie.fr\/blog\/wp-content\/uploads\/2024\/07\/p1026556-768x384.jpg 768w, https:\/\/photos-et-compagnie.fr\/blog\/wp-content\/uploads\/2024\/07\/p1026556-1536x768.jpg 1536w, https:\/\/photos-et-compagnie.fr\/blog\/wp-content\/uploads\/2024\/07\/p1026556-400x200.jpg 400w, https:\/\/photos-et-compagnie.fr\/blog\/wp-content\/uploads\/2024\/07\/p1026556-840x420.jpg 840w\" sizes=\"(max-width: 2000px) 100vw, 2000px\" \/><\/a><p id=\"caption-attachment-2447\" class=\"wp-caption-text\">Bye bye l&rsquo;\u00e9tang Fourcat !<\/p><\/div>\n<p>Arriv\u00e9s \u00e0 la premi\u00e8re cr\u00eate, nous redescendons au travers d\u2019un chaos de blocs jusqu\u2019au pied d\u2019une seconde mont\u00e9e encore plus raide que la premi\u00e8re, qui nous permet de gravir les 50 derniers m\u00e8tres de d\u00e9nivel\u00e9 positifs de la journ\u00e9e. Nous sommes bien contents de n\u2019avoir plus que de la descente, m\u00eame si cette derni\u00e8re ne sera pas de tout repos.<\/p>\n<div id=\"attachment_2448\" style=\"width: 2010px\" class=\"wp-caption aligncenter\"><a href=\"https:\/\/photos-et-compagnie.fr\/blog\/wp-content\/uploads\/2024\/07\/p1026557.jpg\"><img aria-describedby=\"caption-attachment-2448\" decoding=\"async\" loading=\"lazy\" class=\"size-full wp-image-2448\" src=\"https:\/\/photos-et-compagnie.fr\/blog\/wp-content\/uploads\/2024\/07\/p1026557.jpg\" alt=\"\" width=\"2000\" height=\"1334\" srcset=\"https:\/\/photos-et-compagnie.fr\/blog\/wp-content\/uploads\/2024\/07\/p1026557.jpg 2000w, https:\/\/photos-et-compagnie.fr\/blog\/wp-content\/uploads\/2024\/07\/p1026557-300x200.jpg 300w, https:\/\/photos-et-compagnie.fr\/blog\/wp-content\/uploads\/2024\/07\/p1026557-1024x683.jpg 1024w, https:\/\/photos-et-compagnie.fr\/blog\/wp-content\/uploads\/2024\/07\/p1026557-768x512.jpg 768w, https:\/\/photos-et-compagnie.fr\/blog\/wp-content\/uploads\/2024\/07\/p1026557-1536x1025.jpg 1536w, https:\/\/photos-et-compagnie.fr\/blog\/wp-content\/uploads\/2024\/07\/p1026557-400x267.jpg 400w, https:\/\/photos-et-compagnie.fr\/blog\/wp-content\/uploads\/2024\/07\/p1026557-840x560.jpg 840w\" sizes=\"(max-width: 2000px) 100vw, 2000px\" \/><\/a><p id=\"caption-attachment-2448\" class=\"wp-caption-text\">Plus qu&rsquo;\u00e0 descendre maintenant<\/p><\/div>\n<p>Elle commence par un peu de d\u00e9sescalade dans une fissure rocheuse, heureusement aid\u00e9s par des c\u00e2bles judicieusement plac\u00e9s, jusqu\u2019au premier \u00e9tant du Picot.<\/p>\n<div id=\"attachment_2449\" style=\"width: 1510px\" class=\"wp-caption aligncenter\"><a href=\"https:\/\/photos-et-compagnie.fr\/blog\/wp-content\/uploads\/2024\/07\/20240728_084534.jpg\"><img aria-describedby=\"caption-attachment-2449\" decoding=\"async\" loading=\"lazy\" class=\"size-full wp-image-2449\" src=\"https:\/\/photos-et-compagnie.fr\/blog\/wp-content\/uploads\/2024\/07\/20240728_084534.jpg\" alt=\"\" width=\"1500\" height=\"2000\" srcset=\"https:\/\/photos-et-compagnie.fr\/blog\/wp-content\/uploads\/2024\/07\/20240728_084534.jpg 1500w, https:\/\/photos-et-compagnie.fr\/blog\/wp-content\/uploads\/2024\/07\/20240728_084534-225x300.jpg 225w, https:\/\/photos-et-compagnie.fr\/blog\/wp-content\/uploads\/2024\/07\/20240728_084534-768x1024.jpg 768w, https:\/\/photos-et-compagnie.fr\/blog\/wp-content\/uploads\/2024\/07\/20240728_084534-1152x1536.jpg 1152w, https:\/\/photos-et-compagnie.fr\/blog\/wp-content\/uploads\/2024\/07\/20240728_084534-1024x1365.jpg 1024w, https:\/\/photos-et-compagnie.fr\/blog\/wp-content\/uploads\/2024\/07\/20240728_084534-400x533.jpg 400w, https:\/\/photos-et-compagnie.fr\/blog\/wp-content\/uploads\/2024\/07\/20240728_084534-840x1120.jpg 840w\" sizes=\"(max-width: 1500px) 100vw, 1500px\" \/><\/a><p id=\"caption-attachment-2449\" class=\"wp-caption-text\">C&rsquo;est raide ! (1\/2)<\/p><\/div>\n<div id=\"attachment_2450\" style=\"width: 1344px\" class=\"wp-caption aligncenter\"><a href=\"https:\/\/photos-et-compagnie.fr\/blog\/wp-content\/uploads\/2024\/07\/p1026559.jpg\"><img aria-describedby=\"caption-attachment-2450\" decoding=\"async\" loading=\"lazy\" class=\"size-full wp-image-2450\" src=\"https:\/\/photos-et-compagnie.fr\/blog\/wp-content\/uploads\/2024\/07\/p1026559.jpg\" alt=\"\" width=\"1334\" height=\"2000\" srcset=\"https:\/\/photos-et-compagnie.fr\/blog\/wp-content\/uploads\/2024\/07\/p1026559.jpg 1334w, https:\/\/photos-et-compagnie.fr\/blog\/wp-content\/uploads\/2024\/07\/p1026559-200x300.jpg 200w, https:\/\/photos-et-compagnie.fr\/blog\/wp-content\/uploads\/2024\/07\/p1026559-683x1024.jpg 683w, https:\/\/photos-et-compagnie.fr\/blog\/wp-content\/uploads\/2024\/07\/p1026559-768x1151.jpg 768w, https:\/\/photos-et-compagnie.fr\/blog\/wp-content\/uploads\/2024\/07\/p1026559-1025x1536.jpg 1025w, https:\/\/photos-et-compagnie.fr\/blog\/wp-content\/uploads\/2024\/07\/p1026559-1024x1535.jpg 1024w, https:\/\/photos-et-compagnie.fr\/blog\/wp-content\/uploads\/2024\/07\/p1026559-400x600.jpg 400w, https:\/\/photos-et-compagnie.fr\/blog\/wp-content\/uploads\/2024\/07\/p1026559-840x1259.jpg 840w\" sizes=\"(max-width: 1334px) 100vw, 1334px\" \/><\/a><p id=\"caption-attachment-2450\" class=\"wp-caption-text\">C&rsquo;est raide ! (2\/2)<\/p><\/div>\n<p>La descente se poursuit ensuite vers plusieurs autres \u00e9tangs, tous plus jolis les uns que les autres. La pente est redevenue raisonnable mais la progression n\u2019est pas facile pour autant (encore pas mal de blocs rocheux).<\/p>\n<div id=\"attachment_2451\" style=\"width: 2010px\" class=\"wp-caption aligncenter\"><a href=\"https:\/\/photos-et-compagnie.fr\/blog\/wp-content\/uploads\/2024\/07\/p1026560.jpg\"><img aria-describedby=\"caption-attachment-2451\" decoding=\"async\" loading=\"lazy\" class=\"size-full wp-image-2451\" src=\"https:\/\/photos-et-compagnie.fr\/blog\/wp-content\/uploads\/2024\/07\/p1026560.jpg\" alt=\"\" width=\"2000\" height=\"1334\" srcset=\"https:\/\/photos-et-compagnie.fr\/blog\/wp-content\/uploads\/2024\/07\/p1026560.jpg 2000w, https:\/\/photos-et-compagnie.fr\/blog\/wp-content\/uploads\/2024\/07\/p1026560-300x200.jpg 300w, https:\/\/photos-et-compagnie.fr\/blog\/wp-content\/uploads\/2024\/07\/p1026560-1024x683.jpg 1024w, https:\/\/photos-et-compagnie.fr\/blog\/wp-content\/uploads\/2024\/07\/p1026560-768x512.jpg 768w, https:\/\/photos-et-compagnie.fr\/blog\/wp-content\/uploads\/2024\/07\/p1026560-1536x1025.jpg 1536w, https:\/\/photos-et-compagnie.fr\/blog\/wp-content\/uploads\/2024\/07\/p1026560-400x267.jpg 400w, https:\/\/photos-et-compagnie.fr\/blog\/wp-content\/uploads\/2024\/07\/p1026560-840x560.jpg 840w\" sizes=\"(max-width: 2000px) 100vw, 2000px\" \/><\/a><p id=\"caption-attachment-2451\" class=\"wp-caption-text\">Etangs du Picot (1\/3)<\/p><\/div>\n<div id=\"attachment_2452\" style=\"width: 2010px\" class=\"wp-caption aligncenter\"><a href=\"https:\/\/photos-et-compagnie.fr\/blog\/wp-content\/uploads\/2024\/07\/img_4815.jpg\"><img aria-describedby=\"caption-attachment-2452\" decoding=\"async\" loading=\"lazy\" class=\"size-full wp-image-2452\" src=\"https:\/\/photos-et-compagnie.fr\/blog\/wp-content\/uploads\/2024\/07\/img_4815.jpg\" alt=\"\" width=\"2000\" height=\"1500\" srcset=\"https:\/\/photos-et-compagnie.fr\/blog\/wp-content\/uploads\/2024\/07\/img_4815.jpg 2000w, https:\/\/photos-et-compagnie.fr\/blog\/wp-content\/uploads\/2024\/07\/img_4815-300x225.jpg 300w, https:\/\/photos-et-compagnie.fr\/blog\/wp-content\/uploads\/2024\/07\/img_4815-1024x768.jpg 1024w, https:\/\/photos-et-compagnie.fr\/blog\/wp-content\/uploads\/2024\/07\/img_4815-768x576.jpg 768w, https:\/\/photos-et-compagnie.fr\/blog\/wp-content\/uploads\/2024\/07\/img_4815-1536x1152.jpg 1536w, https:\/\/photos-et-compagnie.fr\/blog\/wp-content\/uploads\/2024\/07\/img_4815-400x300.jpg 400w, https:\/\/photos-et-compagnie.fr\/blog\/wp-content\/uploads\/2024\/07\/img_4815-840x630.jpg 840w\" sizes=\"(max-width: 2000px) 100vw, 2000px\" \/><\/a><p id=\"caption-attachment-2452\" class=\"wp-caption-text\">Etangs du Picot (2\/3)<\/p><\/div>\n<div id=\"attachment_2453\" style=\"width: 1510px\" class=\"wp-caption aligncenter\"><a href=\"https:\/\/photos-et-compagnie.fr\/blog\/wp-content\/uploads\/2024\/07\/img_4816.jpg\"><img aria-describedby=\"caption-attachment-2453\" decoding=\"async\" loading=\"lazy\" class=\"size-full wp-image-2453\" src=\"https:\/\/photos-et-compagnie.fr\/blog\/wp-content\/uploads\/2024\/07\/img_4816.jpg\" alt=\"\" width=\"1500\" height=\"2000\" srcset=\"https:\/\/photos-et-compagnie.fr\/blog\/wp-content\/uploads\/2024\/07\/img_4816.jpg 1500w, https:\/\/photos-et-compagnie.fr\/blog\/wp-content\/uploads\/2024\/07\/img_4816-225x300.jpg 225w, https:\/\/photos-et-compagnie.fr\/blog\/wp-content\/uploads\/2024\/07\/img_4816-768x1024.jpg 768w, https:\/\/photos-et-compagnie.fr\/blog\/wp-content\/uploads\/2024\/07\/img_4816-1152x1536.jpg 1152w, https:\/\/photos-et-compagnie.fr\/blog\/wp-content\/uploads\/2024\/07\/img_4816-1024x1365.jpg 1024w, https:\/\/photos-et-compagnie.fr\/blog\/wp-content\/uploads\/2024\/07\/img_4816-400x533.jpg 400w, https:\/\/photos-et-compagnie.fr\/blog\/wp-content\/uploads\/2024\/07\/img_4816-840x1120.jpg 840w\" sizes=\"(max-width: 1500px) 100vw, 1500px\" \/><\/a><p id=\"caption-attachment-2453\" class=\"wp-caption-text\">Etangs du Picot (3\/3)<\/p><\/div>\n<p>Un fois l\u2019ensemble des \u00e9tangs d\u00e9pass\u00e9s, le terrain redevient enfin un peu plus sympathique, et il est possible de marcher sur un vrai chemin sans qu\u2019il soit n\u00e9cessaire d\u2019avoir les yeux riv\u00e9s sur ses pieds. Nous progressons alors un long moment \u00e0 flanc, avant de plonger dans la pente pour descendre de fa\u00e7on beaucoup plus franche. Nous descendons rapidement 400 m\u00e8tres de d\u00e9nivel\u00e9 dans les rhododendrons jusqu\u2019\u00e0 l\u2019orri de Tugnalbu (1787m), cabane autour de laquelle paissent des chevaux, et qui dispose d\u2019une fontaine o\u00f9 nous pouvons faire le plein.<\/p>\n<div id=\"attachment_2454\" style=\"width: 2010px\" class=\"wp-caption aligncenter\"><a href=\"https:\/\/photos-et-compagnie.fr\/blog\/wp-content\/uploads\/2024\/07\/20240728_103341.jpg\"><img aria-describedby=\"caption-attachment-2454\" decoding=\"async\" loading=\"lazy\" class=\"size-full wp-image-2454\" src=\"https:\/\/photos-et-compagnie.fr\/blog\/wp-content\/uploads\/2024\/07\/20240728_103341.jpg\" alt=\"\" width=\"2000\" height=\"1500\" srcset=\"https:\/\/photos-et-compagnie.fr\/blog\/wp-content\/uploads\/2024\/07\/20240728_103341.jpg 2000w, https:\/\/photos-et-compagnie.fr\/blog\/wp-content\/uploads\/2024\/07\/20240728_103341-300x225.jpg 300w, https:\/\/photos-et-compagnie.fr\/blog\/wp-content\/uploads\/2024\/07\/20240728_103341-1024x768.jpg 1024w, https:\/\/photos-et-compagnie.fr\/blog\/wp-content\/uploads\/2024\/07\/20240728_103341-768x576.jpg 768w, https:\/\/photos-et-compagnie.fr\/blog\/wp-content\/uploads\/2024\/07\/20240728_103341-1536x1152.jpg 1536w, https:\/\/photos-et-compagnie.fr\/blog\/wp-content\/uploads\/2024\/07\/20240728_103341-400x300.jpg 400w, https:\/\/photos-et-compagnie.fr\/blog\/wp-content\/uploads\/2024\/07\/20240728_103341-840x630.jpg 840w\" sizes=\"(max-width: 2000px) 100vw, 2000px\" \/><\/a><p id=\"caption-attachment-2454\" class=\"wp-caption-text\">S\u00e9quence gratouille<\/p><\/div>\n<div id=\"attachment_2461\" style=\"width: 2010px\" class=\"wp-caption aligncenter\"><a href=\"https:\/\/photos-et-compagnie.fr\/blog\/wp-content\/uploads\/2024\/07\/p1026565.jpg\"><img aria-describedby=\"caption-attachment-2461\" decoding=\"async\" loading=\"lazy\" class=\"size-full wp-image-2461\" src=\"https:\/\/photos-et-compagnie.fr\/blog\/wp-content\/uploads\/2024\/07\/p1026565.jpg\" alt=\"\" width=\"2000\" height=\"1334\" srcset=\"https:\/\/photos-et-compagnie.fr\/blog\/wp-content\/uploads\/2024\/07\/p1026565.jpg 2000w, https:\/\/photos-et-compagnie.fr\/blog\/wp-content\/uploads\/2024\/07\/p1026565-300x200.jpg 300w, https:\/\/photos-et-compagnie.fr\/blog\/wp-content\/uploads\/2024\/07\/p1026565-1024x683.jpg 1024w, https:\/\/photos-et-compagnie.fr\/blog\/wp-content\/uploads\/2024\/07\/p1026565-768x512.jpg 768w, https:\/\/photos-et-compagnie.fr\/blog\/wp-content\/uploads\/2024\/07\/p1026565-1536x1025.jpg 1536w, https:\/\/photos-et-compagnie.fr\/blog\/wp-content\/uploads\/2024\/07\/p1026565-400x267.jpg 400w, https:\/\/photos-et-compagnie.fr\/blog\/wp-content\/uploads\/2024\/07\/p1026565-840x560.jpg 840w\" sizes=\"(max-width: 2000px) 100vw, 2000px\" \/><\/a><p id=\"caption-attachment-2461\" class=\"wp-caption-text\">Rencontre \u00e9quine<\/p><\/div>\n<div id=\"attachment_2455\" style=\"width: 2010px\" class=\"wp-caption aligncenter\"><a href=\"https:\/\/photos-et-compagnie.fr\/blog\/wp-content\/uploads\/2024\/07\/20240728_105221.jpg\"><img aria-describedby=\"caption-attachment-2455\" decoding=\"async\" loading=\"lazy\" class=\"size-full wp-image-2455\" src=\"https:\/\/photos-et-compagnie.fr\/blog\/wp-content\/uploads\/2024\/07\/20240728_105221.jpg\" alt=\"\" width=\"2000\" height=\"1500\" srcset=\"https:\/\/photos-et-compagnie.fr\/blog\/wp-content\/uploads\/2024\/07\/20240728_105221.jpg 2000w, https:\/\/photos-et-compagnie.fr\/blog\/wp-content\/uploads\/2024\/07\/20240728_105221-300x225.jpg 300w, https:\/\/photos-et-compagnie.fr\/blog\/wp-content\/uploads\/2024\/07\/20240728_105221-1024x768.jpg 1024w, https:\/\/photos-et-compagnie.fr\/blog\/wp-content\/uploads\/2024\/07\/20240728_105221-768x576.jpg 768w, https:\/\/photos-et-compagnie.fr\/blog\/wp-content\/uploads\/2024\/07\/20240728_105221-1536x1152.jpg 1536w, https:\/\/photos-et-compagnie.fr\/blog\/wp-content\/uploads\/2024\/07\/20240728_105221-400x300.jpg 400w, https:\/\/photos-et-compagnie.fr\/blog\/wp-content\/uploads\/2024\/07\/20240728_105221-840x630.jpg 840w\" sizes=\"(max-width: 2000px) 100vw, 2000px\" \/><\/a><p id=\"caption-attachment-2455\" class=\"wp-caption-text\">Orri de Tignalbu<\/p><\/div>\n<p>Il est alors 11h du matin, le soleil cogne fort et nous sommes totalement \u00e0 d\u00e9couvert. Heureusement, apr\u00e8s avoir suivi une large piste pendant quelques centaines de m\u00e8tres et rencontr\u00e9 quelques chevaux suppl\u00e9mentaires, nous rentrons dans la for\u00eat que nous ne quitterons plus jusqu\u2019\u00e0 Mounicou, et qui nous offre une ombre bienvenue.<\/p>\n<div id=\"attachment_2456\" style=\"width: 1510px\" class=\"wp-caption aligncenter\"><a href=\"https:\/\/photos-et-compagnie.fr\/blog\/wp-content\/uploads\/2024\/07\/img_4820.jpg\"><img aria-describedby=\"caption-attachment-2456\" decoding=\"async\" loading=\"lazy\" class=\"size-full wp-image-2456\" src=\"https:\/\/photos-et-compagnie.fr\/blog\/wp-content\/uploads\/2024\/07\/img_4820.jpg\" alt=\"\" width=\"1500\" height=\"2000\" srcset=\"https:\/\/photos-et-compagnie.fr\/blog\/wp-content\/uploads\/2024\/07\/img_4820.jpg 1500w, https:\/\/photos-et-compagnie.fr\/blog\/wp-content\/uploads\/2024\/07\/img_4820-225x300.jpg 225w, https:\/\/photos-et-compagnie.fr\/blog\/wp-content\/uploads\/2024\/07\/img_4820-768x1024.jpg 768w, https:\/\/photos-et-compagnie.fr\/blog\/wp-content\/uploads\/2024\/07\/img_4820-1152x1536.jpg 1152w, https:\/\/photos-et-compagnie.fr\/blog\/wp-content\/uploads\/2024\/07\/img_4820-1024x1365.jpg 1024w, https:\/\/photos-et-compagnie.fr\/blog\/wp-content\/uploads\/2024\/07\/img_4820-400x533.jpg 400w, https:\/\/photos-et-compagnie.fr\/blog\/wp-content\/uploads\/2024\/07\/img_4820-840x1120.jpg 840w\" sizes=\"(max-width: 1500px) 100vw, 1500px\" \/><\/a><p id=\"caption-attachment-2456\" class=\"wp-caption-text\">Dans la for\u00eat<\/p><\/div>\n<div id=\"attachment_2457\" style=\"width: 1510px\" class=\"wp-caption aligncenter\"><a href=\"https:\/\/photos-et-compagnie.fr\/blog\/wp-content\/uploads\/2024\/07\/img_4822.jpg\"><img aria-describedby=\"caption-attachment-2457\" decoding=\"async\" loading=\"lazy\" class=\"size-full wp-image-2457\" src=\"https:\/\/photos-et-compagnie.fr\/blog\/wp-content\/uploads\/2024\/07\/img_4822.jpg\" alt=\"\" width=\"1500\" height=\"2000\" srcset=\"https:\/\/photos-et-compagnie.fr\/blog\/wp-content\/uploads\/2024\/07\/img_4822.jpg 1500w, https:\/\/photos-et-compagnie.fr\/blog\/wp-content\/uploads\/2024\/07\/img_4822-225x300.jpg 225w, https:\/\/photos-et-compagnie.fr\/blog\/wp-content\/uploads\/2024\/07\/img_4822-768x1024.jpg 768w, https:\/\/photos-et-compagnie.fr\/blog\/wp-content\/uploads\/2024\/07\/img_4822-1152x1536.jpg 1152w, https:\/\/photos-et-compagnie.fr\/blog\/wp-content\/uploads\/2024\/07\/img_4822-1024x1365.jpg 1024w, https:\/\/photos-et-compagnie.fr\/blog\/wp-content\/uploads\/2024\/07\/img_4822-400x533.jpg 400w, https:\/\/photos-et-compagnie.fr\/blog\/wp-content\/uploads\/2024\/07\/img_4822-840x1120.jpg 840w\" sizes=\"(max-width: 1500px) 100vw, 1500px\" \/><\/a><p id=\"caption-attachment-2457\" class=\"wp-caption-text\">Mounicou apparait<\/p><\/div>\n<div id=\"attachment_2458\" style=\"width: 2010px\" class=\"wp-caption aligncenter\"><a href=\"https:\/\/photos-et-compagnie.fr\/blog\/wp-content\/uploads\/2024\/07\/p1026568.jpg\"><img aria-describedby=\"caption-attachment-2458\" decoding=\"async\" loading=\"lazy\" class=\"size-full wp-image-2458\" src=\"https:\/\/photos-et-compagnie.fr\/blog\/wp-content\/uploads\/2024\/07\/p1026568.jpg\" alt=\"\" width=\"2000\" height=\"1334\" srcset=\"https:\/\/photos-et-compagnie.fr\/blog\/wp-content\/uploads\/2024\/07\/p1026568.jpg 2000w, https:\/\/photos-et-compagnie.fr\/blog\/wp-content\/uploads\/2024\/07\/p1026568-300x200.jpg 300w, https:\/\/photos-et-compagnie.fr\/blog\/wp-content\/uploads\/2024\/07\/p1026568-1024x683.jpg 1024w, https:\/\/photos-et-compagnie.fr\/blog\/wp-content\/uploads\/2024\/07\/p1026568-768x512.jpg 768w, https:\/\/photos-et-compagnie.fr\/blog\/wp-content\/uploads\/2024\/07\/p1026568-1536x1025.jpg 1536w, https:\/\/photos-et-compagnie.fr\/blog\/wp-content\/uploads\/2024\/07\/p1026568-400x267.jpg 400w, https:\/\/photos-et-compagnie.fr\/blog\/wp-content\/uploads\/2024\/07\/p1026568-840x560.jpg 840w\" sizes=\"(max-width: 2000px) 100vw, 2000px\" \/><\/a><p id=\"caption-attachment-2458\" class=\"wp-caption-text\">Chemin paisible<\/p><\/div>\n<p>Il reste encore 700 m\u00e8tres de d\u00e9nivel\u00e9 \u00e0 descendre, d\u2019abord dans une for\u00eat de pin. Puis au fur et \u00e0 mesure de la descente, la v\u00e9g\u00e9tation se transforme, les pins font place aux feuillus, les foug\u00e8res font leur apparition, et la temp\u00e9rature est de plus en plus chaude et \u00e9touffante. Nous arrivons en nage \u00e0 Mounicou, avec une heure d\u2019avance sur le timing du topo, sans avoir eu trop l&rsquo;impression de forcer. C&rsquo;est de bon augure pour cette derni\u00e8re \u00e9tape \u00ab cool \u00bb, et avant l\u2019\u00e9tape du lendemain (Mounicou -&gt; Certascan) et ses 1800 m\u00e8tres de d\u00e9nivel\u00e9 positifs.<\/p>\n<div id=\"attachment_2459\" style=\"width: 2010px\" class=\"wp-caption aligncenter\"><a href=\"https:\/\/photos-et-compagnie.fr\/blog\/wp-content\/uploads\/2024\/07\/img_4823.jpg\"><img aria-describedby=\"caption-attachment-2459\" decoding=\"async\" loading=\"lazy\" class=\"size-full wp-image-2459\" src=\"https:\/\/photos-et-compagnie.fr\/blog\/wp-content\/uploads\/2024\/07\/img_4823.jpg\" alt=\"\" width=\"2000\" height=\"1500\" srcset=\"https:\/\/photos-et-compagnie.fr\/blog\/wp-content\/uploads\/2024\/07\/img_4823.jpg 2000w, https:\/\/photos-et-compagnie.fr\/blog\/wp-content\/uploads\/2024\/07\/img_4823-300x225.jpg 300w, https:\/\/photos-et-compagnie.fr\/blog\/wp-content\/uploads\/2024\/07\/img_4823-1024x768.jpg 1024w, https:\/\/photos-et-compagnie.fr\/blog\/wp-content\/uploads\/2024\/07\/img_4823-768x576.jpg 768w, https:\/\/photos-et-compagnie.fr\/blog\/wp-content\/uploads\/2024\/07\/img_4823-1536x1152.jpg 1536w, https:\/\/photos-et-compagnie.fr\/blog\/wp-content\/uploads\/2024\/07\/img_4823-400x300.jpg 400w, https:\/\/photos-et-compagnie.fr\/blog\/wp-content\/uploads\/2024\/07\/img_4823-840x630.jpg 840w\" sizes=\"(max-width: 2000px) 100vw, 2000px\" \/><\/a><p id=\"caption-attachment-2459\" class=\"wp-caption-text\">Arriv\u00e9e \u00e0 Mounicou<\/p><\/div>\n<p>Nous nous installons au g\u00eete, r\u00e9cup\u00e9rons le colis que nous y avions exp\u00e9di\u00e9 et sommes bient\u00f4t rejoint par Pauline, son fr\u00e8re et les enfants qui apportent le pique-nique, le repas du soir et du ravitaillement pour la semaine \u00e0 venir. Nous passons un tr\u00e8s agr\u00e9able moment \u00e0 d\u00e9jeuner sur la terrasse.<\/p>\n<div id=\"attachment_2460\" style=\"width: 2010px\" class=\"wp-caption aligncenter\"><a href=\"https:\/\/photos-et-compagnie.fr\/blog\/wp-content\/uploads\/2024\/07\/20240728_125106.jpg\"><img aria-describedby=\"caption-attachment-2460\" decoding=\"async\" loading=\"lazy\" class=\"size-full wp-image-2460\" src=\"https:\/\/photos-et-compagnie.fr\/blog\/wp-content\/uploads\/2024\/07\/20240728_125106.jpg\" alt=\"\" width=\"2000\" height=\"1500\" srcset=\"https:\/\/photos-et-compagnie.fr\/blog\/wp-content\/uploads\/2024\/07\/20240728_125106.jpg 2000w, https:\/\/photos-et-compagnie.fr\/blog\/wp-content\/uploads\/2024\/07\/20240728_125106-300x225.jpg 300w, https:\/\/photos-et-compagnie.fr\/blog\/wp-content\/uploads\/2024\/07\/20240728_125106-1024x768.jpg 1024w, https:\/\/photos-et-compagnie.fr\/blog\/wp-content\/uploads\/2024\/07\/20240728_125106-768x576.jpg 768w, https:\/\/photos-et-compagnie.fr\/blog\/wp-content\/uploads\/2024\/07\/20240728_125106-1536x1152.jpg 1536w, https:\/\/photos-et-compagnie.fr\/blog\/wp-content\/uploads\/2024\/07\/20240728_125106-400x300.jpg 400w, https:\/\/photos-et-compagnie.fr\/blog\/wp-content\/uploads\/2024\/07\/20240728_125106-840x630.jpg 840w\" sizes=\"(max-width: 2000px) 100vw, 2000px\" \/><\/a><p id=\"caption-attachment-2460\" class=\"wp-caption-text\">G\u00eete de Mounicou<\/p><\/div>\n<p>Une fois toute la petite troupe repartie, nous faisons l\u2019\u00e9tat des lieux des victuailles en notre possession : nous avons peut \u00eatre vu un peu large, les sacs vont \u00eatre lourds demain ! Bon, on se rassure en se disant qu\u2019au moins on pourra manger sans trop regarder \u00e0 la quantit\u00e9.<\/p>\n<p>&nbsp;<\/p>\n","protected":false},"excerpt":{"rendered":"<p>Dimanche 28 juillet \ufeff\ufeff\ufeff Ce matin, nous nous levons vers 6h30, l\u2019objectif \u00e9tant de boucler nos sacs avant le petit d\u00e9jeuner qui commence \u00e0 7h, et de pouvoir nous mettre en route rapidement ensuite. Nous sommes \u00e0 pied d\u2019\u0153uvre un peu avant 7h30, pas trop f\u00e2ch\u00e9s de quitter le refuge et la foule. Le topo annonce une \u00e9tape courte (5h45) pour rejoindre Mounicou, mais pr\u00e9cise qu\u2019il s\u2019agit d\u2019une \u00ab \u00e9tape de Montagne \u00bb \u00e0 ne pas sous-estimer. Effectivement, \u00e7a commence fort\u00a0! Nous n\u2019avons que 320 m\u00e8tres de d\u00e9niveler positif \u00e0 avaler, mais dans des conditions rudes. On commence par une mont\u00e9e raide dans l\u2019herbe vers une premi\u00e8re cr\u00eate, mont\u00e9e qui nous offre de belles vues sur l\u2019\u00e9tang Fourcat et le refuge. Arriv\u00e9s \u00e0 la premi\u00e8re cr\u00eate, nous redescendons au travers d\u2019un chaos de blocs jusqu\u2019au pied d\u2019une seconde mont\u00e9e encore plus raide que la premi\u00e8re, qui nous permet de gravir..<\/p>\n","protected":false},"author":1,"featured_media":0,"comment_status":"open","ping_status":"open","sticky":false,"template":"","format":"standard","meta":[],"categories":[11],"tags":[],"_links":{"self":[{"href":"https:\/\/photos-et-compagnie.fr\/blog\/wp-json\/wp\/v2\/posts\/2239"}],"collection":[{"href":"https:\/\/photos-et-compagnie.fr\/blog\/wp-json\/wp\/v2\/posts"}],"about":[{"href":"https:\/\/photos-et-compagnie.fr\/blog\/wp-json\/wp\/v2\/types\/post"}],"author":[{"embeddable":true,"href":"https:\/\/photos-et-compagnie.fr\/blog\/wp-json\/wp\/v2\/users\/1"}],"replies":[{"embeddable":true,"href":"https:\/\/photos-et-compagnie.fr\/blog\/wp-json\/wp\/v2\/comments?post=2239"}],"version-history":[{"count":9,"href":"https:\/\/photos-et-compagnie.fr\/blog\/wp-json\/wp\/v2\/posts\/2239\/revisions"}],"predecessor-version":[{"id":2467,"href":"https:\/\/photos-et-compagnie.fr\/blog\/wp-json\/wp\/v2\/posts\/2239\/revisions\/2467"}],"wp:attachment":[{"href":"https:\/\/photos-et-compagnie.fr\/blog\/wp-json\/wp\/v2\/media?parent=2239"}],"wp:term":[{"taxonomy":"category","embeddable":true,"href":"https:\/\/photos-et-compagnie.fr\/blog\/wp-json\/wp\/v2\/categories?post=2239"},{"taxonomy":"post_tag","embeddable":true,"href":"https:\/\/photos-et-compagnie.fr\/blog\/wp-json\/wp\/v2\/tags?post=2239"}],"curies":[{"name":"wp","href":"https:\/\/api.w.org\/{rel}","templated":true}]}}