{"id":2246,"date":"2024-07-31T11:33:28","date_gmt":"2024-07-31T11:33:28","guid":{"rendered":"https:\/\/photos-et-compagnie.fr\/blog\/?p=2246"},"modified":"2024-09-11T12:11:12","modified_gmt":"2024-09-11T12:11:12","slug":"jour-18-refugi-enric-pujol-estanyola-del-clot-de-moredo","status":"publish","type":"post","link":"https:\/\/photos-et-compagnie.fr\/blog\/2024\/07\/jour-18-refugi-enric-pujol-estanyola-del-clot-de-moredo\/","title":{"rendered":"Jour 18 &#8211; Refugi Enric Pujol -> Estanyola del Clot de Moredo"},"content":{"rendered":"<p><span style=\"text-decoration: underline;\"><strong>Mercredi 31 juillet<\/strong><\/span><\/p>\n<p><iframe style=\"border: 0; width: 100%; height: 540px;\" src=\"https:\/\/www.visugpx.com\/KVU1zGDvA8?iframe&amp;t=3&amp;otm\" scrolling=\"no\" allowfullscreen=\"allowfullscreen\"><span data-mce-type=\"bookmark\" style=\"display: inline-block; width: 0px; overflow: hidden; line-height: 0;\" class=\"mce_SELRES_start\">\ufeff<\/span><span data-mce-type=\"bookmark\" style=\"display: inline-block; width: 0px; overflow: hidden; line-height: 0;\" class=\"mce_SELRES_start\">\ufeff<\/span><\/iframe><\/p>\n<p>Ce matin, apr\u00e8s la nuit bien pourrie que nous venons de passer, notre misanthropie est au maximum\u00a0: finies les cabanes, les prochaines nuits seront sous la tente !<\/p>\n<div id=\"attachment_2514\" style=\"width: 2010px\" class=\"wp-caption aligncenter\"><a href=\"https:\/\/photos-et-compagnie.fr\/blog\/wp-content\/uploads\/2024\/07\/20240731_072046.jpg\"><img aria-describedby=\"caption-attachment-2514\" decoding=\"async\" loading=\"lazy\" class=\"size-full wp-image-2514\" src=\"https:\/\/photos-et-compagnie.fr\/blog\/wp-content\/uploads\/2024\/07\/20240731_072046.jpg\" alt=\"\" width=\"2000\" height=\"1500\" srcset=\"https:\/\/photos-et-compagnie.fr\/blog\/wp-content\/uploads\/2024\/07\/20240731_072046.jpg 2000w, https:\/\/photos-et-compagnie.fr\/blog\/wp-content\/uploads\/2024\/07\/20240731_072046-300x225.jpg 300w, https:\/\/photos-et-compagnie.fr\/blog\/wp-content\/uploads\/2024\/07\/20240731_072046-1024x768.jpg 1024w, https:\/\/photos-et-compagnie.fr\/blog\/wp-content\/uploads\/2024\/07\/20240731_072046-768x576.jpg 768w, https:\/\/photos-et-compagnie.fr\/blog\/wp-content\/uploads\/2024\/07\/20240731_072046-1536x1152.jpg 1536w, https:\/\/photos-et-compagnie.fr\/blog\/wp-content\/uploads\/2024\/07\/20240731_072046-400x300.jpg 400w, https:\/\/photos-et-compagnie.fr\/blog\/wp-content\/uploads\/2024\/07\/20240731_072046-840x630.jpg 840w\" sizes=\"(max-width: 2000px) 100vw, 2000px\" \/><\/a><p id=\"caption-attachment-2514\" class=\"wp-caption-text\">Merci pour la super nuit !<\/p><\/div>\n<p>Heureusement, la vue magnifique sur l\u2019Estany Llavera au lever du soleil nous apaise un peu.<\/p>\n<div id=\"attachment_2513\" style=\"width: 2010px\" class=\"wp-caption aligncenter\"><a href=\"https:\/\/photos-et-compagnie.fr\/blog\/wp-content\/uploads\/2024\/07\/p1026654.jpg\"><img aria-describedby=\"caption-attachment-2513\" decoding=\"async\" loading=\"lazy\" class=\"size-full wp-image-2513\" src=\"https:\/\/photos-et-compagnie.fr\/blog\/wp-content\/uploads\/2024\/07\/p1026654.jpg\" alt=\"\" width=\"2000\" height=\"1125\" srcset=\"https:\/\/photos-et-compagnie.fr\/blog\/wp-content\/uploads\/2024\/07\/p1026654.jpg 2000w, https:\/\/photos-et-compagnie.fr\/blog\/wp-content\/uploads\/2024\/07\/p1026654-300x169.jpg 300w, https:\/\/photos-et-compagnie.fr\/blog\/wp-content\/uploads\/2024\/07\/p1026654-1024x576.jpg 1024w, https:\/\/photos-et-compagnie.fr\/blog\/wp-content\/uploads\/2024\/07\/p1026654-768x432.jpg 768w, https:\/\/photos-et-compagnie.fr\/blog\/wp-content\/uploads\/2024\/07\/p1026654-1536x864.jpg 1536w, https:\/\/photos-et-compagnie.fr\/blog\/wp-content\/uploads\/2024\/07\/p1026654-400x225.jpg 400w, https:\/\/photos-et-compagnie.fr\/blog\/wp-content\/uploads\/2024\/07\/p1026654-840x473.jpg 840w\" sizes=\"(max-width: 2000px) 100vw, 2000px\" \/><\/a><p id=\"caption-attachment-2513\" class=\"wp-caption-text\">Estany Llavera au r\u00e9veil<\/p><\/div>\n<p>Nous partons vers 7h30, et commen\u00e7ons par la mont\u00e9e vers le col de Calberante, dans un tr\u00e8s joli environnement m\u00ealant herbe et rochers de couleur ocre. Le chemin passe successivement par les quatre \u00e9tangs de la Gallina, qui se d\u00e9voilent l\u2019un apr\u00e8s l\u2019autre.<\/p>\n<div id=\"attachment_2515\" style=\"width: 2010px\" class=\"wp-caption aligncenter\"><a href=\"https:\/\/photos-et-compagnie.fr\/blog\/wp-content\/uploads\/2024\/07\/img_4839.jpg\"><img aria-describedby=\"caption-attachment-2515\" decoding=\"async\" loading=\"lazy\" class=\"size-full wp-image-2515\" src=\"https:\/\/photos-et-compagnie.fr\/blog\/wp-content\/uploads\/2024\/07\/img_4839.jpg\" alt=\"\" width=\"2000\" height=\"1195\" srcset=\"https:\/\/photos-et-compagnie.fr\/blog\/wp-content\/uploads\/2024\/07\/img_4839.jpg 2000w, https:\/\/photos-et-compagnie.fr\/blog\/wp-content\/uploads\/2024\/07\/img_4839-300x179.jpg 300w, https:\/\/photos-et-compagnie.fr\/blog\/wp-content\/uploads\/2024\/07\/img_4839-1024x612.jpg 1024w, https:\/\/photos-et-compagnie.fr\/blog\/wp-content\/uploads\/2024\/07\/img_4839-768x459.jpg 768w, https:\/\/photos-et-compagnie.fr\/blog\/wp-content\/uploads\/2024\/07\/img_4839-1536x918.jpg 1536w, https:\/\/photos-et-compagnie.fr\/blog\/wp-content\/uploads\/2024\/07\/img_4839-400x239.jpg 400w, https:\/\/photos-et-compagnie.fr\/blog\/wp-content\/uploads\/2024\/07\/img_4839-840x502.jpg 840w\" sizes=\"(max-width: 2000px) 100vw, 2000px\" \/><\/a><p id=\"caption-attachment-2515\" class=\"wp-caption-text\">Estanys de la Gallina (1\/3)<\/p><\/div>\n<div id=\"attachment_2516\" style=\"width: 1344px\" class=\"wp-caption aligncenter\"><a href=\"https:\/\/photos-et-compagnie.fr\/blog\/wp-content\/uploads\/2024\/07\/p1026664.jpg\"><img aria-describedby=\"caption-attachment-2516\" decoding=\"async\" loading=\"lazy\" class=\"size-full wp-image-2516\" src=\"https:\/\/photos-et-compagnie.fr\/blog\/wp-content\/uploads\/2024\/07\/p1026664.jpg\" alt=\"\" width=\"1334\" height=\"2000\" srcset=\"https:\/\/photos-et-compagnie.fr\/blog\/wp-content\/uploads\/2024\/07\/p1026664.jpg 1334w, https:\/\/photos-et-compagnie.fr\/blog\/wp-content\/uploads\/2024\/07\/p1026664-200x300.jpg 200w, https:\/\/photos-et-compagnie.fr\/blog\/wp-content\/uploads\/2024\/07\/p1026664-683x1024.jpg 683w, https:\/\/photos-et-compagnie.fr\/blog\/wp-content\/uploads\/2024\/07\/p1026664-768x1151.jpg 768w, https:\/\/photos-et-compagnie.fr\/blog\/wp-content\/uploads\/2024\/07\/p1026664-1025x1536.jpg 1025w, https:\/\/photos-et-compagnie.fr\/blog\/wp-content\/uploads\/2024\/07\/p1026664-1024x1535.jpg 1024w, https:\/\/photos-et-compagnie.fr\/blog\/wp-content\/uploads\/2024\/07\/p1026664-400x600.jpg 400w, https:\/\/photos-et-compagnie.fr\/blog\/wp-content\/uploads\/2024\/07\/p1026664-840x1259.jpg 840w\" sizes=\"(max-width: 1334px) 100vw, 1334px\" \/><\/a><p id=\"caption-attachment-2516\" class=\"wp-caption-text\">Estanys de la Gallina (2\/3)<\/p><\/div>\n<div id=\"attachment_2517\" style=\"width: 2010px\" class=\"wp-caption aligncenter\"><a href=\"https:\/\/photos-et-compagnie.fr\/blog\/wp-content\/uploads\/2024\/07\/p1026665.jpg\"><img aria-describedby=\"caption-attachment-2517\" decoding=\"async\" loading=\"lazy\" class=\"size-full wp-image-2517\" src=\"https:\/\/photos-et-compagnie.fr\/blog\/wp-content\/uploads\/2024\/07\/p1026665.jpg\" alt=\"\" width=\"2000\" height=\"1334\" srcset=\"https:\/\/photos-et-compagnie.fr\/blog\/wp-content\/uploads\/2024\/07\/p1026665.jpg 2000w, https:\/\/photos-et-compagnie.fr\/blog\/wp-content\/uploads\/2024\/07\/p1026665-300x200.jpg 300w, https:\/\/photos-et-compagnie.fr\/blog\/wp-content\/uploads\/2024\/07\/p1026665-1024x683.jpg 1024w, https:\/\/photos-et-compagnie.fr\/blog\/wp-content\/uploads\/2024\/07\/p1026665-768x512.jpg 768w, https:\/\/photos-et-compagnie.fr\/blog\/wp-content\/uploads\/2024\/07\/p1026665-1536x1025.jpg 1536w, https:\/\/photos-et-compagnie.fr\/blog\/wp-content\/uploads\/2024\/07\/p1026665-400x267.jpg 400w, https:\/\/photos-et-compagnie.fr\/blog\/wp-content\/uploads\/2024\/07\/p1026665-840x560.jpg 840w\" sizes=\"(max-width: 2000px) 100vw, 2000px\" \/><\/a><p id=\"caption-attachment-2517\" class=\"wp-caption-text\">Vers le col de Calberante<\/p><\/div>\n<p>On peut voir les trois premiers en enfilade, avec le refuge au loin, juste avant d\u2019acc\u00e9der au quatri\u00e8me.<\/p>\n<div id=\"attachment_2518\" style=\"width: 2010px\" class=\"wp-caption aligncenter\"><a href=\"https:\/\/photos-et-compagnie.fr\/blog\/wp-content\/uploads\/2024\/07\/p1026667.jpg\"><img aria-describedby=\"caption-attachment-2518\" decoding=\"async\" loading=\"lazy\" class=\"size-full wp-image-2518\" src=\"https:\/\/photos-et-compagnie.fr\/blog\/wp-content\/uploads\/2024\/07\/p1026667.jpg\" alt=\"\" width=\"2000\" height=\"1334\" srcset=\"https:\/\/photos-et-compagnie.fr\/blog\/wp-content\/uploads\/2024\/07\/p1026667.jpg 2000w, https:\/\/photos-et-compagnie.fr\/blog\/wp-content\/uploads\/2024\/07\/p1026667-300x200.jpg 300w, https:\/\/photos-et-compagnie.fr\/blog\/wp-content\/uploads\/2024\/07\/p1026667-1024x683.jpg 1024w, https:\/\/photos-et-compagnie.fr\/blog\/wp-content\/uploads\/2024\/07\/p1026667-768x512.jpg 768w, https:\/\/photos-et-compagnie.fr\/blog\/wp-content\/uploads\/2024\/07\/p1026667-1536x1025.jpg 1536w, https:\/\/photos-et-compagnie.fr\/blog\/wp-content\/uploads\/2024\/07\/p1026667-400x267.jpg 400w, https:\/\/photos-et-compagnie.fr\/blog\/wp-content\/uploads\/2024\/07\/p1026667-840x560.jpg 840w\" sizes=\"(max-width: 2000px) 100vw, 2000px\" \/><\/a><p id=\"caption-attachment-2518\" class=\"wp-caption-text\">Estany Inferior, Mitja et de Dalt de la Gallina<\/p><\/div>\n<p>Depuis le col nous redescendons un peu jusqu\u2019\u00e0 l\u2019Estany de la Tartera, d\u2019o\u00f9 nous nous dirigeons vers le col de Cornella.<\/p>\n<div id=\"attachment_2519\" style=\"width: 2010px\" class=\"wp-caption aligncenter\"><a href=\"https:\/\/photos-et-compagnie.fr\/blog\/wp-content\/uploads\/2024\/07\/p1026668.jpg\"><img aria-describedby=\"caption-attachment-2519\" decoding=\"async\" loading=\"lazy\" class=\"size-full wp-image-2519\" src=\"https:\/\/photos-et-compagnie.fr\/blog\/wp-content\/uploads\/2024\/07\/p1026668.jpg\" alt=\"\" width=\"2000\" height=\"1000\" srcset=\"https:\/\/photos-et-compagnie.fr\/blog\/wp-content\/uploads\/2024\/07\/p1026668.jpg 2000w, https:\/\/photos-et-compagnie.fr\/blog\/wp-content\/uploads\/2024\/07\/p1026668-300x150.jpg 300w, https:\/\/photos-et-compagnie.fr\/blog\/wp-content\/uploads\/2024\/07\/p1026668-1024x512.jpg 1024w, https:\/\/photos-et-compagnie.fr\/blog\/wp-content\/uploads\/2024\/07\/p1026668-768x384.jpg 768w, https:\/\/photos-et-compagnie.fr\/blog\/wp-content\/uploads\/2024\/07\/p1026668-1536x768.jpg 1536w, https:\/\/photos-et-compagnie.fr\/blog\/wp-content\/uploads\/2024\/07\/p1026668-400x200.jpg 400w, https:\/\/photos-et-compagnie.fr\/blog\/wp-content\/uploads\/2024\/07\/p1026668-840x420.jpg 840w\" sizes=\"(max-width: 2000px) 100vw, 2000px\" \/><\/a><p id=\"caption-attachment-2519\" class=\"wp-caption-text\">Vue du Col de Calberante<\/p><\/div>\n<div id=\"attachment_2520\" style=\"width: 2010px\" class=\"wp-caption aligncenter\"><a href=\"https:\/\/photos-et-compagnie.fr\/blog\/wp-content\/uploads\/2024\/07\/p1026669.jpg\"><img aria-describedby=\"caption-attachment-2520\" decoding=\"async\" loading=\"lazy\" class=\"size-full wp-image-2520\" src=\"https:\/\/photos-et-compagnie.fr\/blog\/wp-content\/uploads\/2024\/07\/p1026669.jpg\" alt=\"\" width=\"2000\" height=\"1334\" srcset=\"https:\/\/photos-et-compagnie.fr\/blog\/wp-content\/uploads\/2024\/07\/p1026669.jpg 2000w, https:\/\/photos-et-compagnie.fr\/blog\/wp-content\/uploads\/2024\/07\/p1026669-300x200.jpg 300w, https:\/\/photos-et-compagnie.fr\/blog\/wp-content\/uploads\/2024\/07\/p1026669-1024x683.jpg 1024w, https:\/\/photos-et-compagnie.fr\/blog\/wp-content\/uploads\/2024\/07\/p1026669-768x512.jpg 768w, https:\/\/photos-et-compagnie.fr\/blog\/wp-content\/uploads\/2024\/07\/p1026669-1536x1025.jpg 1536w, https:\/\/photos-et-compagnie.fr\/blog\/wp-content\/uploads\/2024\/07\/p1026669-400x267.jpg 400w, https:\/\/photos-et-compagnie.fr\/blog\/wp-content\/uploads\/2024\/07\/p1026669-840x560.jpg 840w\" sizes=\"(max-width: 2000px) 100vw, 2000px\" \/><\/a><p id=\"caption-attachment-2520\" class=\"wp-caption-text\">Descente du col de Calberante (1\/2)<\/p><\/div>\n<div id=\"attachment_2521\" style=\"width: 2010px\" class=\"wp-caption aligncenter\"><a href=\"https:\/\/photos-et-compagnie.fr\/blog\/wp-content\/uploads\/2024\/07\/p1026670.jpg\"><img aria-describedby=\"caption-attachment-2521\" decoding=\"async\" loading=\"lazy\" class=\"size-full wp-image-2521\" src=\"https:\/\/photos-et-compagnie.fr\/blog\/wp-content\/uploads\/2024\/07\/p1026670.jpg\" alt=\"\" width=\"2000\" height=\"1334\" srcset=\"https:\/\/photos-et-compagnie.fr\/blog\/wp-content\/uploads\/2024\/07\/p1026670.jpg 2000w, https:\/\/photos-et-compagnie.fr\/blog\/wp-content\/uploads\/2024\/07\/p1026670-300x200.jpg 300w, https:\/\/photos-et-compagnie.fr\/blog\/wp-content\/uploads\/2024\/07\/p1026670-1024x683.jpg 1024w, https:\/\/photos-et-compagnie.fr\/blog\/wp-content\/uploads\/2024\/07\/p1026670-768x512.jpg 768w, https:\/\/photos-et-compagnie.fr\/blog\/wp-content\/uploads\/2024\/07\/p1026670-1536x1025.jpg 1536w, https:\/\/photos-et-compagnie.fr\/blog\/wp-content\/uploads\/2024\/07\/p1026670-400x267.jpg 400w, https:\/\/photos-et-compagnie.fr\/blog\/wp-content\/uploads\/2024\/07\/p1026670-840x560.jpg 840w\" sizes=\"(max-width: 2000px) 100vw, 2000px\" \/><\/a><p id=\"caption-attachment-2521\" class=\"wp-caption-text\">Descente du col de Calberante (2\/2)<\/p><\/div>\n<div id=\"attachment_2522\" style=\"width: 1344px\" class=\"wp-caption aligncenter\"><a href=\"https:\/\/photos-et-compagnie.fr\/blog\/wp-content\/uploads\/2024\/07\/p1026671.jpg\"><img aria-describedby=\"caption-attachment-2522\" decoding=\"async\" loading=\"lazy\" class=\"size-full wp-image-2522\" src=\"https:\/\/photos-et-compagnie.fr\/blog\/wp-content\/uploads\/2024\/07\/p1026671.jpg\" alt=\"\" width=\"1334\" height=\"2000\" srcset=\"https:\/\/photos-et-compagnie.fr\/blog\/wp-content\/uploads\/2024\/07\/p1026671.jpg 1334w, https:\/\/photos-et-compagnie.fr\/blog\/wp-content\/uploads\/2024\/07\/p1026671-200x300.jpg 200w, https:\/\/photos-et-compagnie.fr\/blog\/wp-content\/uploads\/2024\/07\/p1026671-683x1024.jpg 683w, https:\/\/photos-et-compagnie.fr\/blog\/wp-content\/uploads\/2024\/07\/p1026671-768x1151.jpg 768w, https:\/\/photos-et-compagnie.fr\/blog\/wp-content\/uploads\/2024\/07\/p1026671-1025x1536.jpg 1025w, https:\/\/photos-et-compagnie.fr\/blog\/wp-content\/uploads\/2024\/07\/p1026671-1024x1535.jpg 1024w, https:\/\/photos-et-compagnie.fr\/blog\/wp-content\/uploads\/2024\/07\/p1026671-400x600.jpg 400w, https:\/\/photos-et-compagnie.fr\/blog\/wp-content\/uploads\/2024\/07\/p1026671-840x1259.jpg 840w\" sizes=\"(max-width: 1334px) 100vw, 1334px\" \/><\/a><p id=\"caption-attachment-2522\" class=\"wp-caption-text\">Col de la Cornella. Oui oui, c&rsquo;est bien l\u00e0 haut !<\/p><\/div>\n<p>Une bavante de 100 m\u00e8tres de d\u00e9nivel\u00e9 dans un couloir ultra raide. Moralit\u00e9 : se m\u00e9fier des \u00e9tapes avec peu de d\u00e9nivel\u00e9 positif, cela ne veut pas dire qu\u2019elles ne sont pas fatigantes ! D\u2019autant que la premi\u00e8re moiti\u00e9 des 1300 m\u00e8tres de descente vers Alos d\u2019Isil se fait dans un chaos de blocs passablement casse pattes.<\/p>\n<div id=\"attachment_2523\" style=\"width: 2010px\" class=\"wp-caption aligncenter\"><a href=\"https:\/\/photos-et-compagnie.fr\/blog\/wp-content\/uploads\/2024\/07\/20240731_095055.jpg\"><img aria-describedby=\"caption-attachment-2523\" decoding=\"async\" loading=\"lazy\" class=\"size-full wp-image-2523\" src=\"https:\/\/photos-et-compagnie.fr\/blog\/wp-content\/uploads\/2024\/07\/20240731_095055.jpg\" alt=\"\" width=\"2000\" height=\"1500\" srcset=\"https:\/\/photos-et-compagnie.fr\/blog\/wp-content\/uploads\/2024\/07\/20240731_095055.jpg 2000w, https:\/\/photos-et-compagnie.fr\/blog\/wp-content\/uploads\/2024\/07\/20240731_095055-300x225.jpg 300w, https:\/\/photos-et-compagnie.fr\/blog\/wp-content\/uploads\/2024\/07\/20240731_095055-1024x768.jpg 1024w, https:\/\/photos-et-compagnie.fr\/blog\/wp-content\/uploads\/2024\/07\/20240731_095055-768x576.jpg 768w, https:\/\/photos-et-compagnie.fr\/blog\/wp-content\/uploads\/2024\/07\/20240731_095055-1536x1152.jpg 1536w, https:\/\/photos-et-compagnie.fr\/blog\/wp-content\/uploads\/2024\/07\/20240731_095055-400x300.jpg 400w, https:\/\/photos-et-compagnie.fr\/blog\/wp-content\/uploads\/2024\/07\/20240731_095055-840x630.jpg 840w\" sizes=\"(max-width: 2000px) 100vw, 2000px\" \/><\/a><p id=\"caption-attachment-2523\" class=\"wp-caption-text\">Vers le col de la Cornella : ca monte raide !<\/p><\/div>\n<div id=\"attachment_2524\" style=\"width: 2010px\" class=\"wp-caption aligncenter\"><a href=\"https:\/\/photos-et-compagnie.fr\/blog\/wp-content\/uploads\/2024\/07\/p1026672.jpg\"><img aria-describedby=\"caption-attachment-2524\" decoding=\"async\" loading=\"lazy\" class=\"size-full wp-image-2524\" src=\"https:\/\/photos-et-compagnie.fr\/blog\/wp-content\/uploads\/2024\/07\/p1026672.jpg\" alt=\"\" width=\"2000\" height=\"1334\" srcset=\"https:\/\/photos-et-compagnie.fr\/blog\/wp-content\/uploads\/2024\/07\/p1026672.jpg 2000w, https:\/\/photos-et-compagnie.fr\/blog\/wp-content\/uploads\/2024\/07\/p1026672-300x200.jpg 300w, https:\/\/photos-et-compagnie.fr\/blog\/wp-content\/uploads\/2024\/07\/p1026672-1024x683.jpg 1024w, https:\/\/photos-et-compagnie.fr\/blog\/wp-content\/uploads\/2024\/07\/p1026672-768x512.jpg 768w, https:\/\/photos-et-compagnie.fr\/blog\/wp-content\/uploads\/2024\/07\/p1026672-1536x1025.jpg 1536w, https:\/\/photos-et-compagnie.fr\/blog\/wp-content\/uploads\/2024\/07\/p1026672-400x267.jpg 400w, https:\/\/photos-et-compagnie.fr\/blog\/wp-content\/uploads\/2024\/07\/p1026672-840x560.jpg 840w\" sizes=\"(max-width: 2000px) 100vw, 2000px\" \/><\/a><p id=\"caption-attachment-2524\" class=\"wp-caption-text\">Descente vers Alos d&rsquo;Isil (1\/2)<\/p><\/div>\n<p>Arriv\u00e9s dans une zone un peu plus hospitali\u00e8re, nous faisons une pause d\u00e9jeuner \u00e0 l\u2019ombre en bord de torrent, et terminons la descente.<\/p>\n<div id=\"attachment_2525\" style=\"width: 2010px\" class=\"wp-caption aligncenter\"><a href=\"https:\/\/photos-et-compagnie.fr\/blog\/wp-content\/uploads\/2024\/07\/img_4843.jpg\"><img aria-describedby=\"caption-attachment-2525\" decoding=\"async\" loading=\"lazy\" class=\"size-full wp-image-2525\" src=\"https:\/\/photos-et-compagnie.fr\/blog\/wp-content\/uploads\/2024\/07\/img_4843.jpg\" alt=\"\" width=\"2000\" height=\"1500\" srcset=\"https:\/\/photos-et-compagnie.fr\/blog\/wp-content\/uploads\/2024\/07\/img_4843.jpg 2000w, https:\/\/photos-et-compagnie.fr\/blog\/wp-content\/uploads\/2024\/07\/img_4843-300x225.jpg 300w, https:\/\/photos-et-compagnie.fr\/blog\/wp-content\/uploads\/2024\/07\/img_4843-1024x768.jpg 1024w, https:\/\/photos-et-compagnie.fr\/blog\/wp-content\/uploads\/2024\/07\/img_4843-768x576.jpg 768w, https:\/\/photos-et-compagnie.fr\/blog\/wp-content\/uploads\/2024\/07\/img_4843-1536x1152.jpg 1536w, https:\/\/photos-et-compagnie.fr\/blog\/wp-content\/uploads\/2024\/07\/img_4843-400x300.jpg 400w, https:\/\/photos-et-compagnie.fr\/blog\/wp-content\/uploads\/2024\/07\/img_4843-840x630.jpg 840w\" sizes=\"(max-width: 2000px) 100vw, 2000px\" \/><\/a><p id=\"caption-attachment-2525\" class=\"wp-caption-text\">Pause d\u00e9jeuner<\/p><\/div>\n<div id=\"attachment_2526\" style=\"width: 2010px\" class=\"wp-caption aligncenter\"><a href=\"https:\/\/photos-et-compagnie.fr\/blog\/wp-content\/uploads\/2024\/07\/20240731_123524.jpg\"><img aria-describedby=\"caption-attachment-2526\" decoding=\"async\" loading=\"lazy\" class=\"size-full wp-image-2526\" src=\"https:\/\/photos-et-compagnie.fr\/blog\/wp-content\/uploads\/2024\/07\/20240731_123524.jpg\" alt=\"\" width=\"2000\" height=\"1500\" srcset=\"https:\/\/photos-et-compagnie.fr\/blog\/wp-content\/uploads\/2024\/07\/20240731_123524.jpg 2000w, https:\/\/photos-et-compagnie.fr\/blog\/wp-content\/uploads\/2024\/07\/20240731_123524-300x225.jpg 300w, https:\/\/photos-et-compagnie.fr\/blog\/wp-content\/uploads\/2024\/07\/20240731_123524-1024x768.jpg 1024w, https:\/\/photos-et-compagnie.fr\/blog\/wp-content\/uploads\/2024\/07\/20240731_123524-768x576.jpg 768w, https:\/\/photos-et-compagnie.fr\/blog\/wp-content\/uploads\/2024\/07\/20240731_123524-1536x1152.jpg 1536w, https:\/\/photos-et-compagnie.fr\/blog\/wp-content\/uploads\/2024\/07\/20240731_123524-400x300.jpg 400w, https:\/\/photos-et-compagnie.fr\/blog\/wp-content\/uploads\/2024\/07\/20240731_123524-840x630.jpg 840w\" sizes=\"(max-width: 2000px) 100vw, 2000px\" \/><\/a><p id=\"caption-attachment-2526\" class=\"wp-caption-text\">Descente vers Alos d&rsquo;Isil (2\/2)<\/p><\/div>\n<p>Comme pour l\u2019arriv\u00e9e sur Mounicou, chaque m\u00e8tre descendu apporte son surplus de chaleur, et les derniers 2,5 km sur la route finissent de nous achever.<\/p>\n<div id=\"attachment_2527\" style=\"width: 1510px\" class=\"wp-caption aligncenter\"><a href=\"https:\/\/photos-et-compagnie.fr\/blog\/wp-content\/uploads\/2024\/07\/img_4845.jpg\"><img aria-describedby=\"caption-attachment-2527\" decoding=\"async\" loading=\"lazy\" class=\"size-full wp-image-2527\" src=\"https:\/\/photos-et-compagnie.fr\/blog\/wp-content\/uploads\/2024\/07\/img_4845.jpg\" alt=\"\" width=\"1500\" height=\"2000\" srcset=\"https:\/\/photos-et-compagnie.fr\/blog\/wp-content\/uploads\/2024\/07\/img_4845.jpg 1500w, https:\/\/photos-et-compagnie.fr\/blog\/wp-content\/uploads\/2024\/07\/img_4845-225x300.jpg 225w, https:\/\/photos-et-compagnie.fr\/blog\/wp-content\/uploads\/2024\/07\/img_4845-768x1024.jpg 768w, https:\/\/photos-et-compagnie.fr\/blog\/wp-content\/uploads\/2024\/07\/img_4845-1152x1536.jpg 1152w, https:\/\/photos-et-compagnie.fr\/blog\/wp-content\/uploads\/2024\/07\/img_4845-1024x1365.jpg 1024w, https:\/\/photos-et-compagnie.fr\/blog\/wp-content\/uploads\/2024\/07\/img_4845-400x533.jpg 400w, https:\/\/photos-et-compagnie.fr\/blog\/wp-content\/uploads\/2024\/07\/img_4845-840x1120.jpg 840w\" sizes=\"(max-width: 1500px) 100vw, 1500px\" \/><\/a><p id=\"caption-attachment-2527\" class=\"wp-caption-text\">Alos d&rsquo;Isil (1\/2)<\/p><\/div>\n<div id=\"attachment_2528\" style=\"width: 2010px\" class=\"wp-caption aligncenter\"><a href=\"https:\/\/photos-et-compagnie.fr\/blog\/wp-content\/uploads\/2024\/07\/img_4846.jpg\"><img aria-describedby=\"caption-attachment-2528\" decoding=\"async\" loading=\"lazy\" class=\"size-full wp-image-2528\" src=\"https:\/\/photos-et-compagnie.fr\/blog\/wp-content\/uploads\/2024\/07\/img_4846.jpg\" alt=\"\" width=\"2000\" height=\"1500\" srcset=\"https:\/\/photos-et-compagnie.fr\/blog\/wp-content\/uploads\/2024\/07\/img_4846.jpg 2000w, https:\/\/photos-et-compagnie.fr\/blog\/wp-content\/uploads\/2024\/07\/img_4846-300x225.jpg 300w, https:\/\/photos-et-compagnie.fr\/blog\/wp-content\/uploads\/2024\/07\/img_4846-1024x768.jpg 1024w, https:\/\/photos-et-compagnie.fr\/blog\/wp-content\/uploads\/2024\/07\/img_4846-768x576.jpg 768w, https:\/\/photos-et-compagnie.fr\/blog\/wp-content\/uploads\/2024\/07\/img_4846-1536x1152.jpg 1536w, https:\/\/photos-et-compagnie.fr\/blog\/wp-content\/uploads\/2024\/07\/img_4846-400x300.jpg 400w, https:\/\/photos-et-compagnie.fr\/blog\/wp-content\/uploads\/2024\/07\/img_4846-840x630.jpg 840w\" sizes=\"(max-width: 2000px) 100vw, 2000px\" \/><\/a><p id=\"caption-attachment-2528\" class=\"wp-caption-text\">Alos d&rsquo;Isil (2\/2)<\/p><\/div>\n<p>Arriv\u00e9s \u00e0 13h30 \u00e0 Alos d\u2019Isil, nous faisons une longue pause au refuge pour nous reposer et nous rafra\u00eechir. Nous avions esp\u00e9r\u00e9 faire une courte journ\u00e9e et encha\u00eener le lendemain avec une grosse \u00e9tape jusqu\u2019au port de la Bonaigua, mais apr\u00e8s la nuit pr\u00e9c\u00e9dente nous n\u2019avons aucune envie de dormir en refuge. Le bivouac autour d\u2019Alos d\u2019Isil semblant difficilement envisageable, nous nous r\u00e9signons donc \u00e0 repartir vers 16h \u00e0 destination des hauteurs. Il fait toujours chaud mais le vent s\u2019est lev\u00e9, apportant une fra\u00eecheur bienvenue.<\/p>\n<p>Notre objectif : l\u2019Estanyola del Clit de Moredo, 1000 m\u00e8tres au-dessus d\u2019Alos. Malgr\u00e9 la chaleur, la premi\u00e8re moiti\u00e9 de la mont\u00e9e se passe id\u00e9alement : le sentier est de pente r\u00e9guli\u00e8re, et monte tranquillement, tr\u00e8s souvent \u00e0 l\u2019ombre \u2026. \u00c0 tel point que nous terminons les 450 premiers m\u00e8tres de d\u00e9nivel\u00e9 en une heure.<\/p>\n<div id=\"attachment_2529\" style=\"width: 1510px\" class=\"wp-caption aligncenter\"><a href=\"https:\/\/photos-et-compagnie.fr\/blog\/wp-content\/uploads\/2024\/07\/img_4847.jpg\"><img aria-describedby=\"caption-attachment-2529\" decoding=\"async\" loading=\"lazy\" class=\"size-full wp-image-2529\" src=\"https:\/\/photos-et-compagnie.fr\/blog\/wp-content\/uploads\/2024\/07\/img_4847.jpg\" alt=\"\" width=\"1500\" height=\"2000\" srcset=\"https:\/\/photos-et-compagnie.fr\/blog\/wp-content\/uploads\/2024\/07\/img_4847.jpg 1500w, https:\/\/photos-et-compagnie.fr\/blog\/wp-content\/uploads\/2024\/07\/img_4847-225x300.jpg 225w, https:\/\/photos-et-compagnie.fr\/blog\/wp-content\/uploads\/2024\/07\/img_4847-768x1024.jpg 768w, https:\/\/photos-et-compagnie.fr\/blog\/wp-content\/uploads\/2024\/07\/img_4847-1152x1536.jpg 1152w, https:\/\/photos-et-compagnie.fr\/blog\/wp-content\/uploads\/2024\/07\/img_4847-1024x1365.jpg 1024w, https:\/\/photos-et-compagnie.fr\/blog\/wp-content\/uploads\/2024\/07\/img_4847-400x533.jpg 400w, https:\/\/photos-et-compagnie.fr\/blog\/wp-content\/uploads\/2024\/07\/img_4847-840x1120.jpg 840w\" sizes=\"(max-width: 1500px) 100vw, 1500px\" \/><\/a><p id=\"caption-attachment-2529\" class=\"wp-caption-text\">Au dessus d&rsquo;Alos. Impressionnant ce ch\u00eane !<\/p><\/div>\n<p>Pour la seconde moiti\u00e9 nous ne serons pas aussi efficaces : le sentier est moins bien marqu\u00e9, et oblige parfois \u00e0 jouer au sanglier dans la v\u00e9g\u00e9tation\u2026 et surtout la fatigue du reste de la journ\u00e9e commence vraiment \u00e0 se faire sentir. Les derniers 200 m\u00e8tres de d\u00e9nivel\u00e9 seront difficiles, et nous arrivons au petit lac \u00e9puis\u00e9s mais heureux : le paysage est charmant, et m\u00eame si le lac n\u2019est pas assez profond et frais pour s\u2019y baigner, la rivi\u00e8re qui l\u2019alimente nous permet de faire le plein en eau bien fra\u00eeche. Nous garderons la toilette et baignade pour le lendemain matin au lac d\u2019Airoto, \u00e0 moins d\u2019une heure de notre lieu de bivouac.<\/p>\n<div id=\"attachment_2530\" style=\"width: 2010px\" class=\"wp-caption aligncenter\"><a href=\"https:\/\/photos-et-compagnie.fr\/blog\/wp-content\/uploads\/2024\/07\/p1026676.jpg\"><img aria-describedby=\"caption-attachment-2530\" decoding=\"async\" loading=\"lazy\" class=\"size-full wp-image-2530\" src=\"https:\/\/photos-et-compagnie.fr\/blog\/wp-content\/uploads\/2024\/07\/p1026676.jpg\" alt=\"\" width=\"2000\" height=\"1334\" srcset=\"https:\/\/photos-et-compagnie.fr\/blog\/wp-content\/uploads\/2024\/07\/p1026676.jpg 2000w, https:\/\/photos-et-compagnie.fr\/blog\/wp-content\/uploads\/2024\/07\/p1026676-300x200.jpg 300w, https:\/\/photos-et-compagnie.fr\/blog\/wp-content\/uploads\/2024\/07\/p1026676-1024x683.jpg 1024w, https:\/\/photos-et-compagnie.fr\/blog\/wp-content\/uploads\/2024\/07\/p1026676-768x512.jpg 768w, https:\/\/photos-et-compagnie.fr\/blog\/wp-content\/uploads\/2024\/07\/p1026676-1536x1025.jpg 1536w, https:\/\/photos-et-compagnie.fr\/blog\/wp-content\/uploads\/2024\/07\/p1026676-400x267.jpg 400w, https:\/\/photos-et-compagnie.fr\/blog\/wp-content\/uploads\/2024\/07\/p1026676-840x560.jpg 840w\" sizes=\"(max-width: 2000px) 100vw, 2000px\" \/><\/a><p id=\"caption-attachment-2530\" class=\"wp-caption-text\">Estanyola del Clit de Moredo<\/p><\/div>\n<p>En allant chercher notre eau, nous \u00e9changeons quelques mots avec Alison, une HRPiste de Minneapolis qui se dirige vers l\u2019est et qui est en train de s\u2019installer \u00e9galement.<\/p>\n<p>Nous montons la tente et pr\u00e9parons notre d\u00eener, avec la satisfaction de se dire que demain sera une journ\u00e9e courte pour rallier le port de la Bonaigua, et que nous pourrons prendre le temps de faire la grasse matin\u00e9e et de nous baigner dans les lacs que nous croiserons !<\/p>\n<div id=\"attachment_2531\" style=\"width: 2010px\" class=\"wp-caption aligncenter\"><a href=\"https:\/\/photos-et-compagnie.fr\/blog\/wp-content\/uploads\/2024\/07\/img_4848.jpg\"><img aria-describedby=\"caption-attachment-2531\" decoding=\"async\" loading=\"lazy\" class=\"size-full wp-image-2531\" src=\"https:\/\/photos-et-compagnie.fr\/blog\/wp-content\/uploads\/2024\/07\/img_4848.jpg\" alt=\"\" width=\"2000\" height=\"1500\" srcset=\"https:\/\/photos-et-compagnie.fr\/blog\/wp-content\/uploads\/2024\/07\/img_4848.jpg 2000w, https:\/\/photos-et-compagnie.fr\/blog\/wp-content\/uploads\/2024\/07\/img_4848-300x225.jpg 300w, https:\/\/photos-et-compagnie.fr\/blog\/wp-content\/uploads\/2024\/07\/img_4848-1024x768.jpg 1024w, https:\/\/photos-et-compagnie.fr\/blog\/wp-content\/uploads\/2024\/07\/img_4848-768x576.jpg 768w, https:\/\/photos-et-compagnie.fr\/blog\/wp-content\/uploads\/2024\/07\/img_4848-1536x1152.jpg 1536w, https:\/\/photos-et-compagnie.fr\/blog\/wp-content\/uploads\/2024\/07\/img_4848-400x300.jpg 400w, https:\/\/photos-et-compagnie.fr\/blog\/wp-content\/uploads\/2024\/07\/img_4848-840x630.jpg 840w\" sizes=\"(max-width: 2000px) 100vw, 2000px\" \/><\/a><p id=\"caption-attachment-2531\" class=\"wp-caption-text\">Bivouac install\u00e9 !<\/p><\/div>\n<p>&nbsp;<\/p>\n","protected":false},"excerpt":{"rendered":"<p>Mercredi 31 juillet \ufeff\ufeff Ce matin, apr\u00e8s la nuit bien pourrie que nous venons de passer, notre misanthropie est au maximum\u00a0: finies les cabanes, les prochaines nuits seront sous la tente ! Heureusement, la vue magnifique sur l\u2019Estany Llavera au lever du soleil nous apaise un peu. Nous partons vers 7h30, et commen\u00e7ons par la mont\u00e9e vers le col de Calberante, dans un tr\u00e8s joli environnement m\u00ealant herbe et rochers de couleur ocre. Le chemin passe successivement par les quatre \u00e9tangs de la Gallina, qui se d\u00e9voilent l\u2019un apr\u00e8s l\u2019autre. On peut voir les trois premiers en enfilade, avec le refuge au loin, juste avant d\u2019acc\u00e9der au quatri\u00e8me. Depuis le col nous redescendons un peu jusqu\u2019\u00e0 l\u2019Estany de la Tartera, d\u2019o\u00f9 nous nous dirigeons vers le col de Cornella. Une bavante de 100 m\u00e8tres de d\u00e9nivel\u00e9 dans un couloir ultra raide. Moralit\u00e9 : se m\u00e9fier des \u00e9tapes avec peu de..<\/p>\n","protected":false},"author":1,"featured_media":0,"comment_status":"open","ping_status":"open","sticky":false,"template":"","format":"standard","meta":[],"categories":[11],"tags":[],"_links":{"self":[{"href":"https:\/\/photos-et-compagnie.fr\/blog\/wp-json\/wp\/v2\/posts\/2246"}],"collection":[{"href":"https:\/\/photos-et-compagnie.fr\/blog\/wp-json\/wp\/v2\/posts"}],"about":[{"href":"https:\/\/photos-et-compagnie.fr\/blog\/wp-json\/wp\/v2\/types\/post"}],"author":[{"embeddable":true,"href":"https:\/\/photos-et-compagnie.fr\/blog\/wp-json\/wp\/v2\/users\/1"}],"replies":[{"embeddable":true,"href":"https:\/\/photos-et-compagnie.fr\/blog\/wp-json\/wp\/v2\/comments?post=2246"}],"version-history":[{"count":5,"href":"https:\/\/photos-et-compagnie.fr\/blog\/wp-json\/wp\/v2\/posts\/2246\/revisions"}],"predecessor-version":[{"id":2533,"href":"https:\/\/photos-et-compagnie.fr\/blog\/wp-json\/wp\/v2\/posts\/2246\/revisions\/2533"}],"wp:attachment":[{"href":"https:\/\/photos-et-compagnie.fr\/blog\/wp-json\/wp\/v2\/media?parent=2246"}],"wp:term":[{"taxonomy":"category","embeddable":true,"href":"https:\/\/photos-et-compagnie.fr\/blog\/wp-json\/wp\/v2\/categories?post=2246"},{"taxonomy":"post_tag","embeddable":true,"href":"https:\/\/photos-et-compagnie.fr\/blog\/wp-json\/wp\/v2\/tags?post=2246"}],"curies":[{"name":"wp","href":"https:\/\/api.w.org\/{rel}","templated":true}]}}