{"id":2248,"date":"2024-08-01T11:34:16","date_gmt":"2024-08-01T11:34:16","guid":{"rendered":"https:\/\/photos-et-compagnie.fr\/blog\/?p=2248"},"modified":"2024-09-12T17:49:46","modified_gmt":"2024-09-12T17:49:46","slug":"jour-19-estanyola-del-clot-de-moredo-refugi-de-la-pleta-del-duc","status":"publish","type":"post","link":"https:\/\/photos-et-compagnie.fr\/blog\/2024\/08\/jour-19-estanyola-del-clot-de-moredo-refugi-de-la-pleta-del-duc\/","title":{"rendered":"Jour 19 &#8211; Estanyola del Clot de Moredo -> Refugi de la Pleta del Duc"},"content":{"rendered":"<p><span style=\"text-decoration: underline;\"><strong>Jeudi 1er ao\u00fbt<\/strong><\/span><\/p>\n<p><iframe style=\"border: 0; width: 100%; height: 540px;\" src=\"https:\/\/www.visugpx.com\/KVU1zGDvA8?iframe&amp;t=4&amp;otm\" scrolling=\"no\" allowfullscreen=\"allowfullscreen\"><span data-mce-type=\"bookmark\" style=\"display: inline-block; width: 0px; overflow: hidden; line-height: 0;\" class=\"mce_SELRES_start\">\ufeff<\/span><span data-mce-type=\"bookmark\" style=\"display: inline-block; width: 0px; overflow: hidden; line-height: 0;\" class=\"mce_SELRES_start\">\ufeff<\/span><\/iframe><\/p>\n<p>&nbsp;<\/p>\n<p>L\u2019\u00e9tape d\u2019aujourd\u2019hui sera courte. En effet, nous devrons nous arr\u00eater quoi qu\u2019il arrive au port de la Bonaigua, afin de ne pas p\u00e9n\u00e9trer dans le parc national d\u2019Aigues Tortes o\u00f9 le bivouac est totalement interdit. Pour g\u00e9rer cette contrainte et \u00e9viter d\u2019avoir \u00e0 traverser le parc en une ext\u00e9nuante journ\u00e9e de 12 heures de marche, nous avons r\u00e9serv\u00e9 le refuge de la Restanca pour le lendemain soir. Qui dit journ\u00e9e courte dit pas de pression sur le timing, nous commen\u00e7ons donc par une \u00ab grasse matin\u00e9e \u00bb jusqu\u2019\u00e0 plus de 7h, et partons bons derniers (trois autres randonneurs campaient aux alentours du lac) vers 8h30.<\/p>\n<div id=\"attachment_2566\" style=\"width: 2010px\" class=\"wp-caption aligncenter\"><a href=\"https:\/\/photos-et-compagnie.fr\/blog\/wp-content\/uploads\/2024\/08\/p1026678.jpg\"><img aria-describedby=\"caption-attachment-2566\" decoding=\"async\" loading=\"lazy\" class=\"size-full wp-image-2566\" src=\"https:\/\/photos-et-compagnie.fr\/blog\/wp-content\/uploads\/2024\/08\/p1026678.jpg\" alt=\"\" width=\"2000\" height=\"1334\" srcset=\"https:\/\/photos-et-compagnie.fr\/blog\/wp-content\/uploads\/2024\/08\/p1026678.jpg 2000w, https:\/\/photos-et-compagnie.fr\/blog\/wp-content\/uploads\/2024\/08\/p1026678-300x200.jpg 300w, https:\/\/photos-et-compagnie.fr\/blog\/wp-content\/uploads\/2024\/08\/p1026678-1024x683.jpg 1024w, https:\/\/photos-et-compagnie.fr\/blog\/wp-content\/uploads\/2024\/08\/p1026678-768x512.jpg 768w, https:\/\/photos-et-compagnie.fr\/blog\/wp-content\/uploads\/2024\/08\/p1026678-1536x1025.jpg 1536w, https:\/\/photos-et-compagnie.fr\/blog\/wp-content\/uploads\/2024\/08\/p1026678-400x267.jpg 400w, https:\/\/photos-et-compagnie.fr\/blog\/wp-content\/uploads\/2024\/08\/p1026678-840x560.jpg 840w\" sizes=\"(max-width: 2000px) 100vw, 2000px\" \/><\/a><p id=\"caption-attachment-2566\" class=\"wp-caption-text\">Au r\u00e9veil<\/p><\/div>\n<p>Nous commen\u00e7ons par rejoindre le refuge Gracia Airoto en un peu plus d\u2019une heure en passant par le Collada del Clot de Moredo, soit 200 m\u00e8tres de mont\u00e9e raide suivi de 200 m\u00e8tres de descente cool sur un sentier tranquille.<\/p>\n<div id=\"attachment_2567\" style=\"width: 1510px\" class=\"wp-caption aligncenter\"><a href=\"https:\/\/photos-et-compagnie.fr\/blog\/wp-content\/uploads\/2024\/08\/20240801_085302.jpg\"><img aria-describedby=\"caption-attachment-2567\" decoding=\"async\" loading=\"lazy\" class=\"size-full wp-image-2567\" src=\"https:\/\/photos-et-compagnie.fr\/blog\/wp-content\/uploads\/2024\/08\/20240801_085302.jpg\" alt=\"\" width=\"1500\" height=\"2000\" srcset=\"https:\/\/photos-et-compagnie.fr\/blog\/wp-content\/uploads\/2024\/08\/20240801_085302.jpg 1500w, https:\/\/photos-et-compagnie.fr\/blog\/wp-content\/uploads\/2024\/08\/20240801_085302-225x300.jpg 225w, https:\/\/photos-et-compagnie.fr\/blog\/wp-content\/uploads\/2024\/08\/20240801_085302-768x1024.jpg 768w, https:\/\/photos-et-compagnie.fr\/blog\/wp-content\/uploads\/2024\/08\/20240801_085302-1152x1536.jpg 1152w, https:\/\/photos-et-compagnie.fr\/blog\/wp-content\/uploads\/2024\/08\/20240801_085302-1024x1365.jpg 1024w, https:\/\/photos-et-compagnie.fr\/blog\/wp-content\/uploads\/2024\/08\/20240801_085302-400x533.jpg 400w, https:\/\/photos-et-compagnie.fr\/blog\/wp-content\/uploads\/2024\/08\/20240801_085302-840x1120.jpg 840w\" sizes=\"(max-width: 1500px) 100vw, 1500px\" \/><\/a><p id=\"caption-attachment-2567\" class=\"wp-caption-text\">Collada del Clot de Moredo<\/p><\/div>\n<div id=\"attachment_2568\" style=\"width: 2010px\" class=\"wp-caption aligncenter\"><a href=\"https:\/\/photos-et-compagnie.fr\/blog\/wp-content\/uploads\/2024\/08\/p1026679.jpg\"><img aria-describedby=\"caption-attachment-2568\" decoding=\"async\" loading=\"lazy\" class=\"size-full wp-image-2568\" src=\"https:\/\/photos-et-compagnie.fr\/blog\/wp-content\/uploads\/2024\/08\/p1026679.jpg\" alt=\"\" width=\"2000\" height=\"1000\" srcset=\"https:\/\/photos-et-compagnie.fr\/blog\/wp-content\/uploads\/2024\/08\/p1026679.jpg 2000w, https:\/\/photos-et-compagnie.fr\/blog\/wp-content\/uploads\/2024\/08\/p1026679-300x150.jpg 300w, https:\/\/photos-et-compagnie.fr\/blog\/wp-content\/uploads\/2024\/08\/p1026679-1024x512.jpg 1024w, https:\/\/photos-et-compagnie.fr\/blog\/wp-content\/uploads\/2024\/08\/p1026679-768x384.jpg 768w, https:\/\/photos-et-compagnie.fr\/blog\/wp-content\/uploads\/2024\/08\/p1026679-1536x768.jpg 1536w, https:\/\/photos-et-compagnie.fr\/blog\/wp-content\/uploads\/2024\/08\/p1026679-400x200.jpg 400w, https:\/\/photos-et-compagnie.fr\/blog\/wp-content\/uploads\/2024\/08\/p1026679-840x420.jpg 840w\" sizes=\"(max-width: 2000px) 100vw, 2000px\" \/><\/a><p id=\"caption-attachment-2568\" class=\"wp-caption-text\">Lac d&rsquo;Airoto<\/p><\/div>\n<p>Nous faisons une pause rapide \u00e0 cette charmante cabane en forme de tipi, et discutons avec un randonneur parti de Vielha pour rejoindre l\u2019Hospitalet.<\/p>\n<div id=\"attachment_2569\" style=\"width: 1363px\" class=\"wp-caption aligncenter\"><a href=\"https:\/\/photos-et-compagnie.fr\/blog\/wp-content\/uploads\/2024\/08\/20240801_091946.jpg\"><img aria-describedby=\"caption-attachment-2569\" decoding=\"async\" loading=\"lazy\" class=\"size-full wp-image-2569\" src=\"https:\/\/photos-et-compagnie.fr\/blog\/wp-content\/uploads\/2024\/08\/20240801_091946.jpg\" alt=\"\" width=\"1353\" height=\"2000\" srcset=\"https:\/\/photos-et-compagnie.fr\/blog\/wp-content\/uploads\/2024\/08\/20240801_091946.jpg 1353w, https:\/\/photos-et-compagnie.fr\/blog\/wp-content\/uploads\/2024\/08\/20240801_091946-203x300.jpg 203w, https:\/\/photos-et-compagnie.fr\/blog\/wp-content\/uploads\/2024\/08\/20240801_091946-693x1024.jpg 693w, https:\/\/photos-et-compagnie.fr\/blog\/wp-content\/uploads\/2024\/08\/20240801_091946-768x1135.jpg 768w, https:\/\/photos-et-compagnie.fr\/blog\/wp-content\/uploads\/2024\/08\/20240801_091946-1039x1536.jpg 1039w, https:\/\/photos-et-compagnie.fr\/blog\/wp-content\/uploads\/2024\/08\/20240801_091946-1024x1514.jpg 1024w, https:\/\/photos-et-compagnie.fr\/blog\/wp-content\/uploads\/2024\/08\/20240801_091946-400x591.jpg 400w, https:\/\/photos-et-compagnie.fr\/blog\/wp-content\/uploads\/2024\/08\/20240801_091946-840x1242.jpg 840w\" sizes=\"(max-width: 1353px) 100vw, 1353px\" \/><\/a><p id=\"caption-attachment-2569\" class=\"wp-caption-text\">Refugi Gracia Airoto<\/p><\/div>\n<div id=\"attachment_2570\" style=\"width: 2010px\" class=\"wp-caption aligncenter\"><a href=\"https:\/\/photos-et-compagnie.fr\/blog\/wp-content\/uploads\/2024\/08\/img_4849.jpg\"><img aria-describedby=\"caption-attachment-2570\" decoding=\"async\" loading=\"lazy\" class=\"size-full wp-image-2570\" src=\"https:\/\/photos-et-compagnie.fr\/blog\/wp-content\/uploads\/2024\/08\/img_4849.jpg\" alt=\"\" width=\"2000\" height=\"1500\" srcset=\"https:\/\/photos-et-compagnie.fr\/blog\/wp-content\/uploads\/2024\/08\/img_4849.jpg 2000w, https:\/\/photos-et-compagnie.fr\/blog\/wp-content\/uploads\/2024\/08\/img_4849-300x225.jpg 300w, https:\/\/photos-et-compagnie.fr\/blog\/wp-content\/uploads\/2024\/08\/img_4849-1024x768.jpg 1024w, https:\/\/photos-et-compagnie.fr\/blog\/wp-content\/uploads\/2024\/08\/img_4849-768x576.jpg 768w, https:\/\/photos-et-compagnie.fr\/blog\/wp-content\/uploads\/2024\/08\/img_4849-1536x1152.jpg 1536w, https:\/\/photos-et-compagnie.fr\/blog\/wp-content\/uploads\/2024\/08\/img_4849-400x300.jpg 400w, https:\/\/photos-et-compagnie.fr\/blog\/wp-content\/uploads\/2024\/08\/img_4849-840x630.jpg 840w\" sizes=\"(max-width: 2000px) 100vw, 2000px\" \/><\/a><p id=\"caption-attachment-2570\" class=\"wp-caption-text\">Samuel a vu la lumi\u00e8re !<\/p><\/div>\n<p>Apr\u00e8s le refuge commence une partie un peu moins balis\u00e9e, agr\u00e9ment\u00e9e de quelques partie hors sentier. Mais entre la trace GPS, les cairns et les balisages en peinture jaune, nous r\u00e9ussissons \u00e0 ne \u00ab pas trop \u00bb nous perdre . Le chemin reprend un peu de hauteur et nous offre un nouveau raidillon jusqu\u2019\u00e0 un col sans nom qui surplombe l\u2019Estany Superior del Rosari.<\/p>\n<div id=\"attachment_2571\" style=\"width: 2010px\" class=\"wp-caption aligncenter\"><a href=\"https:\/\/photos-et-compagnie.fr\/blog\/wp-content\/uploads\/2024\/08\/p1026680_stitch.jpg\"><img aria-describedby=\"caption-attachment-2571\" decoding=\"async\" loading=\"lazy\" class=\"size-full wp-image-2571\" src=\"https:\/\/photos-et-compagnie.fr\/blog\/wp-content\/uploads\/2024\/08\/p1026680_stitch.jpg\" alt=\"\" width=\"2000\" height=\"875\" srcset=\"https:\/\/photos-et-compagnie.fr\/blog\/wp-content\/uploads\/2024\/08\/p1026680_stitch.jpg 2000w, https:\/\/photos-et-compagnie.fr\/blog\/wp-content\/uploads\/2024\/08\/p1026680_stitch-300x131.jpg 300w, https:\/\/photos-et-compagnie.fr\/blog\/wp-content\/uploads\/2024\/08\/p1026680_stitch-1024x448.jpg 1024w, https:\/\/photos-et-compagnie.fr\/blog\/wp-content\/uploads\/2024\/08\/p1026680_stitch-768x336.jpg 768w, https:\/\/photos-et-compagnie.fr\/blog\/wp-content\/uploads\/2024\/08\/p1026680_stitch-1536x672.jpg 1536w, https:\/\/photos-et-compagnie.fr\/blog\/wp-content\/uploads\/2024\/08\/p1026680_stitch-400x175.jpg 400w, https:\/\/photos-et-compagnie.fr\/blog\/wp-content\/uploads\/2024\/08\/p1026680_stitch-840x368.jpg 840w\" sizes=\"(max-width: 2000px) 100vw, 2000px\" \/><\/a><p id=\"caption-attachment-2571\" class=\"wp-caption-text\">Estany Superior del Rosari<\/p><\/div>\n<p>Le vallon qui se d\u00e9voile sous le col est tr\u00e8s aride et rocailleux, mais le chemin est trac\u00e9 intelligemment\u00a0: nous descendrons le vallon, le traverserons et remonterons de l\u2019autre c\u00f4t\u00e9 jusqu\u2019\u00e0 un nouveau col en ne marchant quasiment que sur des pentes herbeuses (et quand m\u00eame quelques blocs et parterres de rhododendrons).<\/p>\n<p>En de\u00e7\u00e0 de ce nouveau col nous trouvons le magnifique Estany de Garrabea, o\u00f9 nous faisons une pause d\u00e9jeuner et baignade. Apr\u00e8s avoir refait le plein d\u2019eau (c\u2019est la derni\u00e8re opportunit\u00e9 jusqu\u2019\u00e0 notre jusqu\u2019\u00e0 notre arriv\u00e9e), nous contournons le lac en progressant dans le chaos de blocs qui le borde. Une derni\u00e8re grimpette nous m\u00e8ne \u00e0 un dernier col. \u00c0 partir de l\u00e0 cela sera uniquement de la descente.<\/p>\n<div id=\"attachment_2572\" style=\"width: 2010px\" class=\"wp-caption aligncenter\"><a href=\"https:\/\/photos-et-compagnie.fr\/blog\/wp-content\/uploads\/2024\/08\/p1026688.jpg\"><img aria-describedby=\"caption-attachment-2572\" decoding=\"async\" loading=\"lazy\" class=\"size-full wp-image-2572\" src=\"https:\/\/photos-et-compagnie.fr\/blog\/wp-content\/uploads\/2024\/08\/p1026688.jpg\" alt=\"\" width=\"2000\" height=\"1125\" srcset=\"https:\/\/photos-et-compagnie.fr\/blog\/wp-content\/uploads\/2024\/08\/p1026688.jpg 2000w, https:\/\/photos-et-compagnie.fr\/blog\/wp-content\/uploads\/2024\/08\/p1026688-300x169.jpg 300w, https:\/\/photos-et-compagnie.fr\/blog\/wp-content\/uploads\/2024\/08\/p1026688-1024x576.jpg 1024w, https:\/\/photos-et-compagnie.fr\/blog\/wp-content\/uploads\/2024\/08\/p1026688-768x432.jpg 768w, https:\/\/photos-et-compagnie.fr\/blog\/wp-content\/uploads\/2024\/08\/p1026688-1536x864.jpg 1536w, https:\/\/photos-et-compagnie.fr\/blog\/wp-content\/uploads\/2024\/08\/p1026688-400x225.jpg 400w, https:\/\/photos-et-compagnie.fr\/blog\/wp-content\/uploads\/2024\/08\/p1026688-840x473.jpg 840w\" sizes=\"(max-width: 2000px) 100vw, 2000px\" \/><\/a><p id=\"caption-attachment-2572\" class=\"wp-caption-text\">Estany de Garrabea<\/p><\/div>\n<div id=\"attachment_2573\" style=\"width: 2010px\" class=\"wp-caption aligncenter\"><a href=\"https:\/\/photos-et-compagnie.fr\/blog\/wp-content\/uploads\/2024\/08\/p1026691.jpg\"><img aria-describedby=\"caption-attachment-2573\" decoding=\"async\" loading=\"lazy\" class=\"size-full wp-image-2573\" src=\"https:\/\/photos-et-compagnie.fr\/blog\/wp-content\/uploads\/2024\/08\/p1026691.jpg\" alt=\"\" width=\"2000\" height=\"1125\" srcset=\"https:\/\/photos-et-compagnie.fr\/blog\/wp-content\/uploads\/2024\/08\/p1026691.jpg 2000w, https:\/\/photos-et-compagnie.fr\/blog\/wp-content\/uploads\/2024\/08\/p1026691-300x169.jpg 300w, https:\/\/photos-et-compagnie.fr\/blog\/wp-content\/uploads\/2024\/08\/p1026691-1024x576.jpg 1024w, https:\/\/photos-et-compagnie.fr\/blog\/wp-content\/uploads\/2024\/08\/p1026691-768x432.jpg 768w, https:\/\/photos-et-compagnie.fr\/blog\/wp-content\/uploads\/2024\/08\/p1026691-1536x864.jpg 1536w, https:\/\/photos-et-compagnie.fr\/blog\/wp-content\/uploads\/2024\/08\/p1026691-400x225.jpg 400w, https:\/\/photos-et-compagnie.fr\/blog\/wp-content\/uploads\/2024\/08\/p1026691-840x473.jpg 840w\" sizes=\"(max-width: 2000px) 100vw, 2000px\" \/><\/a><p id=\"caption-attachment-2573\" class=\"wp-caption-text\">Estany &amp; Estanyoletes de Garrabea<\/p><\/div>\n<p>Cette derni\u00e8re partie est tr\u00e8s agr\u00e9able, sur un joli sentier en balcon qui surplombe l\u2019Estany Pudo (qui comme son nom ne l\u2019indique pas n\u2019est pas \u00e0 sec <img decoding=\"async\" loading=\"lazy\" class=\"smilies\" title=\"Tr\u00c3\u00a8s heureux\" src=\"https:\/\/forum.apran.fr\/images\/smilies\/icon_e_biggrin.gif\" alt=\":D\" width=\"15\" height=\"17\" \/>), puis sur un chemin en l\u00e9g\u00e8re descente jusqu\u2019\u00e0 la route qui m\u00e8ne au port de la Bonaigua. Apr\u00e8s plusieurs jours d\u2019environnement tr\u00e8s min\u00e9ral, \u00e7a fait plaisir de se retrouver dans la \u00ab montagne \u00e0 vache \u00bb (enfin plut\u00f4t \u00e0 chevaux, vu que nous rencontrons plusieurs troupeaux <img decoding=\"async\" loading=\"lazy\" class=\"smilies\" title=\"Clin d\u00e2\u20ac\u2122\u00c5\u201cil\" src=\"https:\/\/forum.apran.fr\/images\/smilies\/icon_e_wink.gif\" alt=\";)\" width=\"15\" height=\"17\" \/>), c\u2019est reposant pour les jambes et agr\u00e9able pour les yeux \u00e9galement.<\/p>\n<div id=\"attachment_2574\" style=\"width: 2010px\" class=\"wp-caption aligncenter\"><a href=\"https:\/\/photos-et-compagnie.fr\/blog\/wp-content\/uploads\/2024\/08\/p1026692.jpg\"><img aria-describedby=\"caption-attachment-2574\" decoding=\"async\" loading=\"lazy\" class=\"size-full wp-image-2574\" src=\"https:\/\/photos-et-compagnie.fr\/blog\/wp-content\/uploads\/2024\/08\/p1026692.jpg\" alt=\"\" width=\"2000\" height=\"1334\" srcset=\"https:\/\/photos-et-compagnie.fr\/blog\/wp-content\/uploads\/2024\/08\/p1026692.jpg 2000w, https:\/\/photos-et-compagnie.fr\/blog\/wp-content\/uploads\/2024\/08\/p1026692-300x200.jpg 300w, https:\/\/photos-et-compagnie.fr\/blog\/wp-content\/uploads\/2024\/08\/p1026692-1024x683.jpg 1024w, https:\/\/photos-et-compagnie.fr\/blog\/wp-content\/uploads\/2024\/08\/p1026692-768x512.jpg 768w, https:\/\/photos-et-compagnie.fr\/blog\/wp-content\/uploads\/2024\/08\/p1026692-1536x1025.jpg 1536w, https:\/\/photos-et-compagnie.fr\/blog\/wp-content\/uploads\/2024\/08\/p1026692-400x267.jpg 400w, https:\/\/photos-et-compagnie.fr\/blog\/wp-content\/uploads\/2024\/08\/p1026692-840x560.jpg 840w\" sizes=\"(max-width: 2000px) 100vw, 2000px\" \/><\/a><p id=\"caption-attachment-2574\" class=\"wp-caption-text\">Estany Pudo (1\/2)<\/p><\/div>\n<div id=\"attachment_2575\" style=\"width: 2010px\" class=\"wp-caption aligncenter\"><a href=\"https:\/\/photos-et-compagnie.fr\/blog\/wp-content\/uploads\/2024\/08\/p1026693.jpg\"><img aria-describedby=\"caption-attachment-2575\" decoding=\"async\" loading=\"lazy\" class=\"size-full wp-image-2575\" src=\"https:\/\/photos-et-compagnie.fr\/blog\/wp-content\/uploads\/2024\/08\/p1026693.jpg\" alt=\"\" width=\"2000\" height=\"1334\" srcset=\"https:\/\/photos-et-compagnie.fr\/blog\/wp-content\/uploads\/2024\/08\/p1026693.jpg 2000w, https:\/\/photos-et-compagnie.fr\/blog\/wp-content\/uploads\/2024\/08\/p1026693-300x200.jpg 300w, https:\/\/photos-et-compagnie.fr\/blog\/wp-content\/uploads\/2024\/08\/p1026693-1024x683.jpg 1024w, https:\/\/photos-et-compagnie.fr\/blog\/wp-content\/uploads\/2024\/08\/p1026693-768x512.jpg 768w, https:\/\/photos-et-compagnie.fr\/blog\/wp-content\/uploads\/2024\/08\/p1026693-1536x1025.jpg 1536w, https:\/\/photos-et-compagnie.fr\/blog\/wp-content\/uploads\/2024\/08\/p1026693-400x267.jpg 400w, https:\/\/photos-et-compagnie.fr\/blog\/wp-content\/uploads\/2024\/08\/p1026693-840x560.jpg 840w\" sizes=\"(max-width: 2000px) 100vw, 2000px\" \/><\/a><p id=\"caption-attachment-2575\" class=\"wp-caption-text\">Estany Pudo (2\/2)<\/p><\/div>\n<div id=\"attachment_2576\" style=\"width: 2010px\" class=\"wp-caption aligncenter\"><a href=\"https:\/\/photos-et-compagnie.fr\/blog\/wp-content\/uploads\/2024\/08\/20240801_140024.jpg\"><img aria-describedby=\"caption-attachment-2576\" decoding=\"async\" loading=\"lazy\" class=\"size-full wp-image-2576\" src=\"https:\/\/photos-et-compagnie.fr\/blog\/wp-content\/uploads\/2024\/08\/20240801_140024.jpg\" alt=\"\" width=\"2000\" height=\"1500\" srcset=\"https:\/\/photos-et-compagnie.fr\/blog\/wp-content\/uploads\/2024\/08\/20240801_140024.jpg 2000w, https:\/\/photos-et-compagnie.fr\/blog\/wp-content\/uploads\/2024\/08\/20240801_140024-300x225.jpg 300w, https:\/\/photos-et-compagnie.fr\/blog\/wp-content\/uploads\/2024\/08\/20240801_140024-1024x768.jpg 1024w, https:\/\/photos-et-compagnie.fr\/blog\/wp-content\/uploads\/2024\/08\/20240801_140024-768x576.jpg 768w, https:\/\/photos-et-compagnie.fr\/blog\/wp-content\/uploads\/2024\/08\/20240801_140024-1536x1152.jpg 1536w, https:\/\/photos-et-compagnie.fr\/blog\/wp-content\/uploads\/2024\/08\/20240801_140024-400x300.jpg 400w, https:\/\/photos-et-compagnie.fr\/blog\/wp-content\/uploads\/2024\/08\/20240801_140024-840x630.jpg 840w\" sizes=\"(max-width: 2000px) 100vw, 2000px\" \/><\/a><p id=\"caption-attachment-2576\" class=\"wp-caption-text\">Montagne \u00e0 chevaux (1\/3)<\/p><\/div>\n<div id=\"attachment_2577\" style=\"width: 2010px\" class=\"wp-caption aligncenter\"><a href=\"https:\/\/photos-et-compagnie.fr\/blog\/wp-content\/uploads\/2024\/08\/p1026694.jpg\"><img aria-describedby=\"caption-attachment-2577\" decoding=\"async\" loading=\"lazy\" class=\"size-full wp-image-2577\" src=\"https:\/\/photos-et-compagnie.fr\/blog\/wp-content\/uploads\/2024\/08\/p1026694.jpg\" alt=\"\" width=\"2000\" height=\"1125\" srcset=\"https:\/\/photos-et-compagnie.fr\/blog\/wp-content\/uploads\/2024\/08\/p1026694.jpg 2000w, https:\/\/photos-et-compagnie.fr\/blog\/wp-content\/uploads\/2024\/08\/p1026694-300x169.jpg 300w, https:\/\/photos-et-compagnie.fr\/blog\/wp-content\/uploads\/2024\/08\/p1026694-1024x576.jpg 1024w, https:\/\/photos-et-compagnie.fr\/blog\/wp-content\/uploads\/2024\/08\/p1026694-768x432.jpg 768w, https:\/\/photos-et-compagnie.fr\/blog\/wp-content\/uploads\/2024\/08\/p1026694-1536x864.jpg 1536w, https:\/\/photos-et-compagnie.fr\/blog\/wp-content\/uploads\/2024\/08\/p1026694-400x225.jpg 400w, https:\/\/photos-et-compagnie.fr\/blog\/wp-content\/uploads\/2024\/08\/p1026694-840x473.jpg 840w\" sizes=\"(max-width: 2000px) 100vw, 2000px\" \/><\/a><p id=\"caption-attachment-2577\" class=\"wp-caption-text\">Montagne \u00e0 chevaux (2\/3)<\/p><\/div>\n<div id=\"attachment_2578\" style=\"width: 2010px\" class=\"wp-caption aligncenter\"><a href=\"https:\/\/photos-et-compagnie.fr\/blog\/wp-content\/uploads\/2024\/08\/p1026696.jpg\"><img aria-describedby=\"caption-attachment-2578\" decoding=\"async\" loading=\"lazy\" class=\"size-full wp-image-2578\" src=\"https:\/\/photos-et-compagnie.fr\/blog\/wp-content\/uploads\/2024\/08\/p1026696.jpg\" alt=\"\" width=\"2000\" height=\"1333\" srcset=\"https:\/\/photos-et-compagnie.fr\/blog\/wp-content\/uploads\/2024\/08\/p1026696.jpg 2000w, https:\/\/photos-et-compagnie.fr\/blog\/wp-content\/uploads\/2024\/08\/p1026696-300x200.jpg 300w, https:\/\/photos-et-compagnie.fr\/blog\/wp-content\/uploads\/2024\/08\/p1026696-1024x682.jpg 1024w, https:\/\/photos-et-compagnie.fr\/blog\/wp-content\/uploads\/2024\/08\/p1026696-768x512.jpg 768w, https:\/\/photos-et-compagnie.fr\/blog\/wp-content\/uploads\/2024\/08\/p1026696-1536x1024.jpg 1536w, https:\/\/photos-et-compagnie.fr\/blog\/wp-content\/uploads\/2024\/08\/p1026696-400x267.jpg 400w, https:\/\/photos-et-compagnie.fr\/blog\/wp-content\/uploads\/2024\/08\/p1026696-840x560.jpg 840w\" sizes=\"(max-width: 2000px) 100vw, 2000px\" \/><\/a><p id=\"caption-attachment-2578\" class=\"wp-caption-text\">Montagne \u00e0 chevaux (3\/3)<\/p><\/div>\n<p>Arriv\u00e9s \u00e0 la route, il reste environ 500 m\u00e8tres \u00e0 marcher pour atteindre le parking du port de la Bonaigua.<\/p>\n<div id=\"attachment_2579\" style=\"width: 2010px\" class=\"wp-caption aligncenter\"><a href=\"https:\/\/photos-et-compagnie.fr\/blog\/wp-content\/uploads\/2024\/08\/img_4858.jpg\"><img aria-describedby=\"caption-attachment-2579\" decoding=\"async\" loading=\"lazy\" class=\"size-full wp-image-2579\" src=\"https:\/\/photos-et-compagnie.fr\/blog\/wp-content\/uploads\/2024\/08\/img_4858.jpg\" alt=\"\" width=\"2000\" height=\"1500\" srcset=\"https:\/\/photos-et-compagnie.fr\/blog\/wp-content\/uploads\/2024\/08\/img_4858.jpg 2000w, https:\/\/photos-et-compagnie.fr\/blog\/wp-content\/uploads\/2024\/08\/img_4858-300x225.jpg 300w, https:\/\/photos-et-compagnie.fr\/blog\/wp-content\/uploads\/2024\/08\/img_4858-1024x768.jpg 1024w, https:\/\/photos-et-compagnie.fr\/blog\/wp-content\/uploads\/2024\/08\/img_4858-768x576.jpg 768w, https:\/\/photos-et-compagnie.fr\/blog\/wp-content\/uploads\/2024\/08\/img_4858-1536x1152.jpg 1536w, https:\/\/photos-et-compagnie.fr\/blog\/wp-content\/uploads\/2024\/08\/img_4858-400x300.jpg 400w, https:\/\/photos-et-compagnie.fr\/blog\/wp-content\/uploads\/2024\/08\/img_4858-840x630.jpg 840w\" sizes=\"(max-width: 2000px) 100vw, 2000px\" \/><\/a><p id=\"caption-attachment-2579\" class=\"wp-caption-text\">Retour \u00e0 la civilisation<\/p><\/div>\n<p>Heureusement il est possible d\u2019\u00e9viter le bitume en marchant en contrebas. Arriv\u00e9s au parking, nous faisons une pause au bar restaurant \u00ab Cap del Port \u00bb o\u00f9 nous prenons une boisson fra\u00eeche et deux parts de g\u00e2teau (industriels, rien \u00e0 voir avec les p\u00e2tisseries maisons des refuges <img decoding=\"async\" loading=\"lazy\" class=\"smilies\" title=\"Triste\" src=\"https:\/\/forum.apran.fr\/images\/smilies\/icon_e_sad.gif\" alt=\":(\" width=\"15\" height=\"17\" \/>)<\/p>\n<div id=\"attachment_2580\" style=\"width: 1510px\" class=\"wp-caption aligncenter\"><a href=\"https:\/\/photos-et-compagnie.fr\/blog\/wp-content\/uploads\/2024\/08\/20240801_145218.jpg\"><img aria-describedby=\"caption-attachment-2580\" decoding=\"async\" loading=\"lazy\" class=\"size-full wp-image-2580\" src=\"https:\/\/photos-et-compagnie.fr\/blog\/wp-content\/uploads\/2024\/08\/20240801_145218.jpg\" alt=\"\" width=\"1500\" height=\"2000\" srcset=\"https:\/\/photos-et-compagnie.fr\/blog\/wp-content\/uploads\/2024\/08\/20240801_145218.jpg 1500w, https:\/\/photos-et-compagnie.fr\/blog\/wp-content\/uploads\/2024\/08\/20240801_145218-225x300.jpg 225w, https:\/\/photos-et-compagnie.fr\/blog\/wp-content\/uploads\/2024\/08\/20240801_145218-768x1024.jpg 768w, https:\/\/photos-et-compagnie.fr\/blog\/wp-content\/uploads\/2024\/08\/20240801_145218-1152x1536.jpg 1152w, https:\/\/photos-et-compagnie.fr\/blog\/wp-content\/uploads\/2024\/08\/20240801_145218-1024x1365.jpg 1024w, https:\/\/photos-et-compagnie.fr\/blog\/wp-content\/uploads\/2024\/08\/20240801_145218-400x533.jpg 400w, https:\/\/photos-et-compagnie.fr\/blog\/wp-content\/uploads\/2024\/08\/20240801_145218-840x1120.jpg 840w\" sizes=\"(max-width: 1500px) 100vw, 1500px\" \/><\/a><p id=\"caption-attachment-2580\" class=\"wp-caption-text\">Port de la Bonaigua<\/p><\/div>\n<div id=\"attachment_2581\" style=\"width: 2010px\" class=\"wp-caption aligncenter\"><a href=\"https:\/\/photos-et-compagnie.fr\/blog\/wp-content\/uploads\/2024\/08\/img_4859.jpg\"><img aria-describedby=\"caption-attachment-2581\" decoding=\"async\" loading=\"lazy\" class=\"size-full wp-image-2581\" src=\"https:\/\/photos-et-compagnie.fr\/blog\/wp-content\/uploads\/2024\/08\/img_4859.jpg\" alt=\"\" width=\"2000\" height=\"1500\" srcset=\"https:\/\/photos-et-compagnie.fr\/blog\/wp-content\/uploads\/2024\/08\/img_4859.jpg 2000w, https:\/\/photos-et-compagnie.fr\/blog\/wp-content\/uploads\/2024\/08\/img_4859-300x225.jpg 300w, https:\/\/photos-et-compagnie.fr\/blog\/wp-content\/uploads\/2024\/08\/img_4859-1024x768.jpg 1024w, https:\/\/photos-et-compagnie.fr\/blog\/wp-content\/uploads\/2024\/08\/img_4859-768x576.jpg 768w, https:\/\/photos-et-compagnie.fr\/blog\/wp-content\/uploads\/2024\/08\/img_4859-1536x1152.jpg 1536w, https:\/\/photos-et-compagnie.fr\/blog\/wp-content\/uploads\/2024\/08\/img_4859-400x300.jpg 400w, https:\/\/photos-et-compagnie.fr\/blog\/wp-content\/uploads\/2024\/08\/img_4859-840x630.jpg 840w\" sizes=\"(max-width: 2000px) 100vw, 2000px\" \/><\/a><p id=\"caption-attachment-2581\" class=\"wp-caption-text\">Cap del Port<\/p><\/div>\n<p>Nous discutons quelques instants avec Vincent qui est parti de L\u2019hospitalet et fait comme nous la travers\u00e9e d\u2019est en ouest.<\/p>\n<p>Reste \u00e0 r\u00e9gler la probl\u00e9matique du couchage. Impossible de s\u2019avancer sur l\u2019\u00e9tape suivante car nous sommes aux portes du parc d\u2019Aigues Tortes o\u00f9 le bivouac est interdit. L\u2019id\u00e9e de planter la tente autour du port de la Bonaigua n\u2019est pas folichonne, que ce soit \u00e0 cause de l\u2019environnement (route, t\u00e9l\u00e9si\u00e8ge, ligne \u00e0 haute tension) ou de la pr\u00e9sence de nombreuses vaches un peu partout. Heureusement, le Transpyr mentionne la cabane de la Pleta del Duc, et nous avons la chance de trouver ouverte et inoccup\u00e9e. Cela sera donc notre abri pour la nuit. Par contre contrairement \u00e0 ce qui est indiqu\u00e9 sur le topo, il n\u2019y pas d\u2019eau \u00e0 proximit\u00e9.<\/p>\n<div id=\"attachment_2582\" style=\"width: 2010px\" class=\"wp-caption aligncenter\"><a href=\"https:\/\/photos-et-compagnie.fr\/blog\/wp-content\/uploads\/2024\/08\/img_4860.jpg\"><img aria-describedby=\"caption-attachment-2582\" decoding=\"async\" loading=\"lazy\" class=\"size-full wp-image-2582\" src=\"https:\/\/photos-et-compagnie.fr\/blog\/wp-content\/uploads\/2024\/08\/img_4860.jpg\" alt=\"\" width=\"2000\" height=\"1500\" srcset=\"https:\/\/photos-et-compagnie.fr\/blog\/wp-content\/uploads\/2024\/08\/img_4860.jpg 2000w, https:\/\/photos-et-compagnie.fr\/blog\/wp-content\/uploads\/2024\/08\/img_4860-300x225.jpg 300w, https:\/\/photos-et-compagnie.fr\/blog\/wp-content\/uploads\/2024\/08\/img_4860-1024x768.jpg 1024w, https:\/\/photos-et-compagnie.fr\/blog\/wp-content\/uploads\/2024\/08\/img_4860-768x576.jpg 768w, https:\/\/photos-et-compagnie.fr\/blog\/wp-content\/uploads\/2024\/08\/img_4860-1536x1152.jpg 1536w, https:\/\/photos-et-compagnie.fr\/blog\/wp-content\/uploads\/2024\/08\/img_4860-400x300.jpg 400w, https:\/\/photos-et-compagnie.fr\/blog\/wp-content\/uploads\/2024\/08\/img_4860-840x630.jpg 840w\" sizes=\"(max-width: 2000px) 100vw, 2000px\" \/><\/a><p id=\"caption-attachment-2582\" class=\"wp-caption-text\">Cabane de la Pleta del Duc<\/p><\/div>\n<p>A notre arriv\u00e9e nous faisons s\u00e9cher les tentes qui \u00e9taient rest\u00e9es humides suite \u00e0 la nuit au bord du lac, et nous pr\u00e9parons \u00e0 nous coucher t\u00f4t. Demain des risques d\u2019orages sont annonc\u00e9s \u00e0 partir de midi, nous d\u00e9cidons de nous lever \u00e0 5h15 pour \u00eatre sur le chemin d\u00e8s 6h et avoir une chance d\u2019arriver \u00e0 la Restanca avant la pluie. En d\u00e9but de soir\u00e9e, les nuages sont mont\u00e9s et nous nous retrouvons dans une ambiance cotonneuse avec une vingtaine de m\u00e8tres de visibilit\u00e9 seulement \u2026 notre cabane est comme coup\u00e9e du monde.<\/p>\n","protected":false},"excerpt":{"rendered":"<p>Jeudi 1er ao\u00fbt \ufeff\ufeff &nbsp; L\u2019\u00e9tape d\u2019aujourd\u2019hui sera courte. En effet, nous devrons nous arr\u00eater quoi qu\u2019il arrive au port de la Bonaigua, afin de ne pas p\u00e9n\u00e9trer dans le parc national d\u2019Aigues Tortes o\u00f9 le bivouac est totalement interdit. Pour g\u00e9rer cette contrainte et \u00e9viter d\u2019avoir \u00e0 traverser le parc en une ext\u00e9nuante journ\u00e9e de 12 heures de marche, nous avons r\u00e9serv\u00e9 le refuge de la Restanca pour le lendemain soir. Qui dit journ\u00e9e courte dit pas de pression sur le timing, nous commen\u00e7ons donc par une \u00ab grasse matin\u00e9e \u00bb jusqu\u2019\u00e0 plus de 7h, et partons bons derniers (trois autres randonneurs campaient aux alentours du lac) vers 8h30. Nous commen\u00e7ons par rejoindre le refuge Gracia Airoto en un peu plus d\u2019une heure en passant par le Collada del Clot de Moredo, soit 200 m\u00e8tres de mont\u00e9e raide suivi de 200 m\u00e8tres de descente cool sur un sentier tranquille&#8230;<\/p>\n","protected":false},"author":1,"featured_media":0,"comment_status":"open","ping_status":"open","sticky":false,"template":"","format":"standard","meta":[],"categories":[11],"tags":[],"_links":{"self":[{"href":"https:\/\/photos-et-compagnie.fr\/blog\/wp-json\/wp\/v2\/posts\/2248"}],"collection":[{"href":"https:\/\/photos-et-compagnie.fr\/blog\/wp-json\/wp\/v2\/posts"}],"about":[{"href":"https:\/\/photos-et-compagnie.fr\/blog\/wp-json\/wp\/v2\/types\/post"}],"author":[{"embeddable":true,"href":"https:\/\/photos-et-compagnie.fr\/blog\/wp-json\/wp\/v2\/users\/1"}],"replies":[{"embeddable":true,"href":"https:\/\/photos-et-compagnie.fr\/blog\/wp-json\/wp\/v2\/comments?post=2248"}],"version-history":[{"count":5,"href":"https:\/\/photos-et-compagnie.fr\/blog\/wp-json\/wp\/v2\/posts\/2248\/revisions"}],"predecessor-version":[{"id":2585,"href":"https:\/\/photos-et-compagnie.fr\/blog\/wp-json\/wp\/v2\/posts\/2248\/revisions\/2585"}],"wp:attachment":[{"href":"https:\/\/photos-et-compagnie.fr\/blog\/wp-json\/wp\/v2\/media?parent=2248"}],"wp:term":[{"taxonomy":"category","embeddable":true,"href":"https:\/\/photos-et-compagnie.fr\/blog\/wp-json\/wp\/v2\/categories?post=2248"},{"taxonomy":"post_tag","embeddable":true,"href":"https:\/\/photos-et-compagnie.fr\/blog\/wp-json\/wp\/v2\/tags?post=2248"}],"curies":[{"name":"wp","href":"https:\/\/api.w.org\/{rel}","templated":true}]}}