{"id":2250,"date":"2024-08-02T11:34:38","date_gmt":"2024-08-02T11:34:38","guid":{"rendered":"https:\/\/photos-et-compagnie.fr\/blog\/?p=2250"},"modified":"2024-09-13T10:29:52","modified_gmt":"2024-09-13T10:29:52","slug":"jour-20-refugi-de-la-pleta-del-duc-refugi-de-la-restanca","status":"publish","type":"post","link":"https:\/\/photos-et-compagnie.fr\/blog\/2024\/08\/jour-20-refugi-de-la-pleta-del-duc-refugi-de-la-restanca\/","title":{"rendered":"Jour 20 &#8211; Refugi de la Pleta del Duc -> Refugi de la Restanca"},"content":{"rendered":"<p><span style=\"text-decoration: underline;\"><strong>Vendredi 2 ao\u00fbt<\/strong><\/span><\/p>\n<p><iframe style=\"border: 0; width: 100%; height: 540px;\" src=\"https:\/\/www.visugpx.com\/KVU1zGDvA8?iframe&amp;t=5&amp;otm\" scrolling=\"no\" allowfullscreen=\"allowfullscreen\"><span data-mce-type=\"bookmark\" style=\"display: inline-block; width: 0px; overflow: hidden; line-height: 0;\" class=\"mce_SELRES_start\">\ufeff<\/span><span data-mce-type=\"bookmark\" style=\"display: inline-block; width: 0px; overflow: hidden; line-height: 0;\" class=\"mce_SELRES_start\">\ufeff<\/span><\/iframe><\/p>\n<p>Comme pr\u00e9vu, nous nous levons un peu apr\u00e8s 5h pour un d\u00e9part aux alentours de 6h, des risques d\u2019orages \u00e9tant annonc\u00e9s \u00e0 partir de midi, mais surtout avec forte probabilit\u00e9 \u00e0 partir de 15h. Lorsque nous nous mettons en route, le jour n\u2019est pas encore lev\u00e9, un mince croissant de lune ocre nous salue. Nous quittons notre cabane et repartons en direction du port de la Bonaigua, pour prendre le chemin qui descend dans la for\u00eat depuis l\u2019arriv\u00e9e du t\u00e9l\u00e9si\u00e8ge. Nous surplombons une mer de nuages du plus bel effet.<\/p>\n<div id=\"attachment_2587\" style=\"width: 2010px\" class=\"wp-caption aligncenter\"><a href=\"https:\/\/photos-et-compagnie.fr\/blog\/wp-content\/uploads\/2024\/08\/img_4862.jpg\"><img aria-describedby=\"caption-attachment-2587\" decoding=\"async\" loading=\"lazy\" class=\"size-full wp-image-2587\" src=\"https:\/\/photos-et-compagnie.fr\/blog\/wp-content\/uploads\/2024\/08\/img_4862.jpg\" alt=\"\" width=\"2000\" height=\"1500\" srcset=\"https:\/\/photos-et-compagnie.fr\/blog\/wp-content\/uploads\/2024\/08\/img_4862.jpg 2000w, https:\/\/photos-et-compagnie.fr\/blog\/wp-content\/uploads\/2024\/08\/img_4862-300x225.jpg 300w, https:\/\/photos-et-compagnie.fr\/blog\/wp-content\/uploads\/2024\/08\/img_4862-1024x768.jpg 1024w, https:\/\/photos-et-compagnie.fr\/blog\/wp-content\/uploads\/2024\/08\/img_4862-768x576.jpg 768w, https:\/\/photos-et-compagnie.fr\/blog\/wp-content\/uploads\/2024\/08\/img_4862-1536x1152.jpg 1536w, https:\/\/photos-et-compagnie.fr\/blog\/wp-content\/uploads\/2024\/08\/img_4862-400x300.jpg 400w, https:\/\/photos-et-compagnie.fr\/blog\/wp-content\/uploads\/2024\/08\/img_4862-840x630.jpg 840w\" sizes=\"(max-width: 2000px) 100vw, 2000px\" \/><\/a><p id=\"caption-attachment-2587\" class=\"wp-caption-text\">Mer de nuages<\/p><\/div>\n<p>Le chemin descend tranquillement dans la for\u00eat. Nous arrivons rapidement au niveau des nuages, mais ils sont peu nombreux \u00e0 cet endroit, et nous ressentirons \u00e0 peine la baisse de visibilit\u00e9 et l\u2019humidit\u00e9. Arriv\u00e9 au fond de la vall\u00e9e, le chemin rejoint une large piste et un panneau d\u2019information marquant l\u2019entr\u00e9e dans le parc national d\u2019Aigues Tortes. Nous suivons cette piste et avons la surprise de d\u00e9couvrir un parking avec cinq voitures gar\u00e9es, alors qu\u2019il n\u2019est m\u00eame pas 7h.<\/p>\n<div id=\"attachment_2588\" style=\"width: 2010px\" class=\"wp-caption aligncenter\"><a href=\"https:\/\/photos-et-compagnie.fr\/blog\/wp-content\/uploads\/2024\/08\/img_4863.jpg\"><img aria-describedby=\"caption-attachment-2588\" decoding=\"async\" loading=\"lazy\" class=\"size-full wp-image-2588\" src=\"https:\/\/photos-et-compagnie.fr\/blog\/wp-content\/uploads\/2024\/08\/img_4863.jpg\" alt=\"\" width=\"2000\" height=\"1000\" srcset=\"https:\/\/photos-et-compagnie.fr\/blog\/wp-content\/uploads\/2024\/08\/img_4863.jpg 2000w, https:\/\/photos-et-compagnie.fr\/blog\/wp-content\/uploads\/2024\/08\/img_4863-300x150.jpg 300w, https:\/\/photos-et-compagnie.fr\/blog\/wp-content\/uploads\/2024\/08\/img_4863-1024x512.jpg 1024w, https:\/\/photos-et-compagnie.fr\/blog\/wp-content\/uploads\/2024\/08\/img_4863-768x384.jpg 768w, https:\/\/photos-et-compagnie.fr\/blog\/wp-content\/uploads\/2024\/08\/img_4863-1536x768.jpg 1536w, https:\/\/photos-et-compagnie.fr\/blog\/wp-content\/uploads\/2024\/08\/img_4863-400x200.jpg 400w, https:\/\/photos-et-compagnie.fr\/blog\/wp-content\/uploads\/2024\/08\/img_4863-840x420.jpg 840w\" sizes=\"(max-width: 2000px) 100vw, 2000px\" \/><\/a><p id=\"caption-attachment-2588\" class=\"wp-caption-text\">Oui, vous \u00eates bien dans un parc national !<\/p><\/div>\n<p>Au cours de cette journ\u00e9e nous allons exp\u00e9rimenter les r\u00e8gles du parc national \u00e0 l\u2019espagnole : interdiction de bivouac, par contre pas de soucis pour les pistes carrossables avec voitures, les vaches en p\u00e2ture, les chiens non tenus en laisse \u2026 c\u2019est surprenant pour ne pas dire aga\u00e7ant.<\/p>\n<p>Une fois pass\u00e9 le parking, la piste se transforme en un large chemin que nous suivrons jusqu\u2019\u00e0 un embranchement. Ici nous voulons \u00e9viter la boucle qui m\u00e8ne au refuge Saboredo et prendre le chemin not\u00e9 HRP sur notre application de cartographie\u2026 chemin qui s\u2019av\u00e8rera finalement inexistant, et nous occasionnera 200 m\u00e8tres de d\u00e9nivel\u00e9 en mode sanglier dans les blocs et les rhododendrons, et une bonne dose de fatigue. Apr\u00e8s avoir retrouv\u00e9 un \u00ab vrai \u00bb chemin nous nous dirigeons vers le col Pigader, premier col de notre journ\u00e9e. Pendant la mont\u00e9e nous assistons au passage d&rsquo;un h\u00e9licopt\u00e8re qui va probablement ravitailler le refuge de Saboredo.<\/p>\n<div id=\"attachment_2589\" style=\"width: 1510px\" class=\"wp-caption aligncenter\"><a href=\"https:\/\/photos-et-compagnie.fr\/blog\/wp-content\/uploads\/2024\/08\/20240802_085122.jpg\"><img aria-describedby=\"caption-attachment-2589\" decoding=\"async\" loading=\"lazy\" class=\"size-full wp-image-2589\" src=\"https:\/\/photos-et-compagnie.fr\/blog\/wp-content\/uploads\/2024\/08\/20240802_085122.jpg\" alt=\"\" width=\"1500\" height=\"2000\" srcset=\"https:\/\/photos-et-compagnie.fr\/blog\/wp-content\/uploads\/2024\/08\/20240802_085122.jpg 1500w, https:\/\/photos-et-compagnie.fr\/blog\/wp-content\/uploads\/2024\/08\/20240802_085122-225x300.jpg 225w, https:\/\/photos-et-compagnie.fr\/blog\/wp-content\/uploads\/2024\/08\/20240802_085122-768x1024.jpg 768w, https:\/\/photos-et-compagnie.fr\/blog\/wp-content\/uploads\/2024\/08\/20240802_085122-1152x1536.jpg 1152w, https:\/\/photos-et-compagnie.fr\/blog\/wp-content\/uploads\/2024\/08\/20240802_085122-1024x1365.jpg 1024w, https:\/\/photos-et-compagnie.fr\/blog\/wp-content\/uploads\/2024\/08\/20240802_085122-400x533.jpg 400w, https:\/\/photos-et-compagnie.fr\/blog\/wp-content\/uploads\/2024\/08\/20240802_085122-840x1120.jpg 840w\" sizes=\"(max-width: 1500px) 100vw, 1500px\" \/><\/a><p id=\"caption-attachment-2589\" class=\"wp-caption-text\">Ravitaillement en cours !<\/p><\/div>\n<div id=\"attachment_2590\" style=\"width: 2010px\" class=\"wp-caption aligncenter\"><a href=\"https:\/\/photos-et-compagnie.fr\/blog\/wp-content\/uploads\/2024\/08\/p1026701.jpg\"><img aria-describedby=\"caption-attachment-2590\" decoding=\"async\" loading=\"lazy\" class=\"size-full wp-image-2590\" src=\"https:\/\/photos-et-compagnie.fr\/blog\/wp-content\/uploads\/2024\/08\/p1026701.jpg\" alt=\"\" width=\"2000\" height=\"1125\" srcset=\"https:\/\/photos-et-compagnie.fr\/blog\/wp-content\/uploads\/2024\/08\/p1026701.jpg 2000w, https:\/\/photos-et-compagnie.fr\/blog\/wp-content\/uploads\/2024\/08\/p1026701-300x169.jpg 300w, https:\/\/photos-et-compagnie.fr\/blog\/wp-content\/uploads\/2024\/08\/p1026701-1024x576.jpg 1024w, https:\/\/photos-et-compagnie.fr\/blog\/wp-content\/uploads\/2024\/08\/p1026701-768x432.jpg 768w, https:\/\/photos-et-compagnie.fr\/blog\/wp-content\/uploads\/2024\/08\/p1026701-1536x864.jpg 1536w, https:\/\/photos-et-compagnie.fr\/blog\/wp-content\/uploads\/2024\/08\/p1026701-400x225.jpg 400w, https:\/\/photos-et-compagnie.fr\/blog\/wp-content\/uploads\/2024\/08\/p1026701-840x473.jpg 840w\" sizes=\"(max-width: 2000px) 100vw, 2000px\" \/><\/a><p id=\"caption-attachment-2590\" class=\"wp-caption-text\">Vue du col Pigader<\/p><\/div>\n<p>Apr\u00e8s une courte pause au col, nous redescendons dans le vallon situ\u00e9 \u00e0 l\u2019ouest. Depuis le d\u00e9but de la journ\u00e9e la marche est sans difficult\u00e9 (enfin quand on reste sur les chemins <img decoding=\"async\" loading=\"lazy\" class=\"smilies\" title=\"Tr\u00c3\u00a8s heureux\" src=\"https:\/\/forum.apran.fr\/images\/smilies\/icon_e_biggrin.gif\" alt=\":D\" width=\"15\" height=\"17\" \/>) mais les paysages sont moins d\u2019\u00eatre exceptionnels. Sur cette matin\u00e9e, Seul le lac de Cloto de Baish sort du lot, il est tr\u00e8s mignon avec sa petite \u00eele.<\/p>\n<div id=\"attachment_2591\" style=\"width: 2010px\" class=\"wp-caption aligncenter\"><a href=\"https:\/\/photos-et-compagnie.fr\/blog\/wp-content\/uploads\/2024\/08\/p1026703_stitch.jpg\"><img aria-describedby=\"caption-attachment-2591\" decoding=\"async\" loading=\"lazy\" class=\"size-full wp-image-2591\" src=\"https:\/\/photos-et-compagnie.fr\/blog\/wp-content\/uploads\/2024\/08\/p1026703_stitch.jpg\" alt=\"\" width=\"2000\" height=\"959\" srcset=\"https:\/\/photos-et-compagnie.fr\/blog\/wp-content\/uploads\/2024\/08\/p1026703_stitch.jpg 2000w, https:\/\/photos-et-compagnie.fr\/blog\/wp-content\/uploads\/2024\/08\/p1026703_stitch-300x144.jpg 300w, https:\/\/photos-et-compagnie.fr\/blog\/wp-content\/uploads\/2024\/08\/p1026703_stitch-1024x491.jpg 1024w, https:\/\/photos-et-compagnie.fr\/blog\/wp-content\/uploads\/2024\/08\/p1026703_stitch-768x368.jpg 768w, https:\/\/photos-et-compagnie.fr\/blog\/wp-content\/uploads\/2024\/08\/p1026703_stitch-1536x737.jpg 1536w, https:\/\/photos-et-compagnie.fr\/blog\/wp-content\/uploads\/2024\/08\/p1026703_stitch-400x192.jpg 400w, https:\/\/photos-et-compagnie.fr\/blog\/wp-content\/uploads\/2024\/08\/p1026703_stitch-840x403.jpg 840w\" sizes=\"(max-width: 2000px) 100vw, 2000px\" \/><\/a><p id=\"caption-attachment-2591\" class=\"wp-caption-text\">Lac de Cloto de Baish<\/p><\/div>\n<p>Peu apr\u00e8s ce lac nous atteignons l\u2019Estany major de Colomers, immense lac artificiel bord\u00e9 d\u2019un barrage bien moche sur lequel le sentier passe pour rejoindre la rive oppos\u00e9e.<\/p>\n<div id=\"attachment_2592\" style=\"width: 2010px\" class=\"wp-caption aligncenter\"><a href=\"https:\/\/photos-et-compagnie.fr\/blog\/wp-content\/uploads\/2024\/08\/20240802_100902.jpg\"><img aria-describedby=\"caption-attachment-2592\" decoding=\"async\" loading=\"lazy\" class=\"size-full wp-image-2592\" src=\"https:\/\/photos-et-compagnie.fr\/blog\/wp-content\/uploads\/2024\/08\/20240802_100902.jpg\" alt=\"\" width=\"2000\" height=\"1500\" srcset=\"https:\/\/photos-et-compagnie.fr\/blog\/wp-content\/uploads\/2024\/08\/20240802_100902.jpg 2000w, https:\/\/photos-et-compagnie.fr\/blog\/wp-content\/uploads\/2024\/08\/20240802_100902-300x225.jpg 300w, https:\/\/photos-et-compagnie.fr\/blog\/wp-content\/uploads\/2024\/08\/20240802_100902-1024x768.jpg 1024w, https:\/\/photos-et-compagnie.fr\/blog\/wp-content\/uploads\/2024\/08\/20240802_100902-768x576.jpg 768w, https:\/\/photos-et-compagnie.fr\/blog\/wp-content\/uploads\/2024\/08\/20240802_100902-1536x1152.jpg 1536w, https:\/\/photos-et-compagnie.fr\/blog\/wp-content\/uploads\/2024\/08\/20240802_100902-400x300.jpg 400w, https:\/\/photos-et-compagnie.fr\/blog\/wp-content\/uploads\/2024\/08\/20240802_100902-840x630.jpg 840w\" sizes=\"(max-width: 2000px) 100vw, 2000px\" \/><\/a><p id=\"caption-attachment-2592\" class=\"wp-caption-text\">Barrage du lac de Colomers<\/p><\/div>\n<p>Nous apercevons de loin le refuge de Colomers et continuons le chemin sans faire le d\u00e9tour.<\/p>\n<div id=\"attachment_2593\" style=\"width: 2010px\" class=\"wp-caption aligncenter\"><a href=\"https:\/\/photos-et-compagnie.fr\/blog\/wp-content\/uploads\/2024\/08\/img_4865.jpg\"><img aria-describedby=\"caption-attachment-2593\" decoding=\"async\" loading=\"lazy\" class=\"size-full wp-image-2593\" src=\"https:\/\/photos-et-compagnie.fr\/blog\/wp-content\/uploads\/2024\/08\/img_4865.jpg\" alt=\"\" width=\"2000\" height=\"1500\" srcset=\"https:\/\/photos-et-compagnie.fr\/blog\/wp-content\/uploads\/2024\/08\/img_4865.jpg 2000w, https:\/\/photos-et-compagnie.fr\/blog\/wp-content\/uploads\/2024\/08\/img_4865-300x225.jpg 300w, https:\/\/photos-et-compagnie.fr\/blog\/wp-content\/uploads\/2024\/08\/img_4865-1024x768.jpg 1024w, https:\/\/photos-et-compagnie.fr\/blog\/wp-content\/uploads\/2024\/08\/img_4865-768x576.jpg 768w, https:\/\/photos-et-compagnie.fr\/blog\/wp-content\/uploads\/2024\/08\/img_4865-1536x1152.jpg 1536w, https:\/\/photos-et-compagnie.fr\/blog\/wp-content\/uploads\/2024\/08\/img_4865-400x300.jpg 400w, https:\/\/photos-et-compagnie.fr\/blog\/wp-content\/uploads\/2024\/08\/img_4865-840x630.jpg 840w\" sizes=\"(max-width: 2000px) 100vw, 2000px\" \/><\/a><p id=\"caption-attachment-2593\" class=\"wp-caption-text\">Refuge de Colomers<\/p><\/div>\n<p>Il est seulement 10h30 mais nous marchons depuis plus de 4h et la fatigue commence \u00e0 se faire sentir, nous faisons donc une pause pique-nique \u00e0 l\u2019ombre au bord de la rivi\u00e8re, le temps de regagner quelques forces pour attaquer les 400 m\u00e8tres qui nous s\u00e9parent du port de Caldes, second col de la journ\u00e9e.<\/p>\n<div id=\"attachment_2594\" style=\"width: 2010px\" class=\"wp-caption aligncenter\"><a href=\"https:\/\/photos-et-compagnie.fr\/blog\/wp-content\/uploads\/2024\/08\/p1026712.jpg\"><img aria-describedby=\"caption-attachment-2594\" decoding=\"async\" loading=\"lazy\" class=\"size-full wp-image-2594\" src=\"https:\/\/photos-et-compagnie.fr\/blog\/wp-content\/uploads\/2024\/08\/p1026712.jpg\" alt=\"\" width=\"2000\" height=\"1334\" srcset=\"https:\/\/photos-et-compagnie.fr\/blog\/wp-content\/uploads\/2024\/08\/p1026712.jpg 2000w, https:\/\/photos-et-compagnie.fr\/blog\/wp-content\/uploads\/2024\/08\/p1026712-300x200.jpg 300w, https:\/\/photos-et-compagnie.fr\/blog\/wp-content\/uploads\/2024\/08\/p1026712-1024x683.jpg 1024w, https:\/\/photos-et-compagnie.fr\/blog\/wp-content\/uploads\/2024\/08\/p1026712-768x512.jpg 768w, https:\/\/photos-et-compagnie.fr\/blog\/wp-content\/uploads\/2024\/08\/p1026712-1536x1025.jpg 1536w, https:\/\/photos-et-compagnie.fr\/blog\/wp-content\/uploads\/2024\/08\/p1026712-400x267.jpg 400w, https:\/\/photos-et-compagnie.fr\/blog\/wp-content\/uploads\/2024\/08\/p1026712-840x560.jpg 840w\" sizes=\"(max-width: 2000px) 100vw, 2000px\" \/><\/a><p id=\"caption-attachment-2594\" class=\"wp-caption-text\">Vers le port de Caldes<\/p><\/div>\n<div id=\"attachment_2595\" style=\"width: 2010px\" class=\"wp-caption aligncenter\"><a href=\"https:\/\/photos-et-compagnie.fr\/blog\/wp-content\/uploads\/2024\/08\/p1026714.jpg\"><img aria-describedby=\"caption-attachment-2595\" decoding=\"async\" loading=\"lazy\" class=\"size-full wp-image-2595\" src=\"https:\/\/photos-et-compagnie.fr\/blog\/wp-content\/uploads\/2024\/08\/p1026714.jpg\" alt=\"\" width=\"2000\" height=\"1334\" srcset=\"https:\/\/photos-et-compagnie.fr\/blog\/wp-content\/uploads\/2024\/08\/p1026714.jpg 2000w, https:\/\/photos-et-compagnie.fr\/blog\/wp-content\/uploads\/2024\/08\/p1026714-300x200.jpg 300w, https:\/\/photos-et-compagnie.fr\/blog\/wp-content\/uploads\/2024\/08\/p1026714-1024x683.jpg 1024w, https:\/\/photos-et-compagnie.fr\/blog\/wp-content\/uploads\/2024\/08\/p1026714-768x512.jpg 768w, https:\/\/photos-et-compagnie.fr\/blog\/wp-content\/uploads\/2024\/08\/p1026714-1536x1025.jpg 1536w, https:\/\/photos-et-compagnie.fr\/blog\/wp-content\/uploads\/2024\/08\/p1026714-400x267.jpg 400w, https:\/\/photos-et-compagnie.fr\/blog\/wp-content\/uploads\/2024\/08\/p1026714-840x560.jpg 840w\" sizes=\"(max-width: 2000px) 100vw, 2000px\" \/><\/a><p id=\"caption-attachment-2595\" class=\"wp-caption-text\">Vers le port de Caldes (lac deth Cap de Rencules)<\/p><\/div>\n<p>Autant jusqu\u2019ici les paysages avaient \u00e9t\u00e9 relativement quelconques, autant la descente du port de Caldes offre un environnement min\u00e9ral parsem\u00e9 de lacs bleus profond\u2026 c\u2019est magnifique !<\/p>\n<div id=\"attachment_2596\" style=\"width: 2010px\" class=\"wp-caption aligncenter\"><a href=\"https:\/\/photos-et-compagnie.fr\/blog\/wp-content\/uploads\/2024\/08\/p1026716.jpg\"><img aria-describedby=\"caption-attachment-2596\" decoding=\"async\" loading=\"lazy\" class=\"size-full wp-image-2596\" src=\"https:\/\/photos-et-compagnie.fr\/blog\/wp-content\/uploads\/2024\/08\/p1026716.jpg\" alt=\"\" width=\"2000\" height=\"1000\" srcset=\"https:\/\/photos-et-compagnie.fr\/blog\/wp-content\/uploads\/2024\/08\/p1026716.jpg 2000w, https:\/\/photos-et-compagnie.fr\/blog\/wp-content\/uploads\/2024\/08\/p1026716-300x150.jpg 300w, https:\/\/photos-et-compagnie.fr\/blog\/wp-content\/uploads\/2024\/08\/p1026716-1024x512.jpg 1024w, https:\/\/photos-et-compagnie.fr\/blog\/wp-content\/uploads\/2024\/08\/p1026716-768x384.jpg 768w, https:\/\/photos-et-compagnie.fr\/blog\/wp-content\/uploads\/2024\/08\/p1026716-1536x768.jpg 1536w, https:\/\/photos-et-compagnie.fr\/blog\/wp-content\/uploads\/2024\/08\/p1026716-400x200.jpg 400w, https:\/\/photos-et-compagnie.fr\/blog\/wp-content\/uploads\/2024\/08\/p1026716-840x420.jpg 840w\" sizes=\"(max-width: 2000px) 100vw, 2000px\" \/><\/a><p id=\"caption-attachment-2596\" class=\"wp-caption-text\">Sous le port de Caldes (Estany del Port de Caldes, Estany de Mangades et Estany de les Monges) &#8211; 1\/2<\/p><\/div>\n<div id=\"attachment_2597\" style=\"width: 2010px\" class=\"wp-caption aligncenter\"><a href=\"https:\/\/photos-et-compagnie.fr\/blog\/wp-content\/uploads\/2024\/08\/p1026717.jpg\"><img aria-describedby=\"caption-attachment-2597\" decoding=\"async\" loading=\"lazy\" class=\"size-full wp-image-2597\" src=\"https:\/\/photos-et-compagnie.fr\/blog\/wp-content\/uploads\/2024\/08\/p1026717.jpg\" alt=\"\" width=\"2000\" height=\"1334\" srcset=\"https:\/\/photos-et-compagnie.fr\/blog\/wp-content\/uploads\/2024\/08\/p1026717.jpg 2000w, https:\/\/photos-et-compagnie.fr\/blog\/wp-content\/uploads\/2024\/08\/p1026717-300x200.jpg 300w, https:\/\/photos-et-compagnie.fr\/blog\/wp-content\/uploads\/2024\/08\/p1026717-1024x683.jpg 1024w, https:\/\/photos-et-compagnie.fr\/blog\/wp-content\/uploads\/2024\/08\/p1026717-768x512.jpg 768w, https:\/\/photos-et-compagnie.fr\/blog\/wp-content\/uploads\/2024\/08\/p1026717-1536x1025.jpg 1536w, https:\/\/photos-et-compagnie.fr\/blog\/wp-content\/uploads\/2024\/08\/p1026717-400x267.jpg 400w, https:\/\/photos-et-compagnie.fr\/blog\/wp-content\/uploads\/2024\/08\/p1026717-840x560.jpg 840w\" sizes=\"(max-width: 2000px) 100vw, 2000px\" \/><\/a><p id=\"caption-attachment-2597\" class=\"wp-caption-text\">Sous le port de Caldes (Estany del Port de Caldes, Estany de Mangades et Estany de les Monges) &#8211; 2\/2<\/p><\/div>\n<p>Un dernier raidillon sera n\u00e9cessaire pour atteindre l\u2019ultime col de la journ\u00e9e (col sans nom) avant d\u2019entamer les 500 m\u00e8tres de descente vers le refuge de la Restanca.<\/p>\n<div id=\"attachment_2598\" style=\"width: 2010px\" class=\"wp-caption aligncenter\"><a href=\"https:\/\/photos-et-compagnie.fr\/blog\/wp-content\/uploads\/2024\/08\/20240802_133709.jpg\"><img aria-describedby=\"caption-attachment-2598\" decoding=\"async\" loading=\"lazy\" class=\"size-full wp-image-2598\" src=\"https:\/\/photos-et-compagnie.fr\/blog\/wp-content\/uploads\/2024\/08\/20240802_133709.jpg\" alt=\"\" width=\"2000\" height=\"1500\" srcset=\"https:\/\/photos-et-compagnie.fr\/blog\/wp-content\/uploads\/2024\/08\/20240802_133709.jpg 2000w, https:\/\/photos-et-compagnie.fr\/blog\/wp-content\/uploads\/2024\/08\/20240802_133709-300x225.jpg 300w, https:\/\/photos-et-compagnie.fr\/blog\/wp-content\/uploads\/2024\/08\/20240802_133709-1024x768.jpg 1024w, https:\/\/photos-et-compagnie.fr\/blog\/wp-content\/uploads\/2024\/08\/20240802_133709-768x576.jpg 768w, https:\/\/photos-et-compagnie.fr\/blog\/wp-content\/uploads\/2024\/08\/20240802_133709-1536x1152.jpg 1536w, https:\/\/photos-et-compagnie.fr\/blog\/wp-content\/uploads\/2024\/08\/20240802_133709-400x300.jpg 400w, https:\/\/photos-et-compagnie.fr\/blog\/wp-content\/uploads\/2024\/08\/20240802_133709-840x630.jpg 840w\" sizes=\"(max-width: 2000px) 100vw, 2000px\" \/><\/a><p id=\"caption-attachment-2598\" class=\"wp-caption-text\">Vers le col sans nom<\/p><\/div>\n<p>La descente prendra plus d\u2019une heure (avec une erreur d\u2019orientation sur la fin qui nous obligera \u00e0 remonter une trentaine de m\u00e8tres de d\u00e9nivel\u00e9), elle sera peu agr\u00e9able (pas mal de blocs) mais elle offrira encore de beau lacs et de belles lumi\u00e8res gr\u00e2ce aux nuages qui ont commenc\u00e9 \u00e0 s\u2019amonceler.<\/p>\n<div id=\"attachment_2602\" style=\"width: 2010px\" class=\"wp-caption aligncenter\"><a href=\"https:\/\/photos-et-compagnie.fr\/blog\/wp-content\/uploads\/2024\/08\/p1026729.jpg\"><img aria-describedby=\"caption-attachment-2602\" decoding=\"async\" loading=\"lazy\" class=\"size-full wp-image-2602\" src=\"https:\/\/photos-et-compagnie.fr\/blog\/wp-content\/uploads\/2024\/08\/p1026729.jpg\" alt=\"\" width=\"2000\" height=\"1334\" srcset=\"https:\/\/photos-et-compagnie.fr\/blog\/wp-content\/uploads\/2024\/08\/p1026729.jpg 2000w, https:\/\/photos-et-compagnie.fr\/blog\/wp-content\/uploads\/2024\/08\/p1026729-300x200.jpg 300w, https:\/\/photos-et-compagnie.fr\/blog\/wp-content\/uploads\/2024\/08\/p1026729-1024x683.jpg 1024w, https:\/\/photos-et-compagnie.fr\/blog\/wp-content\/uploads\/2024\/08\/p1026729-768x512.jpg 768w, https:\/\/photos-et-compagnie.fr\/blog\/wp-content\/uploads\/2024\/08\/p1026729-1536x1025.jpg 1536w, https:\/\/photos-et-compagnie.fr\/blog\/wp-content\/uploads\/2024\/08\/p1026729-400x267.jpg 400w, https:\/\/photos-et-compagnie.fr\/blog\/wp-content\/uploads\/2024\/08\/p1026729-840x560.jpg 840w\" sizes=\"(max-width: 2000px) 100vw, 2000px\" \/><\/a><p id=\"caption-attachment-2602\" class=\"wp-caption-text\">Lac deth Cap deth Port<\/p><\/div>\n<div id=\"attachment_2599\" style=\"width: 2010px\" class=\"wp-caption aligncenter\"><a href=\"https:\/\/photos-et-compagnie.fr\/blog\/wp-content\/uploads\/2024\/08\/p1026732.jpg\"><img aria-describedby=\"caption-attachment-2599\" decoding=\"async\" loading=\"lazy\" class=\"size-full wp-image-2599\" src=\"https:\/\/photos-et-compagnie.fr\/blog\/wp-content\/uploads\/2024\/08\/p1026732.jpg\" alt=\"\" width=\"2000\" height=\"1334\" srcset=\"https:\/\/photos-et-compagnie.fr\/blog\/wp-content\/uploads\/2024\/08\/p1026732.jpg 2000w, https:\/\/photos-et-compagnie.fr\/blog\/wp-content\/uploads\/2024\/08\/p1026732-300x200.jpg 300w, https:\/\/photos-et-compagnie.fr\/blog\/wp-content\/uploads\/2024\/08\/p1026732-1024x683.jpg 1024w, https:\/\/photos-et-compagnie.fr\/blog\/wp-content\/uploads\/2024\/08\/p1026732-768x512.jpg 768w, https:\/\/photos-et-compagnie.fr\/blog\/wp-content\/uploads\/2024\/08\/p1026732-1536x1025.jpg 1536w, https:\/\/photos-et-compagnie.fr\/blog\/wp-content\/uploads\/2024\/08\/p1026732-400x267.jpg 400w, https:\/\/photos-et-compagnie.fr\/blog\/wp-content\/uploads\/2024\/08\/p1026732-840x560.jpg 840w\" sizes=\"(max-width: 2000px) 100vw, 2000px\" \/><\/a><p id=\"caption-attachment-2599\" class=\"wp-caption-text\">Vers le Refuge de la Restanca (1\/2)<\/p><\/div>\n<div id=\"attachment_2600\" style=\"width: 2010px\" class=\"wp-caption aligncenter\"><a href=\"https:\/\/photos-et-compagnie.fr\/blog\/wp-content\/uploads\/2024\/08\/p1026733.jpg\"><img aria-describedby=\"caption-attachment-2600\" decoding=\"async\" loading=\"lazy\" class=\"size-full wp-image-2600\" src=\"https:\/\/photos-et-compagnie.fr\/blog\/wp-content\/uploads\/2024\/08\/p1026733.jpg\" alt=\"\" width=\"2000\" height=\"1000\" srcset=\"https:\/\/photos-et-compagnie.fr\/blog\/wp-content\/uploads\/2024\/08\/p1026733.jpg 2000w, https:\/\/photos-et-compagnie.fr\/blog\/wp-content\/uploads\/2024\/08\/p1026733-300x150.jpg 300w, https:\/\/photos-et-compagnie.fr\/blog\/wp-content\/uploads\/2024\/08\/p1026733-1024x512.jpg 1024w, https:\/\/photos-et-compagnie.fr\/blog\/wp-content\/uploads\/2024\/08\/p1026733-768x384.jpg 768w, https:\/\/photos-et-compagnie.fr\/blog\/wp-content\/uploads\/2024\/08\/p1026733-1536x768.jpg 1536w, https:\/\/photos-et-compagnie.fr\/blog\/wp-content\/uploads\/2024\/08\/p1026733-400x200.jpg 400w, https:\/\/photos-et-compagnie.fr\/blog\/wp-content\/uploads\/2024\/08\/p1026733-840x420.jpg 840w\" sizes=\"(max-width: 2000px) 100vw, 2000px\" \/><\/a><p id=\"caption-attachment-2600\" class=\"wp-caption-text\">Vers le Refuge de la Restanca (2\/2)<\/p><\/div>\n<p>Nous arriverons au refuge vers 14h en \u00e9tant rest\u00e9s au sec. Vers 15h le refuge se retrouve bri\u00e8vement au milieu des nuages, et \u00e0 partir de 16h il se met \u00e0 pleuvoir des trombes \u2026. Nous sommes bien contents d\u2019\u00eatre \u00e0 l\u2019int\u00e9rieur !<\/p>\n<p>Nous profitons de l\u2019apr\u00e8s-midi pour planifier l\u2019itin\u00e9raire pour la semaine \u00e0 venir et nos besoins en ravitaillement pour le lendemain, prendre une douche et faire un peu de lessive (que vues les conditions m\u00e9t\u00e9o nous pr\u00e9voyons de faire s\u00e9cher sur nos sacs demain <img decoding=\"async\" loading=\"lazy\" class=\"smilies\" title=\"Tr\u00c3\u00a8s heureux\" src=\"https:\/\/forum.apran.fr\/images\/smilies\/icon_e_biggrin.gif\" alt=\":D\" width=\"15\" height=\"17\" \/>). Au d\u00eener, nous nous retrouvons \u00e0 une table compos\u00e9e exclusivement de HRPistes (dont S\u00e9verin et Elise, un couple venu de Suisse avec qui nous sympathisons). La discussion est tr\u00e8s agr\u00e9able, nous \u00e9changeons longuement sur nos exp\u00e9riences de randonn\u00e9e au long cours. Nous r\u00e9cup\u00e9rons aussi quelques informations pr\u00e9cieuses de la part de ceux qui font le sentier dans le sens inverse du n\u00f4tre, et en particulier un conseil de spot de bivouac pour le lendemain soir.<\/p>\n","protected":false},"excerpt":{"rendered":"<p>Vendredi 2 ao\u00fbt \ufeff\ufeff Comme pr\u00e9vu, nous nous levons un peu apr\u00e8s 5h pour un d\u00e9part aux alentours de 6h, des risques d\u2019orages \u00e9tant annonc\u00e9s \u00e0 partir de midi, mais surtout avec forte probabilit\u00e9 \u00e0 partir de 15h. Lorsque nous nous mettons en route, le jour n\u2019est pas encore lev\u00e9, un mince croissant de lune ocre nous salue. Nous quittons notre cabane et repartons en direction du port de la Bonaigua, pour prendre le chemin qui descend dans la for\u00eat depuis l\u2019arriv\u00e9e du t\u00e9l\u00e9si\u00e8ge. Nous surplombons une mer de nuages du plus bel effet. Le chemin descend tranquillement dans la for\u00eat. Nous arrivons rapidement au niveau des nuages, mais ils sont peu nombreux \u00e0 cet endroit, et nous ressentirons \u00e0 peine la baisse de visibilit\u00e9 et l\u2019humidit\u00e9. Arriv\u00e9 au fond de la vall\u00e9e, le chemin rejoint une large piste et un panneau d\u2019information marquant l\u2019entr\u00e9e dans le parc national d\u2019Aigues..<\/p>\n","protected":false},"author":1,"featured_media":0,"comment_status":"open","ping_status":"open","sticky":false,"template":"","format":"standard","meta":[],"categories":[11],"tags":[],"_links":{"self":[{"href":"https:\/\/photos-et-compagnie.fr\/blog\/wp-json\/wp\/v2\/posts\/2250"}],"collection":[{"href":"https:\/\/photos-et-compagnie.fr\/blog\/wp-json\/wp\/v2\/posts"}],"about":[{"href":"https:\/\/photos-et-compagnie.fr\/blog\/wp-json\/wp\/v2\/types\/post"}],"author":[{"embeddable":true,"href":"https:\/\/photos-et-compagnie.fr\/blog\/wp-json\/wp\/v2\/users\/1"}],"replies":[{"embeddable":true,"href":"https:\/\/photos-et-compagnie.fr\/blog\/wp-json\/wp\/v2\/comments?post=2250"}],"version-history":[{"count":9,"href":"https:\/\/photos-et-compagnie.fr\/blog\/wp-json\/wp\/v2\/posts\/2250\/revisions"}],"predecessor-version":[{"id":2607,"href":"https:\/\/photos-et-compagnie.fr\/blog\/wp-json\/wp\/v2\/posts\/2250\/revisions\/2607"}],"wp:attachment":[{"href":"https:\/\/photos-et-compagnie.fr\/blog\/wp-json\/wp\/v2\/media?parent=2250"}],"wp:term":[{"taxonomy":"category","embeddable":true,"href":"https:\/\/photos-et-compagnie.fr\/blog\/wp-json\/wp\/v2\/categories?post=2250"},{"taxonomy":"post_tag","embeddable":true,"href":"https:\/\/photos-et-compagnie.fr\/blog\/wp-json\/wp\/v2\/tags?post=2250"}],"curies":[{"name":"wp","href":"https:\/\/api.w.org\/{rel}","templated":true}]}}