{"id":2252,"date":"2024-08-03T11:35:28","date_gmt":"2024-08-03T11:35:28","guid":{"rendered":"https:\/\/photos-et-compagnie.fr\/blog\/?p=2252"},"modified":"2024-09-16T05:30:00","modified_gmt":"2024-09-16T05:30:00","slug":"jour-21-refugi-de-la-restanca-hospital-de-vielha","status":"publish","type":"post","link":"https:\/\/photos-et-compagnie.fr\/blog\/2024\/08\/jour-21-refugi-de-la-restanca-hospital-de-vielha\/","title":{"rendered":"Jour 21 &#8211; Refugi de la Restanca -> Hospital de Vielha"},"content":{"rendered":"<p><span style=\"text-decoration: underline;\"><strong>Samedi 3 ao\u00fbt<\/strong><\/span><\/p>\n<p><iframe style=\"border: 0; width: 100%; height: 540px;\" src=\"https:\/\/www.visugpx.com\/KVU1zGDvA8?iframe&amp;t=6&amp;otm\" scrolling=\"no\" allowfullscreen=\"allowfullscreen\"><span data-mce-type=\"bookmark\" style=\"display: inline-block; width: 0px; overflow: hidden; line-height: 0;\" class=\"mce_SELRES_start\">\ufeff<\/span><span data-mce-type=\"bookmark\" style=\"display: inline-block; width: 0px; overflow: hidden; line-height: 0;\" class=\"mce_SELRES_start\">\ufeff<\/span><\/iframe><\/p>\n<p>Nous prenons le petit d\u00e9jeuner au refuge de la Restanca, il est insipide et sans int\u00e9r\u00eat : pain de mie, beurre et confiture industriels (sous emballage individuel, plus de plastique que de contenu\u2026 le comble pour un refuge !), fromage et jambon industriels sans go\u00fbt. Bref une d\u00e9ception totale ! Objectif de la courte \u00e9tape d\u2019aujourd\u2019hui : rejoindre l\u2019Hospital de Vielha, puis Vielha pour un ravitaillement (c\u2019est notre sixi\u00e8me jour depuis le d\u00e9part de Mounicou, et nos provisions sont quasiment \u00e9puis\u00e9es).<\/p>\n<p>Nous disons au revoir \u00e0 S\u00e9verin et Elise rencontr\u00e9s la veille. En quittant le refuge, nous les laissons repartir vers l\u2019Est et nous prenons la direction du Lac del Mar. Premier bonheur de la journ\u00e9e, nous pouvons observer un chevreuil pendant quelques minutes, \u00e0 quelques dizaines de m\u00e8tres \u00e0 peine de notre point de d\u00e9part. Le refuge est encore dans les nuages, mais il nous suffit de nous \u00e9lever un peu pour passer au-dessus et b\u00e9n\u00e9ficier d\u2019une jolie vue.<\/p>\n<div id=\"attachment_2608\" style=\"width: 2010px\" class=\"wp-caption aligncenter\"><a href=\"https:\/\/photos-et-compagnie.fr\/blog\/wp-content\/uploads\/2024\/08\/p1026735.jpg\"><img aria-describedby=\"caption-attachment-2608\" decoding=\"async\" loading=\"lazy\" class=\"size-full wp-image-2608\" src=\"https:\/\/photos-et-compagnie.fr\/blog\/wp-content\/uploads\/2024\/08\/p1026735.jpg\" alt=\"\" width=\"2000\" height=\"1334\" srcset=\"https:\/\/photos-et-compagnie.fr\/blog\/wp-content\/uploads\/2024\/08\/p1026735.jpg 2000w, https:\/\/photos-et-compagnie.fr\/blog\/wp-content\/uploads\/2024\/08\/p1026735-300x200.jpg 300w, https:\/\/photos-et-compagnie.fr\/blog\/wp-content\/uploads\/2024\/08\/p1026735-1024x683.jpg 1024w, https:\/\/photos-et-compagnie.fr\/blog\/wp-content\/uploads\/2024\/08\/p1026735-768x512.jpg 768w, https:\/\/photos-et-compagnie.fr\/blog\/wp-content\/uploads\/2024\/08\/p1026735-1536x1025.jpg 1536w, https:\/\/photos-et-compagnie.fr\/blog\/wp-content\/uploads\/2024\/08\/p1026735-400x267.jpg 400w, https:\/\/photos-et-compagnie.fr\/blog\/wp-content\/uploads\/2024\/08\/p1026735-840x560.jpg 840w\" sizes=\"(max-width: 2000px) 100vw, 2000px\" \/><\/a><p id=\"caption-attachment-2608\" class=\"wp-caption-text\">Le refuge \u00e9merge des nuages<\/p><\/div>\n<p>Au niveau d\u2019un replat, nous tombons sur un gros troupeau de moutons, qui \u00e9videmment est au milieu du chemin. Les animaux nous observent mais n\u2019ont pas l\u2019air plus inquiets que \u00e7a. Les moutons s\u2019\u00e9cartent \u00e0 peine de quelques m\u00e8tres sur notre passage, pas de mouvement de foule ou de panique, tout se passe bien. Nous passons tr\u00e8s doucement, \u00e0 la recherche de signes de la pr\u00e9sence de patous, mais avec soulagement nous constatons qu\u2019il n\u2019y en a pas.<\/p>\n<div id=\"attachment_2609\" style=\"width: 2010px\" class=\"wp-caption aligncenter\"><a href=\"https:\/\/photos-et-compagnie.fr\/blog\/wp-content\/uploads\/2024\/08\/p1026737.jpg\"><img aria-describedby=\"caption-attachment-2609\" decoding=\"async\" loading=\"lazy\" class=\"size-full wp-image-2609\" src=\"https:\/\/photos-et-compagnie.fr\/blog\/wp-content\/uploads\/2024\/08\/p1026737.jpg\" alt=\"\" width=\"2000\" height=\"1333\" srcset=\"https:\/\/photos-et-compagnie.fr\/blog\/wp-content\/uploads\/2024\/08\/p1026737.jpg 2000w, https:\/\/photos-et-compagnie.fr\/blog\/wp-content\/uploads\/2024\/08\/p1026737-300x200.jpg 300w, https:\/\/photos-et-compagnie.fr\/blog\/wp-content\/uploads\/2024\/08\/p1026737-1024x682.jpg 1024w, https:\/\/photos-et-compagnie.fr\/blog\/wp-content\/uploads\/2024\/08\/p1026737-768x512.jpg 768w, https:\/\/photos-et-compagnie.fr\/blog\/wp-content\/uploads\/2024\/08\/p1026737-1536x1024.jpg 1536w, https:\/\/photos-et-compagnie.fr\/blog\/wp-content\/uploads\/2024\/08\/p1026737-400x267.jpg 400w, https:\/\/photos-et-compagnie.fr\/blog\/wp-content\/uploads\/2024\/08\/p1026737-840x560.jpg 840w\" sizes=\"(max-width: 2000px) 100vw, 2000px\" \/><\/a><p id=\"caption-attachment-2609\" class=\"wp-caption-text\">Troupeau de moutons<\/p><\/div>\n<div id=\"attachment_2610\" style=\"width: 2010px\" class=\"wp-caption aligncenter\"><a href=\"https:\/\/photos-et-compagnie.fr\/blog\/wp-content\/uploads\/2024\/08\/p1026738.jpg\"><img aria-describedby=\"caption-attachment-2610\" decoding=\"async\" loading=\"lazy\" class=\"size-full wp-image-2610\" src=\"https:\/\/photos-et-compagnie.fr\/blog\/wp-content\/uploads\/2024\/08\/p1026738.jpg\" alt=\"\" width=\"2000\" height=\"1334\" srcset=\"https:\/\/photos-et-compagnie.fr\/blog\/wp-content\/uploads\/2024\/08\/p1026738.jpg 2000w, https:\/\/photos-et-compagnie.fr\/blog\/wp-content\/uploads\/2024\/08\/p1026738-300x200.jpg 300w, https:\/\/photos-et-compagnie.fr\/blog\/wp-content\/uploads\/2024\/08\/p1026738-1024x683.jpg 1024w, https:\/\/photos-et-compagnie.fr\/blog\/wp-content\/uploads\/2024\/08\/p1026738-768x512.jpg 768w, https:\/\/photos-et-compagnie.fr\/blog\/wp-content\/uploads\/2024\/08\/p1026738-1536x1025.jpg 1536w, https:\/\/photos-et-compagnie.fr\/blog\/wp-content\/uploads\/2024\/08\/p1026738-400x267.jpg 400w, https:\/\/photos-et-compagnie.fr\/blog\/wp-content\/uploads\/2024\/08\/p1026738-840x560.jpg 840w\" sizes=\"(max-width: 2000px) 100vw, 2000px\" \/><\/a><p id=\"caption-attachment-2610\" class=\"wp-caption-text\">Vue arri\u00e8re sur la mer de nuages<\/p><\/div>\n<p>Une fois le troupeau de mouton contourn\u00e9, le chemin continue sa mont\u00e9e jusqu\u2019\u00e0 l\u2019extr\u00e9mit\u00e9 Nord du Lac del Mar, un nouveau grand lac entour\u00e9 de montagnes, on ne s\u2019en lasse pas\u00a0! Nous remontons le lac sur toute sa longueur (1,5 km quand m\u00eame \u2026) jusqu\u2019\u00e0 son extr\u00e9mit\u00e9 sud, au prix de nombreuses mont\u00e9es \/ descentes dans les rochers qui le bordent\u2026 la montre de Samuel nous indiquera pr\u00e8s de 100 m\u00e8tre de d\u00e9nivel\u00e9 cumul\u00e9 pour ce parcours \u00ab\u00a0plat\u00a0\u00bb !<\/p>\n<div id=\"attachment_2611\" style=\"width: 2010px\" class=\"wp-caption aligncenter\"><a href=\"https:\/\/photos-et-compagnie.fr\/blog\/wp-content\/uploads\/2024\/08\/img_4872.jpg\"><img aria-describedby=\"caption-attachment-2611\" decoding=\"async\" loading=\"lazy\" class=\"size-full wp-image-2611\" src=\"https:\/\/photos-et-compagnie.fr\/blog\/wp-content\/uploads\/2024\/08\/img_4872.jpg\" alt=\"\" width=\"2000\" height=\"641\" srcset=\"https:\/\/photos-et-compagnie.fr\/blog\/wp-content\/uploads\/2024\/08\/img_4872.jpg 2000w, https:\/\/photos-et-compagnie.fr\/blog\/wp-content\/uploads\/2024\/08\/img_4872-300x96.jpg 300w, https:\/\/photos-et-compagnie.fr\/blog\/wp-content\/uploads\/2024\/08\/img_4872-1024x328.jpg 1024w, https:\/\/photos-et-compagnie.fr\/blog\/wp-content\/uploads\/2024\/08\/img_4872-768x246.jpg 768w, https:\/\/photos-et-compagnie.fr\/blog\/wp-content\/uploads\/2024\/08\/img_4872-1536x492.jpg 1536w, https:\/\/photos-et-compagnie.fr\/blog\/wp-content\/uploads\/2024\/08\/img_4872-400x128.jpg 400w, https:\/\/photos-et-compagnie.fr\/blog\/wp-content\/uploads\/2024\/08\/img_4872-840x269.jpg 840w\" sizes=\"(max-width: 2000px) 100vw, 2000px\" \/><\/a><p id=\"caption-attachment-2611\" class=\"wp-caption-text\">Lac del Mar (1\/3)<\/p><\/div>\n<p>Arriv\u00e9s \u00e0 l\u2019extr\u00e9mit\u00e9 sud, nous nous engageons dans l\u2019ascension de la Collada del lac Del Mar, un col situ\u00e9 250 m\u00e8tres plus haut. Comme de nombreuses fois depuis le d\u00e9but de notre p\u00e9riple, nous avons rep\u00e9r\u00e9 au loin le chemin de mont\u00e9e, tout en nous demandant comment diable il pouvait passer tant il paraissait raide. R\u00e9ponse : les 150 premiers m\u00e8tres \u00e7a passe plut\u00f4t bien, c\u2019est moins raide que \u00e7a n\u2019en avait l\u2019air de loin (c\u2019est toujours le cas ). Quant \u00e0 la partie qui avait l\u2019air compl\u00e8tement verticale de loin, \u00e7a passe aussi mais c\u2019est vraiment tr\u00e8s raide, au point que s\u2019aider des mains s\u2019av\u00e8re utile \u00e0 plusieurs reprises.<\/p>\n<div id=\"attachment_2612\" style=\"width: 1510px\" class=\"wp-caption aligncenter\"><a href=\"https:\/\/photos-et-compagnie.fr\/blog\/wp-content\/uploads\/2024\/08\/20240803_094805.jpg\"><img aria-describedby=\"caption-attachment-2612\" decoding=\"async\" loading=\"lazy\" class=\"size-full wp-image-2612\" src=\"https:\/\/photos-et-compagnie.fr\/blog\/wp-content\/uploads\/2024\/08\/20240803_094805.jpg\" alt=\"\" width=\"1500\" height=\"2000\" srcset=\"https:\/\/photos-et-compagnie.fr\/blog\/wp-content\/uploads\/2024\/08\/20240803_094805.jpg 1500w, https:\/\/photos-et-compagnie.fr\/blog\/wp-content\/uploads\/2024\/08\/20240803_094805-225x300.jpg 225w, https:\/\/photos-et-compagnie.fr\/blog\/wp-content\/uploads\/2024\/08\/20240803_094805-768x1024.jpg 768w, https:\/\/photos-et-compagnie.fr\/blog\/wp-content\/uploads\/2024\/08\/20240803_094805-1152x1536.jpg 1152w, https:\/\/photos-et-compagnie.fr\/blog\/wp-content\/uploads\/2024\/08\/20240803_094805-1024x1365.jpg 1024w, https:\/\/photos-et-compagnie.fr\/blog\/wp-content\/uploads\/2024\/08\/20240803_094805-400x533.jpg 400w, https:\/\/photos-et-compagnie.fr\/blog\/wp-content\/uploads\/2024\/08\/20240803_094805-840x1120.jpg 840w\" sizes=\"(max-width: 1500px) 100vw, 1500px\" \/><\/a><p id=\"caption-attachment-2612\" class=\"wp-caption-text\">Mont\u00e9e vers la collada del Lac del Mar (1\/2)<\/p><\/div>\n<div id=\"attachment_2613\" style=\"width: 1510px\" class=\"wp-caption aligncenter\"><a href=\"https:\/\/photos-et-compagnie.fr\/blog\/wp-content\/uploads\/2024\/08\/img_4873.jpg\"><img aria-describedby=\"caption-attachment-2613\" decoding=\"async\" loading=\"lazy\" class=\"size-full wp-image-2613\" src=\"https:\/\/photos-et-compagnie.fr\/blog\/wp-content\/uploads\/2024\/08\/img_4873.jpg\" alt=\"\" width=\"1500\" height=\"2000\" srcset=\"https:\/\/photos-et-compagnie.fr\/blog\/wp-content\/uploads\/2024\/08\/img_4873.jpg 1500w, https:\/\/photos-et-compagnie.fr\/blog\/wp-content\/uploads\/2024\/08\/img_4873-225x300.jpg 225w, https:\/\/photos-et-compagnie.fr\/blog\/wp-content\/uploads\/2024\/08\/img_4873-768x1024.jpg 768w, https:\/\/photos-et-compagnie.fr\/blog\/wp-content\/uploads\/2024\/08\/img_4873-1152x1536.jpg 1152w, https:\/\/photos-et-compagnie.fr\/blog\/wp-content\/uploads\/2024\/08\/img_4873-1024x1365.jpg 1024w, https:\/\/photos-et-compagnie.fr\/blog\/wp-content\/uploads\/2024\/08\/img_4873-400x533.jpg 400w, https:\/\/photos-et-compagnie.fr\/blog\/wp-content\/uploads\/2024\/08\/img_4873-840x1120.jpg 840w\" sizes=\"(max-width: 1500px) 100vw, 1500px\" \/><\/a><p id=\"caption-attachment-2613\" class=\"wp-caption-text\">Mont\u00e9e vers la collada del Lac del Mar (2\/2)<\/p><\/div>\n<div id=\"attachment_2614\" style=\"width: 2010px\" class=\"wp-caption aligncenter\"><a href=\"https:\/\/photos-et-compagnie.fr\/blog\/wp-content\/uploads\/2024\/08\/p1026743.jpg\"><img aria-describedby=\"caption-attachment-2614\" decoding=\"async\" loading=\"lazy\" class=\"size-full wp-image-2614\" src=\"https:\/\/photos-et-compagnie.fr\/blog\/wp-content\/uploads\/2024\/08\/p1026743.jpg\" alt=\"\" width=\"2000\" height=\"1334\" srcset=\"https:\/\/photos-et-compagnie.fr\/blog\/wp-content\/uploads\/2024\/08\/p1026743.jpg 2000w, https:\/\/photos-et-compagnie.fr\/blog\/wp-content\/uploads\/2024\/08\/p1026743-300x200.jpg 300w, https:\/\/photos-et-compagnie.fr\/blog\/wp-content\/uploads\/2024\/08\/p1026743-1024x683.jpg 1024w, https:\/\/photos-et-compagnie.fr\/blog\/wp-content\/uploads\/2024\/08\/p1026743-768x512.jpg 768w, https:\/\/photos-et-compagnie.fr\/blog\/wp-content\/uploads\/2024\/08\/p1026743-1536x1025.jpg 1536w, https:\/\/photos-et-compagnie.fr\/blog\/wp-content\/uploads\/2024\/08\/p1026743-400x267.jpg 400w, https:\/\/photos-et-compagnie.fr\/blog\/wp-content\/uploads\/2024\/08\/p1026743-840x560.jpg 840w\" sizes=\"(max-width: 2000px) 100vw, 2000px\" \/><\/a><p id=\"caption-attachment-2614\" class=\"wp-caption-text\">Lac del Mar (2\/3)<\/p><\/div>\n<div id=\"attachment_2615\" style=\"width: 2010px\" class=\"wp-caption aligncenter\"><a href=\"https:\/\/photos-et-compagnie.fr\/blog\/wp-content\/uploads\/2024\/08\/p1026745_stitch.jpg\"><img aria-describedby=\"caption-attachment-2615\" decoding=\"async\" loading=\"lazy\" class=\"size-full wp-image-2615\" src=\"https:\/\/photos-et-compagnie.fr\/blog\/wp-content\/uploads\/2024\/08\/p1026745_stitch.jpg\" alt=\"\" width=\"2000\" height=\"740\" srcset=\"https:\/\/photos-et-compagnie.fr\/blog\/wp-content\/uploads\/2024\/08\/p1026745_stitch.jpg 2000w, https:\/\/photos-et-compagnie.fr\/blog\/wp-content\/uploads\/2024\/08\/p1026745_stitch-300x111.jpg 300w, https:\/\/photos-et-compagnie.fr\/blog\/wp-content\/uploads\/2024\/08\/p1026745_stitch-1024x379.jpg 1024w, https:\/\/photos-et-compagnie.fr\/blog\/wp-content\/uploads\/2024\/08\/p1026745_stitch-768x284.jpg 768w, https:\/\/photos-et-compagnie.fr\/blog\/wp-content\/uploads\/2024\/08\/p1026745_stitch-1536x568.jpg 1536w, https:\/\/photos-et-compagnie.fr\/blog\/wp-content\/uploads\/2024\/08\/p1026745_stitch-400x148.jpg 400w, https:\/\/photos-et-compagnie.fr\/blog\/wp-content\/uploads\/2024\/08\/p1026745_stitch-840x311.jpg 840w\" sizes=\"(max-width: 2000px) 100vw, 2000px\" \/><\/a><p id=\"caption-attachment-2615\" class=\"wp-caption-text\">Lac del Mar (3\/3)<\/p><\/div>\n<p>Arriv\u00e9s au col o\u00f9 nous savourons le plaisir d\u2019avoir termin\u00e9 notre derni\u00e8re mont\u00e9e de la journ\u00e9e (\u00e0 partir de l\u00e0, que de la descente), nous sommes rejoints par Guillaume et L\u00e9a qui font la HRP dans le m\u00eame sens que nous, apr\u00e8s \u00eatre partis de Banyuls le 16 juillet. Nous d\u00e9cidons de faire un bout de chemin ensemble. Du col, la descente nous offre de magnifiques vues sur le Lac Tort de Rius et les montagnes enneig\u00e9es en arri\u00e8re-plan (les haut cols ne sont plus loin !). Les dimensions de ce nouveau lac sont similaires au pr\u00e9c\u00e9dent (environ 1km de long) mais il est tr\u00e8s diff\u00e9rent : il n\u2019est pas encaiss\u00e9 et entour\u00e9 de montagnes, mais s\u2019\u00e9tale au milieu de prairies d\u2019altitude parsem\u00e9es de rocher.<\/p>\n<div id=\"attachment_2616\" style=\"width: 2010px\" class=\"wp-caption aligncenter\"><a href=\"https:\/\/photos-et-compagnie.fr\/blog\/wp-content\/uploads\/2024\/08\/p1026750.jpg\"><img aria-describedby=\"caption-attachment-2616\" decoding=\"async\" loading=\"lazy\" class=\"size-full wp-image-2616\" src=\"https:\/\/photos-et-compagnie.fr\/blog\/wp-content\/uploads\/2024\/08\/p1026750.jpg\" alt=\"\" width=\"2000\" height=\"1125\" srcset=\"https:\/\/photos-et-compagnie.fr\/blog\/wp-content\/uploads\/2024\/08\/p1026750.jpg 2000w, https:\/\/photos-et-compagnie.fr\/blog\/wp-content\/uploads\/2024\/08\/p1026750-300x169.jpg 300w, https:\/\/photos-et-compagnie.fr\/blog\/wp-content\/uploads\/2024\/08\/p1026750-1024x576.jpg 1024w, https:\/\/photos-et-compagnie.fr\/blog\/wp-content\/uploads\/2024\/08\/p1026750-768x432.jpg 768w, https:\/\/photos-et-compagnie.fr\/blog\/wp-content\/uploads\/2024\/08\/p1026750-1536x864.jpg 1536w, https:\/\/photos-et-compagnie.fr\/blog\/wp-content\/uploads\/2024\/08\/p1026750-400x225.jpg 400w, https:\/\/photos-et-compagnie.fr\/blog\/wp-content\/uploads\/2024\/08\/p1026750-840x473.jpg 840w\" sizes=\"(max-width: 2000px) 100vw, 2000px\" \/><\/a><p id=\"caption-attachment-2616\" class=\"wp-caption-text\">Lac Tort de Rius<\/p><\/div>\n<div id=\"attachment_2617\" style=\"width: 2010px\" class=\"wp-caption aligncenter\"><a href=\"https:\/\/photos-et-compagnie.fr\/blog\/wp-content\/uploads\/2024\/08\/p1026753.jpg\"><img aria-describedby=\"caption-attachment-2617\" decoding=\"async\" loading=\"lazy\" class=\"size-full wp-image-2617\" src=\"https:\/\/photos-et-compagnie.fr\/blog\/wp-content\/uploads\/2024\/08\/p1026753.jpg\" alt=\"\" width=\"2000\" height=\"1333\" srcset=\"https:\/\/photos-et-compagnie.fr\/blog\/wp-content\/uploads\/2024\/08\/p1026753.jpg 2000w, https:\/\/photos-et-compagnie.fr\/blog\/wp-content\/uploads\/2024\/08\/p1026753-300x200.jpg 300w, https:\/\/photos-et-compagnie.fr\/blog\/wp-content\/uploads\/2024\/08\/p1026753-1024x682.jpg 1024w, https:\/\/photos-et-compagnie.fr\/blog\/wp-content\/uploads\/2024\/08\/p1026753-768x512.jpg 768w, https:\/\/photos-et-compagnie.fr\/blog\/wp-content\/uploads\/2024\/08\/p1026753-1536x1024.jpg 1536w, https:\/\/photos-et-compagnie.fr\/blog\/wp-content\/uploads\/2024\/08\/p1026753-400x267.jpg 400w, https:\/\/photos-et-compagnie.fr\/blog\/wp-content\/uploads\/2024\/08\/p1026753-840x560.jpg 840w\" sizes=\"(max-width: 2000px) 100vw, 2000px\" \/><\/a><p id=\"caption-attachment-2617\" class=\"wp-caption-text\">Rive du lac Tort de Rius, la neige approche !<\/p><\/div>\n<p>Arriv\u00e9s \u00e0 l\u2019extr\u00e9mit\u00e9 du lac nous laissons Guillaume et L\u00e9a qui veulent contourner le dernier lac de la journ\u00e9e (lac de Rius) par la gauche, nous allons le contourner par la droite pour rejoindre le GR11. En longeant la rive nord du lac de Rius nous ne r\u00e9sistons pas \u00e0 une pause pour mettre les pieds dans l\u2019eau (et un peu plus que les pieds en ce qui concerne Samuel <img decoding=\"async\" loading=\"lazy\" class=\"smilies\" title=\"Tr\u00c3\u00a8s heureux\" src=\"https:\/\/forum.apran.fr\/images\/smilies\/icon_e_biggrin.gif\" alt=\":D\" width=\"15\" height=\"17\" \/>).<\/p>\n<div id=\"attachment_2618\" style=\"width: 2010px\" class=\"wp-caption aligncenter\"><a href=\"https:\/\/photos-et-compagnie.fr\/blog\/wp-content\/uploads\/2024\/08\/p1026756.jpg\"><img aria-describedby=\"caption-attachment-2618\" decoding=\"async\" loading=\"lazy\" class=\"size-full wp-image-2618\" src=\"https:\/\/photos-et-compagnie.fr\/blog\/wp-content\/uploads\/2024\/08\/p1026756.jpg\" alt=\"\" width=\"2000\" height=\"1334\" srcset=\"https:\/\/photos-et-compagnie.fr\/blog\/wp-content\/uploads\/2024\/08\/p1026756.jpg 2000w, https:\/\/photos-et-compagnie.fr\/blog\/wp-content\/uploads\/2024\/08\/p1026756-300x200.jpg 300w, https:\/\/photos-et-compagnie.fr\/blog\/wp-content\/uploads\/2024\/08\/p1026756-1024x683.jpg 1024w, https:\/\/photos-et-compagnie.fr\/blog\/wp-content\/uploads\/2024\/08\/p1026756-768x512.jpg 768w, https:\/\/photos-et-compagnie.fr\/blog\/wp-content\/uploads\/2024\/08\/p1026756-1536x1025.jpg 1536w, https:\/\/photos-et-compagnie.fr\/blog\/wp-content\/uploads\/2024\/08\/p1026756-400x267.jpg 400w, https:\/\/photos-et-compagnie.fr\/blog\/wp-content\/uploads\/2024\/08\/p1026756-840x560.jpg 840w\" sizes=\"(max-width: 2000px) 100vw, 2000px\" \/><\/a><p id=\"caption-attachment-2618\" class=\"wp-caption-text\">Embranchement avec le GR11 au Lac de Rius<\/p><\/div>\n<div id=\"attachment_2619\" style=\"width: 2010px\" class=\"wp-caption aligncenter\"><a href=\"https:\/\/photos-et-compagnie.fr\/blog\/wp-content\/uploads\/2024\/08\/img_4876.jpg\"><img aria-describedby=\"caption-attachment-2619\" decoding=\"async\" loading=\"lazy\" class=\"size-full wp-image-2619\" src=\"https:\/\/photos-et-compagnie.fr\/blog\/wp-content\/uploads\/2024\/08\/img_4876.jpg\" alt=\"\" width=\"2000\" height=\"1500\" srcset=\"https:\/\/photos-et-compagnie.fr\/blog\/wp-content\/uploads\/2024\/08\/img_4876.jpg 2000w, https:\/\/photos-et-compagnie.fr\/blog\/wp-content\/uploads\/2024\/08\/img_4876-300x225.jpg 300w, https:\/\/photos-et-compagnie.fr\/blog\/wp-content\/uploads\/2024\/08\/img_4876-1024x768.jpg 1024w, https:\/\/photos-et-compagnie.fr\/blog\/wp-content\/uploads\/2024\/08\/img_4876-768x576.jpg 768w, https:\/\/photos-et-compagnie.fr\/blog\/wp-content\/uploads\/2024\/08\/img_4876-1536x1152.jpg 1536w, https:\/\/photos-et-compagnie.fr\/blog\/wp-content\/uploads\/2024\/08\/img_4876-400x300.jpg 400w, https:\/\/photos-et-compagnie.fr\/blog\/wp-content\/uploads\/2024\/08\/img_4876-840x630.jpg 840w\" sizes=\"(max-width: 2000px) 100vw, 2000px\" \/><\/a><p id=\"caption-attachment-2619\" class=\"wp-caption-text\">Lac de Rius &#8230; j&rsquo;y vais ou j&rsquo;y vais pas ? Spoiler : il y est all\u00e9 !<\/p><\/div>\n<p>Nous poursuivons jusqu\u2019au port de Rius o\u00f9 nous arrivons \u00e0 midi, esp\u00e9rant y rencontrer Martine, avec qui nous avons rendez-vous. Martine est arriv\u00e9e la veille au parking de l\u2019Hospital de Vielha, y a dormi dans son van et nous avait dit qu\u2019elle serait peut-\u00eatre \u00e0 ce col vers midi, et dans tous les cas au parking \u00e0 14h. Ne la trouvant pas au col, nous entamons la descente vers le parking. 600 m\u00e8tres de d\u00e9nivel\u00e9, \u00e7a sera vite fait pensons-nous malgr\u00e9 le panneau indiquant une dur\u00e9e d\u20191h30. Au final nous mettrons les 1h30 indiqu\u00e9es, le chemin n\u2019\u00e9tant jamais roulant : parsem\u00e9 de rochers et de dalles potentiellement glissantes, il n\u00e9cessite une attention permanente \u00e0 l\u00e0 o\u00f9 l\u2019on met les pieds.<\/p>\n<p>Arriv\u00e9s enfin au parking \u00e0 13h30, nous retrouvons Guillaume et L\u00e9a, constatons que la voiture de Martine est bien l\u00e0, mais pas Martine.<\/p>\n<div id=\"attachment_2620\" style=\"width: 2010px\" class=\"wp-caption aligncenter\"><a href=\"https:\/\/photos-et-compagnie.fr\/blog\/wp-content\/uploads\/2024\/08\/img_4877.jpg\"><img aria-describedby=\"caption-attachment-2620\" decoding=\"async\" loading=\"lazy\" class=\"size-full wp-image-2620\" src=\"https:\/\/photos-et-compagnie.fr\/blog\/wp-content\/uploads\/2024\/08\/img_4877.jpg\" alt=\"\" width=\"2000\" height=\"1000\" srcset=\"https:\/\/photos-et-compagnie.fr\/blog\/wp-content\/uploads\/2024\/08\/img_4877.jpg 2000w, https:\/\/photos-et-compagnie.fr\/blog\/wp-content\/uploads\/2024\/08\/img_4877-300x150.jpg 300w, https:\/\/photos-et-compagnie.fr\/blog\/wp-content\/uploads\/2024\/08\/img_4877-1024x512.jpg 1024w, https:\/\/photos-et-compagnie.fr\/blog\/wp-content\/uploads\/2024\/08\/img_4877-768x384.jpg 768w, https:\/\/photos-et-compagnie.fr\/blog\/wp-content\/uploads\/2024\/08\/img_4877-1536x768.jpg 1536w, https:\/\/photos-et-compagnie.fr\/blog\/wp-content\/uploads\/2024\/08\/img_4877-400x200.jpg 400w, https:\/\/photos-et-compagnie.fr\/blog\/wp-content\/uploads\/2024\/08\/img_4877-840x420.jpg 840w\" sizes=\"(max-width: 2000px) 100vw, 2000px\" \/><\/a><p id=\"caption-attachment-2620\" class=\"wp-caption-text\">Hospital de Vielha<\/p><\/div>\n<p>Guillaume et L\u00e9a finissent par trouver une voiture pour les emmener \u00e0 Vielha. Quant \u00e0 nous, nous attendons patiemment l\u2019heure convenue. A 14h pr\u00e9cises (quelle ponctualit\u00e9 !) Martine arrive par le sentier de descente du port de Rius. Il s\u2019av\u00e8re qu\u2019elle y \u00e9tait arriv\u00e9e vers 11h, et avait commenc\u00e9 la descente sans nous attendre, pensant que nous la rattraperions. Nous avons elle comme nous pendant un bref instant perdu le sentier, cela a probablement suffi pour que nous nous rations.<\/p>\n<p>Un quart d\u2019heure plus tard, nous arrivons \u00e0 Vielha.<\/p>\n<div id=\"attachment_2621\" style=\"width: 2010px\" class=\"wp-caption aligncenter\"><a href=\"https:\/\/photos-et-compagnie.fr\/blog\/wp-content\/uploads\/2024\/08\/20240803_143106.jpg\"><img aria-describedby=\"caption-attachment-2621\" decoding=\"async\" loading=\"lazy\" class=\"size-full wp-image-2621\" src=\"https:\/\/photos-et-compagnie.fr\/blog\/wp-content\/uploads\/2024\/08\/20240803_143106.jpg\" alt=\"\" width=\"2000\" height=\"1507\" srcset=\"https:\/\/photos-et-compagnie.fr\/blog\/wp-content\/uploads\/2024\/08\/20240803_143106.jpg 2000w, https:\/\/photos-et-compagnie.fr\/blog\/wp-content\/uploads\/2024\/08\/20240803_143106-300x226.jpg 300w, https:\/\/photos-et-compagnie.fr\/blog\/wp-content\/uploads\/2024\/08\/20240803_143106-1024x772.jpg 1024w, https:\/\/photos-et-compagnie.fr\/blog\/wp-content\/uploads\/2024\/08\/20240803_143106-768x579.jpg 768w, https:\/\/photos-et-compagnie.fr\/blog\/wp-content\/uploads\/2024\/08\/20240803_143106-1536x1157.jpg 1536w, https:\/\/photos-et-compagnie.fr\/blog\/wp-content\/uploads\/2024\/08\/20240803_143106-400x301.jpg 400w, https:\/\/photos-et-compagnie.fr\/blog\/wp-content\/uploads\/2024\/08\/20240803_143106-840x633.jpg 840w\" sizes=\"(max-width: 2000px) 100vw, 2000px\" \/><\/a><p id=\"caption-attachment-2621\" class=\"wp-caption-text\">Bienvenue \u00e0 Vielha !<\/p><\/div>\n<p>14h15 c\u2019est l\u2019heure parfaite pour d\u00e9jeuner en Espagne, nous nous trouvons un restaurant pour un repas roboratif. Ensuite, direction le supermarch\u00e9 o\u00f9 nous faisons les courses pour 6 jours de nourriture. Nous avons pr\u00e9vu 7 \u00e9tapes pour rejoindre Gavarnie, moins un repas du soir, un petit d\u00e9jeuner et un repas de midi que nous pr\u00e9voyons de prendre en refuge.<\/p>\n<p>Remont\u00e9s au parking de l\u2019Hospital de Vielha, nous proc\u00e9dons au d\u00e9conditionnement de nos achats et les chargeons dans les sacs. La bonne nouvelle c\u2019est que tout rentre, la mauvaise c\u2019est qu\u2019ils sont bien lourds, et que les 1500 m\u00e8tres de d\u00e9nivel\u00e9 de demain matin risquent d\u2019\u00eatre rudes ! Nos sacs pleins, il ne nous reste plus qu\u2019\u00e0 remercier chaleureusement Martine et \u00e0 prendre cong\u00e9 pour rejoindre le lieu de bivouac conseill\u00e9 par Elise et S\u00e9verin. Il est \u00e0 un peu plus d\u2019un km du parking, sous un bosquet de h\u00eatres, au bord d\u2019un large torrent qui sera parfait pour la toilette et l\u2019approvisionnement en eau.<\/p>\n<div id=\"attachment_2622\" style=\"width: 2010px\" class=\"wp-caption aligncenter\"><a href=\"https:\/\/photos-et-compagnie.fr\/blog\/wp-content\/uploads\/2024\/08\/p1026758.jpg\"><img aria-describedby=\"caption-attachment-2622\" decoding=\"async\" loading=\"lazy\" class=\"size-full wp-image-2622\" src=\"https:\/\/photos-et-compagnie.fr\/blog\/wp-content\/uploads\/2024\/08\/p1026758.jpg\" alt=\"\" width=\"2000\" height=\"1334\" srcset=\"https:\/\/photos-et-compagnie.fr\/blog\/wp-content\/uploads\/2024\/08\/p1026758.jpg 2000w, https:\/\/photos-et-compagnie.fr\/blog\/wp-content\/uploads\/2024\/08\/p1026758-300x200.jpg 300w, https:\/\/photos-et-compagnie.fr\/blog\/wp-content\/uploads\/2024\/08\/p1026758-1024x683.jpg 1024w, https:\/\/photos-et-compagnie.fr\/blog\/wp-content\/uploads\/2024\/08\/p1026758-768x512.jpg 768w, https:\/\/photos-et-compagnie.fr\/blog\/wp-content\/uploads\/2024\/08\/p1026758-1536x1025.jpg 1536w, https:\/\/photos-et-compagnie.fr\/blog\/wp-content\/uploads\/2024\/08\/p1026758-400x267.jpg 400w, https:\/\/photos-et-compagnie.fr\/blog\/wp-content\/uploads\/2024\/08\/p1026758-840x560.jpg 840w\" sizes=\"(max-width: 2000px) 100vw, 2000px\" \/><\/a><p id=\"caption-attachment-2622\" class=\"wp-caption-text\">Araign\u00e9e au couchant<\/p><\/div>\n<div id=\"attachment_2623\" style=\"width: 2010px\" class=\"wp-caption aligncenter\"><a href=\"https:\/\/photos-et-compagnie.fr\/blog\/wp-content\/uploads\/2024\/08\/img_4878.jpg\"><img aria-describedby=\"caption-attachment-2623\" decoding=\"async\" loading=\"lazy\" class=\"size-full wp-image-2623\" src=\"https:\/\/photos-et-compagnie.fr\/blog\/wp-content\/uploads\/2024\/08\/img_4878.jpg\" alt=\"\" width=\"2000\" height=\"1500\" srcset=\"https:\/\/photos-et-compagnie.fr\/blog\/wp-content\/uploads\/2024\/08\/img_4878.jpg 2000w, https:\/\/photos-et-compagnie.fr\/blog\/wp-content\/uploads\/2024\/08\/img_4878-300x225.jpg 300w, https:\/\/photos-et-compagnie.fr\/blog\/wp-content\/uploads\/2024\/08\/img_4878-1024x768.jpg 1024w, https:\/\/photos-et-compagnie.fr\/blog\/wp-content\/uploads\/2024\/08\/img_4878-768x576.jpg 768w, https:\/\/photos-et-compagnie.fr\/blog\/wp-content\/uploads\/2024\/08\/img_4878-1536x1152.jpg 1536w, https:\/\/photos-et-compagnie.fr\/blog\/wp-content\/uploads\/2024\/08\/img_4878-400x300.jpg 400w, https:\/\/photos-et-compagnie.fr\/blog\/wp-content\/uploads\/2024\/08\/img_4878-840x630.jpg 840w\" sizes=\"(max-width: 2000px) 100vw, 2000px\" \/><\/a><p id=\"caption-attachment-2623\" class=\"wp-caption-text\">Bivouac en sous bois<\/p><\/div>\n<p>Une fois notre d\u00eener aval\u00e9, il ne nous reste plus qu\u2019\u00e0 nous coucher en r\u00eavant aux haut cols \u00e0 venir. Ce sont les points culminants de la HRP, ils nous ont fait r\u00eav\u00e9s pendant toute notre pr\u00e9paration, et nous y sommes : demain matin, \u00e0 nous le col de Molieres !<\/p>\n","protected":false},"excerpt":{"rendered":"<p>Samedi 3 ao\u00fbt \ufeff\ufeff Nous prenons le petit d\u00e9jeuner au refuge de la Restanca, il est insipide et sans int\u00e9r\u00eat : pain de mie, beurre et confiture industriels (sous emballage individuel, plus de plastique que de contenu\u2026 le comble pour un refuge !), fromage et jambon industriels sans go\u00fbt. Bref une d\u00e9ception totale ! Objectif de la courte \u00e9tape d\u2019aujourd\u2019hui : rejoindre l\u2019Hospital de Vielha, puis Vielha pour un ravitaillement (c\u2019est notre sixi\u00e8me jour depuis le d\u00e9part de Mounicou, et nos provisions sont quasiment \u00e9puis\u00e9es). Nous disons au revoir \u00e0 S\u00e9verin et Elise rencontr\u00e9s la veille. En quittant le refuge, nous les laissons repartir vers l\u2019Est et nous prenons la direction du Lac del Mar. Premier bonheur de la journ\u00e9e, nous pouvons observer un chevreuil pendant quelques minutes, \u00e0 quelques dizaines de m\u00e8tres \u00e0 peine de notre point de d\u00e9part. Le refuge est encore dans les nuages, mais il nous..<\/p>\n","protected":false},"author":1,"featured_media":0,"comment_status":"open","ping_status":"open","sticky":false,"template":"","format":"standard","meta":[],"categories":[11],"tags":[],"_links":{"self":[{"href":"https:\/\/photos-et-compagnie.fr\/blog\/wp-json\/wp\/v2\/posts\/2252"}],"collection":[{"href":"https:\/\/photos-et-compagnie.fr\/blog\/wp-json\/wp\/v2\/posts"}],"about":[{"href":"https:\/\/photos-et-compagnie.fr\/blog\/wp-json\/wp\/v2\/types\/post"}],"author":[{"embeddable":true,"href":"https:\/\/photos-et-compagnie.fr\/blog\/wp-json\/wp\/v2\/users\/1"}],"replies":[{"embeddable":true,"href":"https:\/\/photos-et-compagnie.fr\/blog\/wp-json\/wp\/v2\/comments?post=2252"}],"version-history":[{"count":16,"href":"https:\/\/photos-et-compagnie.fr\/blog\/wp-json\/wp\/v2\/posts\/2252\/revisions"}],"predecessor-version":[{"id":2928,"href":"https:\/\/photos-et-compagnie.fr\/blog\/wp-json\/wp\/v2\/posts\/2252\/revisions\/2928"}],"wp:attachment":[{"href":"https:\/\/photos-et-compagnie.fr\/blog\/wp-json\/wp\/v2\/media?parent=2252"}],"wp:term":[{"taxonomy":"category","embeddable":true,"href":"https:\/\/photos-et-compagnie.fr\/blog\/wp-json\/wp\/v2\/categories?post=2252"},{"taxonomy":"post_tag","embeddable":true,"href":"https:\/\/photos-et-compagnie.fr\/blog\/wp-json\/wp\/v2\/tags?post=2252"}],"curies":[{"name":"wp","href":"https:\/\/api.w.org\/{rel}","templated":true}]}}