{"id":2258,"date":"2024-08-06T11:37:53","date_gmt":"2024-08-06T11:37:53","guid":{"rendered":"https:\/\/photos-et-compagnie.fr\/blog\/?p=2258"},"modified":"2024-09-13T18:32:30","modified_gmt":"2024-09-13T18:32:30","slug":"jour-24-refuge-du-portillon-cabane-de-prat-cazeneuve","status":"publish","type":"post","link":"https:\/\/photos-et-compagnie.fr\/blog\/2024\/08\/jour-24-refuge-du-portillon-cabane-de-prat-cazeneuve\/","title":{"rendered":"Jour 24 &#8211; Refuge du Portillon -> Cabane de Prat Cazeneuve"},"content":{"rendered":"<p><span style=\"text-decoration: underline;\"><strong>Mardi 6 ao\u00fbt<\/strong><\/span><\/p>\n<p><iframe style=\"border: 0; width: 100%; height: 540px;\" src=\"https:\/\/www.visugpx.com\/KVU1zGDvA8?iframe&amp;t=9&amp;otm\" scrolling=\"no\" allowfullscreen=\"allowfullscreen\"><span data-mce-type=\"bookmark\" style=\"display: inline-block; width: 0px; overflow: hidden; line-height: 0;\" class=\"mce_SELRES_start\">\ufeff<\/span><span data-mce-type=\"bookmark\" style=\"display: inline-block; width: 0px; overflow: hidden; line-height: 0;\" class=\"mce_SELRES_start\">\ufeff<\/span><span data-mce-type=\"bookmark\" style=\"display: inline-block; width: 0px; overflow: hidden; line-height: 0;\" class=\"mce_SELRES_start\">\ufeff<\/span><\/iframe><\/p>\n<p>Aujourd\u2019hui, troisi\u00e8me et derni\u00e8re journ\u00e9e \u00ab haute montagne \u00bb avec passage par le Tusse de Montarqu\u00e9, le col du pluviom\u00e8tre et le col des Gourgs Blancs avant de redescendre vers des altitudes plus \u00ab raisonnables \u00bb et la cabane de Prat Cazeneuve.<\/p>\n<div id=\"attachment_2701\" style=\"width: 2010px\" class=\"wp-caption aligncenter\"><a href=\"https:\/\/photos-et-compagnie.fr\/blog\/wp-content\/uploads\/2024\/08\/p1026828.jpg\"><img aria-describedby=\"caption-attachment-2701\" decoding=\"async\" loading=\"lazy\" class=\"size-full wp-image-2701\" src=\"https:\/\/photos-et-compagnie.fr\/blog\/wp-content\/uploads\/2024\/08\/p1026828.jpg\" alt=\"\" width=\"2000\" height=\"1334\" srcset=\"https:\/\/photos-et-compagnie.fr\/blog\/wp-content\/uploads\/2024\/08\/p1026828.jpg 2000w, https:\/\/photos-et-compagnie.fr\/blog\/wp-content\/uploads\/2024\/08\/p1026828-300x200.jpg 300w, https:\/\/photos-et-compagnie.fr\/blog\/wp-content\/uploads\/2024\/08\/p1026828-1024x683.jpg 1024w, https:\/\/photos-et-compagnie.fr\/blog\/wp-content\/uploads\/2024\/08\/p1026828-768x512.jpg 768w, https:\/\/photos-et-compagnie.fr\/blog\/wp-content\/uploads\/2024\/08\/p1026828-1536x1025.jpg 1536w, https:\/\/photos-et-compagnie.fr\/blog\/wp-content\/uploads\/2024\/08\/p1026828-400x267.jpg 400w, https:\/\/photos-et-compagnie.fr\/blog\/wp-content\/uploads\/2024\/08\/p1026828-840x560.jpg 840w\" sizes=\"(max-width: 2000px) 100vw, 2000px\" \/><\/a><p id=\"caption-attachment-2701\" class=\"wp-caption-text\">D\u00e9part du Portillon<\/p><\/div>\n<p>Nous quittons le refuge du Portillon pour une petite heure de mont\u00e9e vers le Tusse de Montarqu\u00e9. Malgr\u00e9 les cairns et la trace gps nous arrivons quand m\u00eame \u00e0 nous perdre sur la mont\u00e9e. Mais que serait une journ\u00e9e de HRP sans quelques dizaines de m\u00e8tres de d\u00e9nivel\u00e9 en mode sanglier pour retrouver le chemin <img decoding=\"async\" loading=\"lazy\" class=\"smilies\" title=\"Tr\u00c3\u00a8s heureux\" src=\"https:\/\/forum.apran.fr\/images\/smilies\/icon_e_biggrin.gif\" alt=\":D\" width=\"15\" height=\"17\" \/> ? Peu avant l\u2019arriv\u00e9e au Tusse de Montarqu\u00e9, un coup d\u2019\u0153il plongeant sur la droite d\u00e9voile le Lac Glac\u00e9 en contrebas. Depuis le Tusse, la haute montagne de d\u00e9voile dans toute sa splendeur et son hostilit\u00e9. Pour la premi\u00e8re fois depuis le d\u00e9but de ces \u00e9tapes glaciaires, je me sens presque oppress\u00e9 par l\u2019immensit\u00e9 qui m\u2019entoure.<\/p>\n<div id=\"attachment_2702\" style=\"width: 2010px\" class=\"wp-caption aligncenter\"><a href=\"https:\/\/photos-et-compagnie.fr\/blog\/wp-content\/uploads\/2024\/08\/img_4908.jpg\"><img aria-describedby=\"caption-attachment-2702\" decoding=\"async\" loading=\"lazy\" class=\"size-full wp-image-2702\" src=\"https:\/\/photos-et-compagnie.fr\/blog\/wp-content\/uploads\/2024\/08\/img_4908.jpg\" alt=\"\" width=\"2000\" height=\"638\" srcset=\"https:\/\/photos-et-compagnie.fr\/blog\/wp-content\/uploads\/2024\/08\/img_4908.jpg 2000w, https:\/\/photos-et-compagnie.fr\/blog\/wp-content\/uploads\/2024\/08\/img_4908-300x96.jpg 300w, https:\/\/photos-et-compagnie.fr\/blog\/wp-content\/uploads\/2024\/08\/img_4908-1024x327.jpg 1024w, https:\/\/photos-et-compagnie.fr\/blog\/wp-content\/uploads\/2024\/08\/img_4908-768x245.jpg 768w, https:\/\/photos-et-compagnie.fr\/blog\/wp-content\/uploads\/2024\/08\/img_4908-1536x490.jpg 1536w, https:\/\/photos-et-compagnie.fr\/blog\/wp-content\/uploads\/2024\/08\/img_4908-400x128.jpg 400w, https:\/\/photos-et-compagnie.fr\/blog\/wp-content\/uploads\/2024\/08\/img_4908-840x268.jpg 840w\" sizes=\"(max-width: 2000px) 100vw, 2000px\" \/><\/a><p id=\"caption-attachment-2702\" class=\"wp-caption-text\">Tusse de Montarqu\u00e9 (1\/3)<\/p><\/div>\n<div id=\"attachment_2703\" style=\"width: 2010px\" class=\"wp-caption aligncenter\"><a href=\"https:\/\/photos-et-compagnie.fr\/blog\/wp-content\/uploads\/2024\/08\/p1026830.jpg\"><img aria-describedby=\"caption-attachment-2703\" decoding=\"async\" loading=\"lazy\" class=\"size-full wp-image-2703\" src=\"https:\/\/photos-et-compagnie.fr\/blog\/wp-content\/uploads\/2024\/08\/p1026830.jpg\" alt=\"\" width=\"2000\" height=\"1359\" srcset=\"https:\/\/photos-et-compagnie.fr\/blog\/wp-content\/uploads\/2024\/08\/p1026830.jpg 2000w, https:\/\/photos-et-compagnie.fr\/blog\/wp-content\/uploads\/2024\/08\/p1026830-300x204.jpg 300w, https:\/\/photos-et-compagnie.fr\/blog\/wp-content\/uploads\/2024\/08\/p1026830-1024x696.jpg 1024w, https:\/\/photos-et-compagnie.fr\/blog\/wp-content\/uploads\/2024\/08\/p1026830-768x522.jpg 768w, https:\/\/photos-et-compagnie.fr\/blog\/wp-content\/uploads\/2024\/08\/p1026830-1536x1044.jpg 1536w, https:\/\/photos-et-compagnie.fr\/blog\/wp-content\/uploads\/2024\/08\/p1026830-400x272.jpg 400w, https:\/\/photos-et-compagnie.fr\/blog\/wp-content\/uploads\/2024\/08\/p1026830-840x571.jpg 840w\" sizes=\"(max-width: 2000px) 100vw, 2000px\" \/><\/a><p id=\"caption-attachment-2703\" class=\"wp-caption-text\">Lac glac\u00e9 (1\/2)<\/p><\/div>\n<div id=\"attachment_2704\" style=\"width: 2010px\" class=\"wp-caption aligncenter\"><a href=\"https:\/\/photos-et-compagnie.fr\/blog\/wp-content\/uploads\/2024\/08\/p1026831.jpg\"><img aria-describedby=\"caption-attachment-2704\" decoding=\"async\" loading=\"lazy\" class=\"size-full wp-image-2704\" src=\"https:\/\/photos-et-compagnie.fr\/blog\/wp-content\/uploads\/2024\/08\/p1026831.jpg\" alt=\"\" width=\"2000\" height=\"1125\" srcset=\"https:\/\/photos-et-compagnie.fr\/blog\/wp-content\/uploads\/2024\/08\/p1026831.jpg 2000w, https:\/\/photos-et-compagnie.fr\/blog\/wp-content\/uploads\/2024\/08\/p1026831-300x169.jpg 300w, https:\/\/photos-et-compagnie.fr\/blog\/wp-content\/uploads\/2024\/08\/p1026831-1024x576.jpg 1024w, https:\/\/photos-et-compagnie.fr\/blog\/wp-content\/uploads\/2024\/08\/p1026831-768x432.jpg 768w, https:\/\/photos-et-compagnie.fr\/blog\/wp-content\/uploads\/2024\/08\/p1026831-1536x864.jpg 1536w, https:\/\/photos-et-compagnie.fr\/blog\/wp-content\/uploads\/2024\/08\/p1026831-400x225.jpg 400w, https:\/\/photos-et-compagnie.fr\/blog\/wp-content\/uploads\/2024\/08\/p1026831-840x473.jpg 840w\" sizes=\"(max-width: 2000px) 100vw, 2000px\" \/><\/a><p id=\"caption-attachment-2704\" class=\"wp-caption-text\">Tusse de Montarqu\u00e9 (2\/3)<\/p><\/div>\n<div id=\"attachment_2705\" style=\"width: 2010px\" class=\"wp-caption aligncenter\"><a href=\"https:\/\/photos-et-compagnie.fr\/blog\/wp-content\/uploads\/2024\/08\/p1026832.jpg\"><img aria-describedby=\"caption-attachment-2705\" decoding=\"async\" loading=\"lazy\" class=\"size-full wp-image-2705\" src=\"https:\/\/photos-et-compagnie.fr\/blog\/wp-content\/uploads\/2024\/08\/p1026832.jpg\" alt=\"\" width=\"2000\" height=\"1334\" srcset=\"https:\/\/photos-et-compagnie.fr\/blog\/wp-content\/uploads\/2024\/08\/p1026832.jpg 2000w, https:\/\/photos-et-compagnie.fr\/blog\/wp-content\/uploads\/2024\/08\/p1026832-300x200.jpg 300w, https:\/\/photos-et-compagnie.fr\/blog\/wp-content\/uploads\/2024\/08\/p1026832-1024x683.jpg 1024w, https:\/\/photos-et-compagnie.fr\/blog\/wp-content\/uploads\/2024\/08\/p1026832-768x512.jpg 768w, https:\/\/photos-et-compagnie.fr\/blog\/wp-content\/uploads\/2024\/08\/p1026832-1536x1025.jpg 1536w, https:\/\/photos-et-compagnie.fr\/blog\/wp-content\/uploads\/2024\/08\/p1026832-400x267.jpg 400w, https:\/\/photos-et-compagnie.fr\/blog\/wp-content\/uploads\/2024\/08\/p1026832-840x560.jpg 840w\" sizes=\"(max-width: 2000px) 100vw, 2000px\" \/><\/a><p id=\"caption-attachment-2705\" class=\"wp-caption-text\">Tusse de Montarqu\u00e9 (3\/3)<\/p><\/div>\n<div id=\"attachment_2706\" style=\"width: 2010px\" class=\"wp-caption aligncenter\"><a href=\"https:\/\/photos-et-compagnie.fr\/blog\/wp-content\/uploads\/2024\/08\/p1026834.jpg\"><img aria-describedby=\"caption-attachment-2706\" decoding=\"async\" loading=\"lazy\" class=\"size-full wp-image-2706\" src=\"https:\/\/photos-et-compagnie.fr\/blog\/wp-content\/uploads\/2024\/08\/p1026834.jpg\" alt=\"\" width=\"2000\" height=\"1334\" srcset=\"https:\/\/photos-et-compagnie.fr\/blog\/wp-content\/uploads\/2024\/08\/p1026834.jpg 2000w, https:\/\/photos-et-compagnie.fr\/blog\/wp-content\/uploads\/2024\/08\/p1026834-300x200.jpg 300w, https:\/\/photos-et-compagnie.fr\/blog\/wp-content\/uploads\/2024\/08\/p1026834-1024x683.jpg 1024w, https:\/\/photos-et-compagnie.fr\/blog\/wp-content\/uploads\/2024\/08\/p1026834-768x512.jpg 768w, https:\/\/photos-et-compagnie.fr\/blog\/wp-content\/uploads\/2024\/08\/p1026834-1536x1025.jpg 1536w, https:\/\/photos-et-compagnie.fr\/blog\/wp-content\/uploads\/2024\/08\/p1026834-400x267.jpg 400w, https:\/\/photos-et-compagnie.fr\/blog\/wp-content\/uploads\/2024\/08\/p1026834-840x560.jpg 840w\" sizes=\"(max-width: 2000px) 100vw, 2000px\" \/><\/a><p id=\"caption-attachment-2706\" class=\"wp-caption-text\">Lac glac\u00e9 (2\/2)<\/p><\/div>\n<p>Le chemin redescend ensuite une petite centaine de m\u00e8tres avant de remonter vers le col du pluviom\u00e8tre, le bien nomm\u00e9 puisqu\u2019\u00e0 son sommet tr\u00f4ne\u2026 un pluviom\u00e8tre ! Quand nous y arrivons un groupe d\u2019une quinzaine d\u2019espagnols est d\u00e9j\u00e0 sur place. Ce n\u2019est pas l\u2019id\u00e9al pour le calme et l\u2019intimit\u00e9, mais \u00e7a permet de se faire prendre en photo <img decoding=\"async\" loading=\"lazy\" class=\"smilies\" title=\"Clin d\u00e2\u20ac\u2122\u00c5\u201cil\" src=\"https:\/\/forum.apran.fr\/images\/smilies\/icon_e_wink.gif\" alt=\";)\" width=\"15\" height=\"17\" \/>.<\/p>\n<div id=\"attachment_2707\" style=\"width: 1510px\" class=\"wp-caption aligncenter\"><a href=\"https:\/\/photos-et-compagnie.fr\/blog\/wp-content\/uploads\/2024\/08\/img_4909.jpg\"><img aria-describedby=\"caption-attachment-2707\" decoding=\"async\" loading=\"lazy\" class=\"size-full wp-image-2707\" src=\"https:\/\/photos-et-compagnie.fr\/blog\/wp-content\/uploads\/2024\/08\/img_4909.jpg\" alt=\"\" width=\"1500\" height=\"2000\" srcset=\"https:\/\/photos-et-compagnie.fr\/blog\/wp-content\/uploads\/2024\/08\/img_4909.jpg 1500w, https:\/\/photos-et-compagnie.fr\/blog\/wp-content\/uploads\/2024\/08\/img_4909-225x300.jpg 225w, https:\/\/photos-et-compagnie.fr\/blog\/wp-content\/uploads\/2024\/08\/img_4909-768x1024.jpg 768w, https:\/\/photos-et-compagnie.fr\/blog\/wp-content\/uploads\/2024\/08\/img_4909-1152x1536.jpg 1152w, https:\/\/photos-et-compagnie.fr\/blog\/wp-content\/uploads\/2024\/08\/img_4909-1024x1365.jpg 1024w, https:\/\/photos-et-compagnie.fr\/blog\/wp-content\/uploads\/2024\/08\/img_4909-400x533.jpg 400w, https:\/\/photos-et-compagnie.fr\/blog\/wp-content\/uploads\/2024\/08\/img_4909-840x1120.jpg 840w\" sizes=\"(max-width: 1500px) 100vw, 1500px\" \/><\/a><p id=\"caption-attachment-2707\" class=\"wp-caption-text\">Col du Pluviom\u00e8tre<\/p><\/div>\n<p>Apr\u00e8s la pause photo, nous nous mettons en route vers le dernier col de la journ\u00e9e, les Gourgs Blancs. Pour l\u2019atteindre il faut descendre le long d\u2019un petit n\u00e9v\u00e9 d\u00e9cor\u00e9 d\u2019un joli lac glaciaire, puis parcourir une moraine. Un dernier n\u00e9v\u00e9 quasiment horizontal, une petite grimpette d\u2019une cinquantaine de m\u00e8tres et nous y sommes.<\/p>\n<div id=\"attachment_2708\" style=\"width: 2010px\" class=\"wp-caption aligncenter\"><a href=\"https:\/\/photos-et-compagnie.fr\/blog\/wp-content\/uploads\/2024\/08\/p1026835.jpg\"><img aria-describedby=\"caption-attachment-2708\" decoding=\"async\" loading=\"lazy\" class=\"size-full wp-image-2708\" src=\"https:\/\/photos-et-compagnie.fr\/blog\/wp-content\/uploads\/2024\/08\/p1026835.jpg\" alt=\"\" width=\"2000\" height=\"1125\" srcset=\"https:\/\/photos-et-compagnie.fr\/blog\/wp-content\/uploads\/2024\/08\/p1026835.jpg 2000w, https:\/\/photos-et-compagnie.fr\/blog\/wp-content\/uploads\/2024\/08\/p1026835-300x169.jpg 300w, https:\/\/photos-et-compagnie.fr\/blog\/wp-content\/uploads\/2024\/08\/p1026835-1024x576.jpg 1024w, https:\/\/photos-et-compagnie.fr\/blog\/wp-content\/uploads\/2024\/08\/p1026835-768x432.jpg 768w, https:\/\/photos-et-compagnie.fr\/blog\/wp-content\/uploads\/2024\/08\/p1026835-1536x864.jpg 1536w, https:\/\/photos-et-compagnie.fr\/blog\/wp-content\/uploads\/2024\/08\/p1026835-400x225.jpg 400w, https:\/\/photos-et-compagnie.fr\/blog\/wp-content\/uploads\/2024\/08\/p1026835-840x473.jpg 840w\" sizes=\"(max-width: 2000px) 100vw, 2000px\" \/><\/a><p id=\"caption-attachment-2708\" class=\"wp-caption-text\">Col des Gourgs Blancs en vue<\/p><\/div>\n<div id=\"attachment_2709\" style=\"width: 1344px\" class=\"wp-caption aligncenter\"><a href=\"https:\/\/photos-et-compagnie.fr\/blog\/wp-content\/uploads\/2024\/08\/p1026836.jpg\"><img aria-describedby=\"caption-attachment-2709\" decoding=\"async\" loading=\"lazy\" class=\"size-full wp-image-2709\" src=\"https:\/\/photos-et-compagnie.fr\/blog\/wp-content\/uploads\/2024\/08\/p1026836.jpg\" alt=\"\" width=\"1334\" height=\"2000\" srcset=\"https:\/\/photos-et-compagnie.fr\/blog\/wp-content\/uploads\/2024\/08\/p1026836.jpg 1334w, https:\/\/photos-et-compagnie.fr\/blog\/wp-content\/uploads\/2024\/08\/p1026836-200x300.jpg 200w, https:\/\/photos-et-compagnie.fr\/blog\/wp-content\/uploads\/2024\/08\/p1026836-683x1024.jpg 683w, https:\/\/photos-et-compagnie.fr\/blog\/wp-content\/uploads\/2024\/08\/p1026836-768x1151.jpg 768w, https:\/\/photos-et-compagnie.fr\/blog\/wp-content\/uploads\/2024\/08\/p1026836-1025x1536.jpg 1025w, https:\/\/photos-et-compagnie.fr\/blog\/wp-content\/uploads\/2024\/08\/p1026836-1024x1535.jpg 1024w, https:\/\/photos-et-compagnie.fr\/blog\/wp-content\/uploads\/2024\/08\/p1026836-400x600.jpg 400w, https:\/\/photos-et-compagnie.fr\/blog\/wp-content\/uploads\/2024\/08\/p1026836-840x1259.jpg 840w\" sizes=\"(max-width: 1334px) 100vw, 1334px\" \/><\/a><p id=\"caption-attachment-2709\" class=\"wp-caption-text\">Vers le col<\/p><\/div>\n<p>La vue est tr\u00e8s jolie mais apr\u00e8s les merveilles des jours pr\u00e9c\u00e9dents je suis un peu d\u00e9\u00e7u : les n\u00e9v\u00e9s qui habillent les pentes sont salis par le sable et la vue est moins \u00e9poustouflante qu\u2019\u00e0 Moli\u00e8res ou Literole\u2026 elle est s\u00fbrement beaucoup plus belle plus t\u00f4t dans la saison.<\/p>\n<div id=\"attachment_2710\" style=\"width: 2010px\" class=\"wp-caption aligncenter\"><a href=\"https:\/\/photos-et-compagnie.fr\/blog\/wp-content\/uploads\/2024\/08\/p1026837.jpg\"><img aria-describedby=\"caption-attachment-2710\" decoding=\"async\" loading=\"lazy\" class=\"size-full wp-image-2710\" src=\"https:\/\/photos-et-compagnie.fr\/blog\/wp-content\/uploads\/2024\/08\/p1026837.jpg\" alt=\"\" width=\"2000\" height=\"1125\" srcset=\"https:\/\/photos-et-compagnie.fr\/blog\/wp-content\/uploads\/2024\/08\/p1026837.jpg 2000w, https:\/\/photos-et-compagnie.fr\/blog\/wp-content\/uploads\/2024\/08\/p1026837-300x169.jpg 300w, https:\/\/photos-et-compagnie.fr\/blog\/wp-content\/uploads\/2024\/08\/p1026837-1024x576.jpg 1024w, https:\/\/photos-et-compagnie.fr\/blog\/wp-content\/uploads\/2024\/08\/p1026837-768x432.jpg 768w, https:\/\/photos-et-compagnie.fr\/blog\/wp-content\/uploads\/2024\/08\/p1026837-1536x864.jpg 1536w, https:\/\/photos-et-compagnie.fr\/blog\/wp-content\/uploads\/2024\/08\/p1026837-400x225.jpg 400w, https:\/\/photos-et-compagnie.fr\/blog\/wp-content\/uploads\/2024\/08\/p1026837-840x473.jpg 840w\" sizes=\"(max-width: 2000px) 100vw, 2000px\" \/><\/a><p id=\"caption-attachment-2710\" class=\"wp-caption-text\">Vue du Col des Gourgs Blancs<\/p><\/div>\n<p>Il est maintenant temps de redescendre vers des altitudes plus cl\u00e9mentes, mais cela veut dire commencer une longue descente au milieu des blocs et de la caillasse (la derni\u00e8re avant un bon moment, du moins nous l\u2019esp\u00e9rons). Quand nous atteignons le lac des Isclots 450 m\u00e8tres plus bas, nous sommes ravis de retrouver un \u00ab vrai \u00bb sentier en terre, sur lequel nous pouvons avancer plus vite mais aussi sans martyriser nos articulations !<\/p>\n<div id=\"attachment_2711\" style=\"width: 2010px\" class=\"wp-caption aligncenter\"><a href=\"https:\/\/photos-et-compagnie.fr\/blog\/wp-content\/uploads\/2024\/08\/p1026839.jpg\"><img aria-describedby=\"caption-attachment-2711\" decoding=\"async\" loading=\"lazy\" class=\"size-full wp-image-2711\" src=\"https:\/\/photos-et-compagnie.fr\/blog\/wp-content\/uploads\/2024\/08\/p1026839.jpg\" alt=\"\" width=\"2000\" height=\"1334\" srcset=\"https:\/\/photos-et-compagnie.fr\/blog\/wp-content\/uploads\/2024\/08\/p1026839.jpg 2000w, https:\/\/photos-et-compagnie.fr\/blog\/wp-content\/uploads\/2024\/08\/p1026839-300x200.jpg 300w, https:\/\/photos-et-compagnie.fr\/blog\/wp-content\/uploads\/2024\/08\/p1026839-1024x683.jpg 1024w, https:\/\/photos-et-compagnie.fr\/blog\/wp-content\/uploads\/2024\/08\/p1026839-768x512.jpg 768w, https:\/\/photos-et-compagnie.fr\/blog\/wp-content\/uploads\/2024\/08\/p1026839-1536x1025.jpg 1536w, https:\/\/photos-et-compagnie.fr\/blog\/wp-content\/uploads\/2024\/08\/p1026839-400x267.jpg 400w, https:\/\/photos-et-compagnie.fr\/blog\/wp-content\/uploads\/2024\/08\/p1026839-840x560.jpg 840w\" sizes=\"(max-width: 2000px) 100vw, 2000px\" \/><\/a><p id=\"caption-attachment-2711\" class=\"wp-caption-text\">Vers le lac des Isclots<\/p><\/div>\n<div id=\"attachment_2712\" style=\"width: 2010px\" class=\"wp-caption aligncenter\"><a href=\"https:\/\/photos-et-compagnie.fr\/blog\/wp-content\/uploads\/2024\/08\/p1026841.jpg\"><img aria-describedby=\"caption-attachment-2712\" decoding=\"async\" loading=\"lazy\" class=\"size-full wp-image-2712\" src=\"https:\/\/photos-et-compagnie.fr\/blog\/wp-content\/uploads\/2024\/08\/p1026841.jpg\" alt=\"\" width=\"2000\" height=\"1125\" srcset=\"https:\/\/photos-et-compagnie.fr\/blog\/wp-content\/uploads\/2024\/08\/p1026841.jpg 2000w, https:\/\/photos-et-compagnie.fr\/blog\/wp-content\/uploads\/2024\/08\/p1026841-300x169.jpg 300w, https:\/\/photos-et-compagnie.fr\/blog\/wp-content\/uploads\/2024\/08\/p1026841-1024x576.jpg 1024w, https:\/\/photos-et-compagnie.fr\/blog\/wp-content\/uploads\/2024\/08\/p1026841-768x432.jpg 768w, https:\/\/photos-et-compagnie.fr\/blog\/wp-content\/uploads\/2024\/08\/p1026841-1536x864.jpg 1536w, https:\/\/photos-et-compagnie.fr\/blog\/wp-content\/uploads\/2024\/08\/p1026841-400x225.jpg 400w, https:\/\/photos-et-compagnie.fr\/blog\/wp-content\/uploads\/2024\/08\/p1026841-840x473.jpg 840w\" sizes=\"(max-width: 2000px) 100vw, 2000px\" \/><\/a><p id=\"caption-attachment-2712\" class=\"wp-caption-text\">Lac des Isclots<\/p><\/div>\n<p>Mais la descente n\u2019est pas termin\u00e9e, il nous faut encore suivre le magnifique lac de Caillaouas par un sentier \u00e0 flanc qui le surplombe, jusqu\u2019\u00e0 son barrage que nous traversons, et \u00e0 l\u2019extr\u00e9mit\u00e9 duquel nous trouvons un peu d\u2019ombre pour notre pause pique-nique.<\/p>\n<div id=\"attachment_2713\" style=\"width: 2010px\" class=\"wp-caption aligncenter\"><a href=\"https:\/\/photos-et-compagnie.fr\/blog\/wp-content\/uploads\/2024\/08\/img_4916.jpg\"><img aria-describedby=\"caption-attachment-2713\" decoding=\"async\" loading=\"lazy\" class=\"size-full wp-image-2713\" src=\"https:\/\/photos-et-compagnie.fr\/blog\/wp-content\/uploads\/2024\/08\/img_4916.jpg\" alt=\"\" width=\"2000\" height=\"856\" srcset=\"https:\/\/photos-et-compagnie.fr\/blog\/wp-content\/uploads\/2024\/08\/img_4916.jpg 2000w, https:\/\/photos-et-compagnie.fr\/blog\/wp-content\/uploads\/2024\/08\/img_4916-300x128.jpg 300w, https:\/\/photos-et-compagnie.fr\/blog\/wp-content\/uploads\/2024\/08\/img_4916-1024x438.jpg 1024w, https:\/\/photos-et-compagnie.fr\/blog\/wp-content\/uploads\/2024\/08\/img_4916-768x329.jpg 768w, https:\/\/photos-et-compagnie.fr\/blog\/wp-content\/uploads\/2024\/08\/img_4916-1536x657.jpg 1536w, https:\/\/photos-et-compagnie.fr\/blog\/wp-content\/uploads\/2024\/08\/img_4916-400x171.jpg 400w, https:\/\/photos-et-compagnie.fr\/blog\/wp-content\/uploads\/2024\/08\/img_4916-840x360.jpg 840w\" sizes=\"(max-width: 2000px) 100vw, 2000px\" \/><\/a><p id=\"caption-attachment-2713\" class=\"wp-caption-text\">Lac de Caillaouas<\/p><\/div>\n<p>Apr\u00e8s la pause nous partons sur un sympathique sentier en balcon qui contourne une montagne en offrant une belle vue plongeante sur le refuge de la Soula et l\u2019usine hydro\u00e9lectrique attenante 500 m\u00e8tres plus bas. Le chemin est parsem\u00e9 d\u2019installations hydro\u00e9lectriques en fonction ainsi que de vestiges d\u2019anciennes activit\u00e9s mini\u00e8res, du moins c\u2019est ce que nous supposons au vu des nombreux rails encore pr\u00e9sents.<\/p>\n<div id=\"attachment_2714\" style=\"width: 1510px\" class=\"wp-caption aligncenter\"><a href=\"https:\/\/photos-et-compagnie.fr\/blog\/wp-content\/uploads\/2024\/08\/20240806_123821.jpg\"><img aria-describedby=\"caption-attachment-2714\" decoding=\"async\" loading=\"lazy\" class=\"size-full wp-image-2714\" src=\"https:\/\/photos-et-compagnie.fr\/blog\/wp-content\/uploads\/2024\/08\/20240806_123821.jpg\" alt=\"\" width=\"1500\" height=\"2000\" srcset=\"https:\/\/photos-et-compagnie.fr\/blog\/wp-content\/uploads\/2024\/08\/20240806_123821.jpg 1500w, https:\/\/photos-et-compagnie.fr\/blog\/wp-content\/uploads\/2024\/08\/20240806_123821-225x300.jpg 225w, https:\/\/photos-et-compagnie.fr\/blog\/wp-content\/uploads\/2024\/08\/20240806_123821-768x1024.jpg 768w, https:\/\/photos-et-compagnie.fr\/blog\/wp-content\/uploads\/2024\/08\/20240806_123821-1152x1536.jpg 1152w, https:\/\/photos-et-compagnie.fr\/blog\/wp-content\/uploads\/2024\/08\/20240806_123821-1024x1365.jpg 1024w, https:\/\/photos-et-compagnie.fr\/blog\/wp-content\/uploads\/2024\/08\/20240806_123821-400x533.jpg 400w, https:\/\/photos-et-compagnie.fr\/blog\/wp-content\/uploads\/2024\/08\/20240806_123821-840x1120.jpg 840w\" sizes=\"(max-width: 1500px) 100vw, 1500px\" \/><\/a><p id=\"caption-attachment-2714\" class=\"wp-caption-text\">Chemin en balcon<\/p><\/div>\n<div id=\"attachment_2715\" style=\"width: 1510px\" class=\"wp-caption aligncenter\"><a href=\"https:\/\/photos-et-compagnie.fr\/blog\/wp-content\/uploads\/2024\/08\/20240806_123905.jpg\"><img aria-describedby=\"caption-attachment-2715\" decoding=\"async\" loading=\"lazy\" class=\"size-full wp-image-2715\" src=\"https:\/\/photos-et-compagnie.fr\/blog\/wp-content\/uploads\/2024\/08\/20240806_123905.jpg\" alt=\"\" width=\"1500\" height=\"2000\" srcset=\"https:\/\/photos-et-compagnie.fr\/blog\/wp-content\/uploads\/2024\/08\/20240806_123905.jpg 1500w, https:\/\/photos-et-compagnie.fr\/blog\/wp-content\/uploads\/2024\/08\/20240806_123905-225x300.jpg 225w, https:\/\/photos-et-compagnie.fr\/blog\/wp-content\/uploads\/2024\/08\/20240806_123905-768x1024.jpg 768w, https:\/\/photos-et-compagnie.fr\/blog\/wp-content\/uploads\/2024\/08\/20240806_123905-1152x1536.jpg 1152w, https:\/\/photos-et-compagnie.fr\/blog\/wp-content\/uploads\/2024\/08\/20240806_123905-1024x1365.jpg 1024w, https:\/\/photos-et-compagnie.fr\/blog\/wp-content\/uploads\/2024\/08\/20240806_123905-400x533.jpg 400w, https:\/\/photos-et-compagnie.fr\/blog\/wp-content\/uploads\/2024\/08\/20240806_123905-840x1120.jpg 840w\" sizes=\"(max-width: 1500px) 100vw, 1500px\" \/><\/a><p id=\"caption-attachment-2715\" class=\"wp-caption-text\">Attention, chutes de pierres<\/p><\/div>\n<p>Une fois pass\u00e9 sur le flanc sud\/est de la montagne, le chemin s\u2019\u00e9l\u00e8ve l\u00e9g\u00e8rement. Le vent se l\u00e8ve, les nuages sont plus nombreux, nous pressons le pas mais heureusement nous ne sommes plus loin de la cabane de Prat Cazeneuve, qu\u2019on aper\u00e7oit d\u00e9j\u00e0 de l\u2019autre c\u00f4t\u00e9 du vallon.<\/p>\n<div id=\"attachment_2716\" style=\"width: 2010px\" class=\"wp-caption aligncenter\"><a href=\"https:\/\/photos-et-compagnie.fr\/blog\/wp-content\/uploads\/2024\/08\/p1026843.jpg\"><img aria-describedby=\"caption-attachment-2716\" decoding=\"async\" loading=\"lazy\" class=\"size-full wp-image-2716\" src=\"https:\/\/photos-et-compagnie.fr\/blog\/wp-content\/uploads\/2024\/08\/p1026843.jpg\" alt=\"\" width=\"2000\" height=\"1334\" srcset=\"https:\/\/photos-et-compagnie.fr\/blog\/wp-content\/uploads\/2024\/08\/p1026843.jpg 2000w, https:\/\/photos-et-compagnie.fr\/blog\/wp-content\/uploads\/2024\/08\/p1026843-300x200.jpg 300w, https:\/\/photos-et-compagnie.fr\/blog\/wp-content\/uploads\/2024\/08\/p1026843-1024x683.jpg 1024w, https:\/\/photos-et-compagnie.fr\/blog\/wp-content\/uploads\/2024\/08\/p1026843-768x512.jpg 768w, https:\/\/photos-et-compagnie.fr\/blog\/wp-content\/uploads\/2024\/08\/p1026843-1536x1025.jpg 1536w, https:\/\/photos-et-compagnie.fr\/blog\/wp-content\/uploads\/2024\/08\/p1026843-400x267.jpg 400w, https:\/\/photos-et-compagnie.fr\/blog\/wp-content\/uploads\/2024\/08\/p1026843-840x560.jpg 840w\" sizes=\"(max-width: 2000px) 100vw, 2000px\" \/><\/a><p id=\"caption-attachment-2716\" class=\"wp-caption-text\">Vers la cabane de Prat Cazeneuve<\/p><\/div>\n<p>Nous y arrivons vers 14h. Nous n\u2019avons march\u00e9 qu\u2019un peu plus de 6 heures aujourd\u2019hui mais la fatigue des jours pr\u00e9c\u00e9dents est encore bien pr\u00e9sente, et surtout la cabane est flambant neuve : c&rsquo;est la plus belle que nous ayons vue depuis le d\u00e9but de notre p\u00e9riple ! Nous d\u00e9cidons donc de nous y installer pour la nuit, pour refaire nos forces en pr\u00e9paration du col d\u2019Aigues Tortes que nous passerons demain matin et qui s\u2019annonce gratin\u00e9.<\/p>\n<div id=\"attachment_2717\" style=\"width: 2010px\" class=\"wp-caption aligncenter\"><a href=\"https:\/\/photos-et-compagnie.fr\/blog\/wp-content\/uploads\/2024\/08\/p1026845.jpg\"><img aria-describedby=\"caption-attachment-2717\" decoding=\"async\" loading=\"lazy\" class=\"size-full wp-image-2717\" src=\"https:\/\/photos-et-compagnie.fr\/blog\/wp-content\/uploads\/2024\/08\/p1026845.jpg\" alt=\"\" width=\"2000\" height=\"1334\" srcset=\"https:\/\/photos-et-compagnie.fr\/blog\/wp-content\/uploads\/2024\/08\/p1026845.jpg 2000w, https:\/\/photos-et-compagnie.fr\/blog\/wp-content\/uploads\/2024\/08\/p1026845-300x200.jpg 300w, https:\/\/photos-et-compagnie.fr\/blog\/wp-content\/uploads\/2024\/08\/p1026845-1024x683.jpg 1024w, https:\/\/photos-et-compagnie.fr\/blog\/wp-content\/uploads\/2024\/08\/p1026845-768x512.jpg 768w, https:\/\/photos-et-compagnie.fr\/blog\/wp-content\/uploads\/2024\/08\/p1026845-1536x1025.jpg 1536w, https:\/\/photos-et-compagnie.fr\/blog\/wp-content\/uploads\/2024\/08\/p1026845-400x267.jpg 400w, https:\/\/photos-et-compagnie.fr\/blog\/wp-content\/uploads\/2024\/08\/p1026845-840x560.jpg 840w\" sizes=\"(max-width: 2000px) 100vw, 2000px\" \/><\/a><p id=\"caption-attachment-2717\" class=\"wp-caption-text\">Cabane de Prat Cazeneuve<\/p><\/div>\n<p>En fin d\u2019apr\u00e8s-midi, nous seront rejoints par une HRPiste Suisse qui fait le chemin dans l\u2019autre sens. Elle nous rassure sur le fait que la suite du parcours sera plus facile \u2026 et nous la pr\u00e9parons aux trois rudes mais magnifiques journ\u00e9es qui l\u2019attendent <img decoding=\"async\" loading=\"lazy\" class=\"smilies\" title=\"Clin d\u00e2\u20ac\u2122\u00c5\u201cil\" src=\"https:\/\/forum.apran.fr\/images\/smilies\/icon_e_wink.gif\" alt=\";)\" width=\"15\" height=\"17\" \/>.<\/p>\n","protected":false},"excerpt":{"rendered":"<p>Mardi 6 ao\u00fbt \ufeff\ufeff\ufeff Aujourd\u2019hui, troisi\u00e8me et derni\u00e8re journ\u00e9e \u00ab haute montagne \u00bb avec passage par le Tusse de Montarqu\u00e9, le col du pluviom\u00e8tre et le col des Gourgs Blancs avant de redescendre vers des altitudes plus \u00ab raisonnables \u00bb et la cabane de Prat Cazeneuve. Nous quittons le refuge du Portillon pour une petite heure de mont\u00e9e vers le Tusse de Montarqu\u00e9. Malgr\u00e9 les cairns et la trace gps nous arrivons quand m\u00eame \u00e0 nous perdre sur la mont\u00e9e. Mais que serait une journ\u00e9e de HRP sans quelques dizaines de m\u00e8tres de d\u00e9nivel\u00e9 en mode sanglier pour retrouver le chemin ? Peu avant l\u2019arriv\u00e9e au Tusse de Montarqu\u00e9, un coup d\u2019\u0153il plongeant sur la droite d\u00e9voile le Lac Glac\u00e9 en contrebas. Depuis le Tusse, la haute montagne de d\u00e9voile dans toute sa splendeur et son hostilit\u00e9. Pour la premi\u00e8re fois depuis le d\u00e9but de ces \u00e9tapes glaciaires, je me..<\/p>\n","protected":false},"author":1,"featured_media":0,"comment_status":"open","ping_status":"open","sticky":false,"template":"","format":"standard","meta":[],"categories":[11],"tags":[],"_links":{"self":[{"href":"https:\/\/photos-et-compagnie.fr\/blog\/wp-json\/wp\/v2\/posts\/2258"}],"collection":[{"href":"https:\/\/photos-et-compagnie.fr\/blog\/wp-json\/wp\/v2\/posts"}],"about":[{"href":"https:\/\/photos-et-compagnie.fr\/blog\/wp-json\/wp\/v2\/types\/post"}],"author":[{"embeddable":true,"href":"https:\/\/photos-et-compagnie.fr\/blog\/wp-json\/wp\/v2\/users\/1"}],"replies":[{"embeddable":true,"href":"https:\/\/photos-et-compagnie.fr\/blog\/wp-json\/wp\/v2\/comments?post=2258"}],"version-history":[{"count":11,"href":"https:\/\/photos-et-compagnie.fr\/blog\/wp-json\/wp\/v2\/posts\/2258\/revisions"}],"predecessor-version":[{"id":2725,"href":"https:\/\/photos-et-compagnie.fr\/blog\/wp-json\/wp\/v2\/posts\/2258\/revisions\/2725"}],"wp:attachment":[{"href":"https:\/\/photos-et-compagnie.fr\/blog\/wp-json\/wp\/v2\/media?parent=2258"}],"wp:term":[{"taxonomy":"category","embeddable":true,"href":"https:\/\/photos-et-compagnie.fr\/blog\/wp-json\/wp\/v2\/categories?post=2258"},{"taxonomy":"post_tag","embeddable":true,"href":"https:\/\/photos-et-compagnie.fr\/blog\/wp-json\/wp\/v2\/tags?post=2258"}],"curies":[{"name":"wp","href":"https:\/\/api.w.org\/{rel}","templated":true}]}}