{"id":2260,"date":"2024-08-07T11:38:44","date_gmt":"2024-08-07T11:38:44","guid":{"rendered":"https:\/\/photos-et-compagnie.fr\/blog\/?p=2260"},"modified":"2024-09-14T16:12:12","modified_gmt":"2024-09-14T16:12:12","slug":"jour-25-cabane-de-prat-cazeneuve-col-durdiceto","status":"publish","type":"post","link":"https:\/\/photos-et-compagnie.fr\/blog\/2024\/08\/jour-25-cabane-de-prat-cazeneuve-col-durdiceto\/","title":{"rendered":"Jour 25 &#8211; Cabane de Prat Cazeneuve ->Col d\u2019Urdiceto"},"content":{"rendered":"<p><span style=\"text-decoration: underline;\"><strong>Mercredi 7 ao\u00fbt<\/strong><\/span><\/p>\n<p><iframe style=\"border: 0; width: 100%; height: 540px;\" src=\"https:\/\/www.visugpx.com\/KVU1zGDvA8?iframe&amp;t=10&amp;otm\" scrolling=\"no\" allowfullscreen=\"allowfullscreen\"><span data-mce-type=\"bookmark\" style=\"display: inline-block; width: 0px; overflow: hidden; line-height: 0;\" class=\"mce_SELRES_start\">\ufeff<\/span><span data-mce-type=\"bookmark\" style=\"display: inline-block; width: 0px; overflow: hidden; line-height: 0;\" class=\"mce_SELRES_start\">\ufeff<\/span><span data-mce-type=\"bookmark\" style=\"display: inline-block; width: 0px; overflow: hidden; line-height: 0;\" class=\"mce_SELRES_start\">\ufeff<\/span><\/iframe><\/p>\n<p>Au d\u00e9part de cette belle cabane o\u00f9 nous avons pass\u00e9 une excellente nuit, nous sommes dans les nuages. Nous nous mettons en route vers le port d\u2019Aigues Tortes (ou Anes Cruzes selon les d\u00e9nominations).<\/p>\n<div id=\"attachment_2727\" style=\"width: 2010px\" class=\"wp-caption aligncenter\"><a href=\"https:\/\/photos-et-compagnie.fr\/blog\/wp-content\/uploads\/2024\/08\/img_4917.jpg\"><img aria-describedby=\"caption-attachment-2727\" decoding=\"async\" loading=\"lazy\" class=\"size-full wp-image-2727\" src=\"https:\/\/photos-et-compagnie.fr\/blog\/wp-content\/uploads\/2024\/08\/img_4917.jpg\" alt=\"\" width=\"2000\" height=\"1500\" srcset=\"https:\/\/photos-et-compagnie.fr\/blog\/wp-content\/uploads\/2024\/08\/img_4917.jpg 2000w, https:\/\/photos-et-compagnie.fr\/blog\/wp-content\/uploads\/2024\/08\/img_4917-300x225.jpg 300w, https:\/\/photos-et-compagnie.fr\/blog\/wp-content\/uploads\/2024\/08\/img_4917-1024x768.jpg 1024w, https:\/\/photos-et-compagnie.fr\/blog\/wp-content\/uploads\/2024\/08\/img_4917-768x576.jpg 768w, https:\/\/photos-et-compagnie.fr\/blog\/wp-content\/uploads\/2024\/08\/img_4917-1536x1152.jpg 1536w, https:\/\/photos-et-compagnie.fr\/blog\/wp-content\/uploads\/2024\/08\/img_4917-400x300.jpg 400w, https:\/\/photos-et-compagnie.fr\/blog\/wp-content\/uploads\/2024\/08\/img_4917-840x630.jpg 840w\" sizes=\"(max-width: 2000px) 100vw, 2000px\" \/><\/a><p id=\"caption-attachment-2727\" class=\"wp-caption-text\">Dans les nuages<\/p><\/div>\n<p>Le chemin remonte tranquillement le vallon le long d\u2019un torrent, et les nuages se d\u00e9chirent progressivement. L\u2019herbe est tremp\u00e9e et nos chaussures se gorgent rapidement d\u2019eau.<\/p>\n<div id=\"attachment_2728\" style=\"width: 2010px\" class=\"wp-caption aligncenter\"><a href=\"https:\/\/photos-et-compagnie.fr\/blog\/wp-content\/uploads\/2024\/08\/p1026846.jpg\"><img aria-describedby=\"caption-attachment-2728\" decoding=\"async\" loading=\"lazy\" class=\"size-full wp-image-2728\" src=\"https:\/\/photos-et-compagnie.fr\/blog\/wp-content\/uploads\/2024\/08\/p1026846.jpg\" alt=\"\" width=\"2000\" height=\"1334\" srcset=\"https:\/\/photos-et-compagnie.fr\/blog\/wp-content\/uploads\/2024\/08\/p1026846.jpg 2000w, https:\/\/photos-et-compagnie.fr\/blog\/wp-content\/uploads\/2024\/08\/p1026846-300x200.jpg 300w, https:\/\/photos-et-compagnie.fr\/blog\/wp-content\/uploads\/2024\/08\/p1026846-1024x683.jpg 1024w, https:\/\/photos-et-compagnie.fr\/blog\/wp-content\/uploads\/2024\/08\/p1026846-768x512.jpg 768w, https:\/\/photos-et-compagnie.fr\/blog\/wp-content\/uploads\/2024\/08\/p1026846-1536x1025.jpg 1536w, https:\/\/photos-et-compagnie.fr\/blog\/wp-content\/uploads\/2024\/08\/p1026846-400x267.jpg 400w, https:\/\/photos-et-compagnie.fr\/blog\/wp-content\/uploads\/2024\/08\/p1026846-840x560.jpg 840w\" sizes=\"(max-width: 2000px) 100vw, 2000px\" \/><\/a><p id=\"caption-attachment-2728\" class=\"wp-caption-text\">Vers le col d&rsquo;Aigues Tortes<\/p><\/div>\n<div id=\"attachment_2729\" style=\"width: 2010px\" class=\"wp-caption aligncenter\"><a href=\"https:\/\/photos-et-compagnie.fr\/blog\/wp-content\/uploads\/2024\/08\/p1026848.jpg\"><img aria-describedby=\"caption-attachment-2729\" decoding=\"async\" loading=\"lazy\" class=\"size-full wp-image-2729\" src=\"https:\/\/photos-et-compagnie.fr\/blog\/wp-content\/uploads\/2024\/08\/p1026848.jpg\" alt=\"\" width=\"2000\" height=\"1334\" srcset=\"https:\/\/photos-et-compagnie.fr\/blog\/wp-content\/uploads\/2024\/08\/p1026848.jpg 2000w, https:\/\/photos-et-compagnie.fr\/blog\/wp-content\/uploads\/2024\/08\/p1026848-300x200.jpg 300w, https:\/\/photos-et-compagnie.fr\/blog\/wp-content\/uploads\/2024\/08\/p1026848-1024x683.jpg 1024w, https:\/\/photos-et-compagnie.fr\/blog\/wp-content\/uploads\/2024\/08\/p1026848-768x512.jpg 768w, https:\/\/photos-et-compagnie.fr\/blog\/wp-content\/uploads\/2024\/08\/p1026848-1536x1025.jpg 1536w, https:\/\/photos-et-compagnie.fr\/blog\/wp-content\/uploads\/2024\/08\/p1026848-400x267.jpg 400w, https:\/\/photos-et-compagnie.fr\/blog\/wp-content\/uploads\/2024\/08\/p1026848-840x560.jpg 840w\" sizes=\"(max-width: 2000px) 100vw, 2000px\" \/><\/a><p id=\"caption-attachment-2729\" class=\"wp-caption-text\">Les nuages sont derri\u00e8re nous<\/p><\/div>\n<div id=\"attachment_2730\" style=\"width: 1510px\" class=\"wp-caption aligncenter\"><a href=\"https:\/\/photos-et-compagnie.fr\/blog\/wp-content\/uploads\/2024\/08\/img_4918.jpg\"><img aria-describedby=\"caption-attachment-2730\" decoding=\"async\" loading=\"lazy\" class=\"size-full wp-image-2730\" src=\"https:\/\/photos-et-compagnie.fr\/blog\/wp-content\/uploads\/2024\/08\/img_4918.jpg\" alt=\"\" width=\"1500\" height=\"2000\" srcset=\"https:\/\/photos-et-compagnie.fr\/blog\/wp-content\/uploads\/2024\/08\/img_4918.jpg 1500w, https:\/\/photos-et-compagnie.fr\/blog\/wp-content\/uploads\/2024\/08\/img_4918-225x300.jpg 225w, https:\/\/photos-et-compagnie.fr\/blog\/wp-content\/uploads\/2024\/08\/img_4918-768x1024.jpg 768w, https:\/\/photos-et-compagnie.fr\/blog\/wp-content\/uploads\/2024\/08\/img_4918-1152x1536.jpg 1152w, https:\/\/photos-et-compagnie.fr\/blog\/wp-content\/uploads\/2024\/08\/img_4918-1024x1365.jpg 1024w, https:\/\/photos-et-compagnie.fr\/blog\/wp-content\/uploads\/2024\/08\/img_4918-400x533.jpg 400w, https:\/\/photos-et-compagnie.fr\/blog\/wp-content\/uploads\/2024\/08\/img_4918-840x1120.jpg 840w\" sizes=\"(max-width: 1500px) 100vw, 1500px\" \/><\/a><p id=\"caption-attachment-2730\" class=\"wp-caption-text\">Essorage avant d&rsquo;attaquer la mont\u00e9e<\/p><\/div>\n<p>Arriv\u00e9s au fond du vallon nous entamons la mont\u00e9e vers le col dans la caillasse. Le chemin est bien trac\u00e9, et bien que raide s\u2019av\u00e8re assez roulant. Un peu moins de 2 heures apr\u00e8s notre d\u00e9part nous sommes au sommet. Le vent est fort et charrie des nuages venant de la vall\u00e9e de l\u2019autre c\u00f4t\u00e9 du col. Nous enfilons les coupe vents et restons au col le temps d\u2019apercevoir la tr\u00e8s belle vue sur les Posets, qui jouent \u00e0 cache cache avec les nuages.<\/p>\n<div id=\"attachment_2731\" style=\"width: 2010px\" class=\"wp-caption aligncenter\"><a href=\"https:\/\/photos-et-compagnie.fr\/blog\/wp-content\/uploads\/2024\/08\/p1026849.jpg\"><img aria-describedby=\"caption-attachment-2731\" decoding=\"async\" loading=\"lazy\" class=\"size-full wp-image-2731\" src=\"https:\/\/photos-et-compagnie.fr\/blog\/wp-content\/uploads\/2024\/08\/p1026849.jpg\" alt=\"\" width=\"2000\" height=\"1334\" srcset=\"https:\/\/photos-et-compagnie.fr\/blog\/wp-content\/uploads\/2024\/08\/p1026849.jpg 2000w, https:\/\/photos-et-compagnie.fr\/blog\/wp-content\/uploads\/2024\/08\/p1026849-300x200.jpg 300w, https:\/\/photos-et-compagnie.fr\/blog\/wp-content\/uploads\/2024\/08\/p1026849-1024x683.jpg 1024w, https:\/\/photos-et-compagnie.fr\/blog\/wp-content\/uploads\/2024\/08\/p1026849-768x512.jpg 768w, https:\/\/photos-et-compagnie.fr\/blog\/wp-content\/uploads\/2024\/08\/p1026849-1536x1025.jpg 1536w, https:\/\/photos-et-compagnie.fr\/blog\/wp-content\/uploads\/2024\/08\/p1026849-400x267.jpg 400w, https:\/\/photos-et-compagnie.fr\/blog\/wp-content\/uploads\/2024\/08\/p1026849-840x560.jpg 840w\" sizes=\"(max-width: 2000px) 100vw, 2000px\" \/><\/a><p id=\"caption-attachment-2731\" class=\"wp-caption-text\">Col d&rsquo;Aigues Tortes, franchement la vue est pas terrible<\/p><\/div>\n<div id=\"attachment_2732\" style=\"width: 2010px\" class=\"wp-caption aligncenter\"><a href=\"https:\/\/photos-et-compagnie.fr\/blog\/wp-content\/uploads\/2024\/08\/p1026851.jpg\"><img aria-describedby=\"caption-attachment-2732\" decoding=\"async\" loading=\"lazy\" class=\"size-full wp-image-2732\" src=\"https:\/\/photos-et-compagnie.fr\/blog\/wp-content\/uploads\/2024\/08\/p1026851.jpg\" alt=\"\" width=\"2000\" height=\"1334\" srcset=\"https:\/\/photos-et-compagnie.fr\/blog\/wp-content\/uploads\/2024\/08\/p1026851.jpg 2000w, https:\/\/photos-et-compagnie.fr\/blog\/wp-content\/uploads\/2024\/08\/p1026851-300x200.jpg 300w, https:\/\/photos-et-compagnie.fr\/blog\/wp-content\/uploads\/2024\/08\/p1026851-1024x683.jpg 1024w, https:\/\/photos-et-compagnie.fr\/blog\/wp-content\/uploads\/2024\/08\/p1026851-768x512.jpg 768w, https:\/\/photos-et-compagnie.fr\/blog\/wp-content\/uploads\/2024\/08\/p1026851-1536x1025.jpg 1536w, https:\/\/photos-et-compagnie.fr\/blog\/wp-content\/uploads\/2024\/08\/p1026851-400x267.jpg 400w, https:\/\/photos-et-compagnie.fr\/blog\/wp-content\/uploads\/2024\/08\/p1026851-840x560.jpg 840w\" sizes=\"(max-width: 2000px) 100vw, 2000px\" \/><\/a><p id=\"caption-attachment-2732\" class=\"wp-caption-text\">Elle est pas si mal la vue finalement<\/p><\/div>\n<div id=\"attachment_2733\" style=\"width: 2010px\" class=\"wp-caption aligncenter\"><a href=\"https:\/\/photos-et-compagnie.fr\/blog\/wp-content\/uploads\/2024\/08\/p1026855.jpg\"><img aria-describedby=\"caption-attachment-2733\" decoding=\"async\" loading=\"lazy\" class=\"size-full wp-image-2733\" src=\"https:\/\/photos-et-compagnie.fr\/blog\/wp-content\/uploads\/2024\/08\/p1026855.jpg\" alt=\"\" width=\"2000\" height=\"1334\" srcset=\"https:\/\/photos-et-compagnie.fr\/blog\/wp-content\/uploads\/2024\/08\/p1026855.jpg 2000w, https:\/\/photos-et-compagnie.fr\/blog\/wp-content\/uploads\/2024\/08\/p1026855-300x200.jpg 300w, https:\/\/photos-et-compagnie.fr\/blog\/wp-content\/uploads\/2024\/08\/p1026855-1024x683.jpg 1024w, https:\/\/photos-et-compagnie.fr\/blog\/wp-content\/uploads\/2024\/08\/p1026855-768x512.jpg 768w, https:\/\/photos-et-compagnie.fr\/blog\/wp-content\/uploads\/2024\/08\/p1026855-1536x1025.jpg 1536w, https:\/\/photos-et-compagnie.fr\/blog\/wp-content\/uploads\/2024\/08\/p1026855-400x267.jpg 400w, https:\/\/photos-et-compagnie.fr\/blog\/wp-content\/uploads\/2024\/08\/p1026855-840x560.jpg 840w\" sizes=\"(max-width: 2000px) 100vw, 2000px\" \/><\/a><p id=\"caption-attachment-2733\" class=\"wp-caption-text\">Ah oui, elle est carr\u00e9ment top !<\/p><\/div>\n<p>La descente du col commence sur un sentier raide mais bon qui suit un torrent, nous commen\u00e7ons \u00e0 nous dire qu\u2019il ne m\u00e9rite pas sa mauvaise r\u00e9putation. Mais quand le torrent s\u2019encaisse, la progression devient plus compliqu\u00e9e, on passe d\u2019un bon sentier \u00e0 des blocs et dalles plus ou moins glissantes. Je m\u2019offre une petite chute avec tentative de record de lancer de b\u00e2ton de marche <img decoding=\"async\" loading=\"lazy\" class=\"smilies\" title=\"Tourne les yeux\" src=\"https:\/\/forum.apran.fr\/images\/smilies\/icon_rolleyes.gif\" alt=\":roll:\" width=\"15\" height=\"17\" \/>. Je devrais retourner chercher le b\u00e2ton 20 m\u00e8tres plus bas au bord du torrent \u00a0\u2026 j\u2019aurai pu mieux faire, mais j\u2019\u00e9tais pas en forme <img decoding=\"async\" loading=\"lazy\" class=\"smilies\" title=\"Rigole\" src=\"https:\/\/forum.apran.fr\/images\/smilies\/icon_lol.gif\" alt=\":lol:\" width=\"15\" height=\"17\" \/>.<\/p>\n<p>Une fois sortis de la partie encaiss\u00e9e, nous progressons sur de l\u2019herbe pas tr\u00e8s raide, l\u2019attention reste requise car le terrain est in\u00e9gal et plein de trous, ce n\u2019est pas le moment de se tordre une cheville !<\/p>\n<div id=\"attachment_2734\" style=\"width: 1510px\" class=\"wp-caption aligncenter\"><a href=\"https:\/\/photos-et-compagnie.fr\/blog\/wp-content\/uploads\/2024\/08\/20240807_093545.jpg\"><img aria-describedby=\"caption-attachment-2734\" decoding=\"async\" loading=\"lazy\" class=\"size-full wp-image-2734\" src=\"https:\/\/photos-et-compagnie.fr\/blog\/wp-content\/uploads\/2024\/08\/20240807_093545.jpg\" alt=\"\" width=\"1500\" height=\"2000\" srcset=\"https:\/\/photos-et-compagnie.fr\/blog\/wp-content\/uploads\/2024\/08\/20240807_093545.jpg 1500w, https:\/\/photos-et-compagnie.fr\/blog\/wp-content\/uploads\/2024\/08\/20240807_093545-225x300.jpg 225w, https:\/\/photos-et-compagnie.fr\/blog\/wp-content\/uploads\/2024\/08\/20240807_093545-768x1024.jpg 768w, https:\/\/photos-et-compagnie.fr\/blog\/wp-content\/uploads\/2024\/08\/20240807_093545-1152x1536.jpg 1152w, https:\/\/photos-et-compagnie.fr\/blog\/wp-content\/uploads\/2024\/08\/20240807_093545-1024x1365.jpg 1024w, https:\/\/photos-et-compagnie.fr\/blog\/wp-content\/uploads\/2024\/08\/20240807_093545-400x533.jpg 400w, https:\/\/photos-et-compagnie.fr\/blog\/wp-content\/uploads\/2024\/08\/20240807_093545-840x1120.jpg 840w\" sizes=\"(max-width: 1500px) 100vw, 1500px\" \/><\/a><p id=\"caption-attachment-2734\" class=\"wp-caption-text\">Descente vers Viados<\/p><\/div>\n<p>Vers 10h du matin nous rejoignons le GR11 que nous allons suivre pour le reste de la journ\u00e9e. Et l\u00e0 c\u2019est le bonheur absolu : un vrai sentier, en terre, sans rochers, caillasse, trous et bosses divers, un sentier \u00ab qui roule \u00bb. Nous sommes tellement contents de retrouver ce type de conditions que nous n\u2019avions pas rencontr\u00e9es depuis de nombreux jours\u00a0! Nous mettons moins d\u2019une heure pour avaler les 4,5 km qui nous s\u00e9parent du refuge de Viados, o\u00f9 nous ferons notre pause pique-nique.<\/p>\n<div id=\"attachment_2735\" style=\"width: 1510px\" class=\"wp-caption aligncenter\"><a href=\"https:\/\/photos-et-compagnie.fr\/blog\/wp-content\/uploads\/2024\/08\/20240807_094438.jpg\"><img aria-describedby=\"caption-attachment-2735\" decoding=\"async\" loading=\"lazy\" class=\"size-full wp-image-2735\" src=\"https:\/\/photos-et-compagnie.fr\/blog\/wp-content\/uploads\/2024\/08\/20240807_094438.jpg\" alt=\"\" width=\"1500\" height=\"2000\" srcset=\"https:\/\/photos-et-compagnie.fr\/blog\/wp-content\/uploads\/2024\/08\/20240807_094438.jpg 1500w, https:\/\/photos-et-compagnie.fr\/blog\/wp-content\/uploads\/2024\/08\/20240807_094438-225x300.jpg 225w, https:\/\/photos-et-compagnie.fr\/blog\/wp-content\/uploads\/2024\/08\/20240807_094438-768x1024.jpg 768w, https:\/\/photos-et-compagnie.fr\/blog\/wp-content\/uploads\/2024\/08\/20240807_094438-1152x1536.jpg 1152w, https:\/\/photos-et-compagnie.fr\/blog\/wp-content\/uploads\/2024\/08\/20240807_094438-1024x1365.jpg 1024w, https:\/\/photos-et-compagnie.fr\/blog\/wp-content\/uploads\/2024\/08\/20240807_094438-400x533.jpg 400w, https:\/\/photos-et-compagnie.fr\/blog\/wp-content\/uploads\/2024\/08\/20240807_094438-840x1120.jpg 840w\" sizes=\"(max-width: 1500px) 100vw, 1500px\" \/><\/a><p id=\"caption-attachment-2735\" class=\"wp-caption-text\">Nous retrouvons le GR11<\/p><\/div>\n<div id=\"attachment_2736\" style=\"width: 2010px\" class=\"wp-caption aligncenter\"><a href=\"https:\/\/photos-et-compagnie.fr\/blog\/wp-content\/uploads\/2024\/08\/p1026856.jpg\"><img aria-describedby=\"caption-attachment-2736\" decoding=\"async\" loading=\"lazy\" class=\"size-full wp-image-2736\" src=\"https:\/\/photos-et-compagnie.fr\/blog\/wp-content\/uploads\/2024\/08\/p1026856.jpg\" alt=\"\" width=\"2000\" height=\"1334\" srcset=\"https:\/\/photos-et-compagnie.fr\/blog\/wp-content\/uploads\/2024\/08\/p1026856.jpg 2000w, https:\/\/photos-et-compagnie.fr\/blog\/wp-content\/uploads\/2024\/08\/p1026856-300x200.jpg 300w, https:\/\/photos-et-compagnie.fr\/blog\/wp-content\/uploads\/2024\/08\/p1026856-1024x683.jpg 1024w, https:\/\/photos-et-compagnie.fr\/blog\/wp-content\/uploads\/2024\/08\/p1026856-768x512.jpg 768w, https:\/\/photos-et-compagnie.fr\/blog\/wp-content\/uploads\/2024\/08\/p1026856-1536x1025.jpg 1536w, https:\/\/photos-et-compagnie.fr\/blog\/wp-content\/uploads\/2024\/08\/p1026856-400x267.jpg 400w, https:\/\/photos-et-compagnie.fr\/blog\/wp-content\/uploads\/2024\/08\/p1026856-840x560.jpg 840w\" sizes=\"(max-width: 2000px) 100vw, 2000px\" \/><\/a><p id=\"caption-attachment-2736\" class=\"wp-caption-text\">Vers Viados<\/p><\/div>\n<p>Du refuge nous prenons le GR11 en direction du col d\u2019Urdiceto (appel\u00e9 aussi Passo de los Caballos). Nous descendons jusqu\u2019\u00e0 notre point bas de la journ\u00e9e (1550m, soit 200 m\u00e8tres sous le refuge) puis nous \u00e9levons \u00e0 nouveau. Sur les 10 kilom\u00e8tres qui nous s\u00e9parent du col, plus de la moiti\u00e9 de fera sur une piste foresti\u00e8re, et le reste sur un chemin roulant. Quel plaisir de pouvoir de nouveau marcher librement et \u00e0 un bon rythme !<\/p>\n<div id=\"attachment_2737\" style=\"width: 1510px\" class=\"wp-caption aligncenter\"><a href=\"https:\/\/photos-et-compagnie.fr\/blog\/wp-content\/uploads\/2024\/08\/img_4920.jpg\"><img aria-describedby=\"caption-attachment-2737\" decoding=\"async\" loading=\"lazy\" class=\"size-full wp-image-2737\" src=\"https:\/\/photos-et-compagnie.fr\/blog\/wp-content\/uploads\/2024\/08\/img_4920.jpg\" alt=\"\" width=\"1500\" height=\"2000\" srcset=\"https:\/\/photos-et-compagnie.fr\/blog\/wp-content\/uploads\/2024\/08\/img_4920.jpg 1500w, https:\/\/photos-et-compagnie.fr\/blog\/wp-content\/uploads\/2024\/08\/img_4920-225x300.jpg 225w, https:\/\/photos-et-compagnie.fr\/blog\/wp-content\/uploads\/2024\/08\/img_4920-768x1024.jpg 768w, https:\/\/photos-et-compagnie.fr\/blog\/wp-content\/uploads\/2024\/08\/img_4920-1152x1536.jpg 1152w, https:\/\/photos-et-compagnie.fr\/blog\/wp-content\/uploads\/2024\/08\/img_4920-1024x1365.jpg 1024w, https:\/\/photos-et-compagnie.fr\/blog\/wp-content\/uploads\/2024\/08\/img_4920-400x533.jpg 400w, https:\/\/photos-et-compagnie.fr\/blog\/wp-content\/uploads\/2024\/08\/img_4920-840x1120.jpg 840w\" sizes=\"(max-width: 1500px) 100vw, 1500px\" \/><\/a><p id=\"caption-attachment-2737\" class=\"wp-caption-text\">Mont\u00e9e dans la for\u00eat<\/p><\/div>\n<p>La piste foresti\u00e8re serpente dans une for\u00eat de pin jusqu\u2019\u00e0 la mignonne cabane de Sallena, avant de se transformer en sentier et de nous offrir des vues plus montagnardes sur les Posets derri\u00e8re nous, et les montagnes entourant notre destination devant nous.<\/p>\n<div id=\"attachment_2738\" style=\"width: 2010px\" class=\"wp-caption aligncenter\"><a href=\"https:\/\/photos-et-compagnie.fr\/blog\/wp-content\/uploads\/2024\/08\/p1026859.jpg\"><img aria-describedby=\"caption-attachment-2738\" decoding=\"async\" loading=\"lazy\" class=\"size-full wp-image-2738\" src=\"https:\/\/photos-et-compagnie.fr\/blog\/wp-content\/uploads\/2024\/08\/p1026859.jpg\" alt=\"\" width=\"2000\" height=\"1125\" srcset=\"https:\/\/photos-et-compagnie.fr\/blog\/wp-content\/uploads\/2024\/08\/p1026859.jpg 2000w, https:\/\/photos-et-compagnie.fr\/blog\/wp-content\/uploads\/2024\/08\/p1026859-300x169.jpg 300w, https:\/\/photos-et-compagnie.fr\/blog\/wp-content\/uploads\/2024\/08\/p1026859-1024x576.jpg 1024w, https:\/\/photos-et-compagnie.fr\/blog\/wp-content\/uploads\/2024\/08\/p1026859-768x432.jpg 768w, https:\/\/photos-et-compagnie.fr\/blog\/wp-content\/uploads\/2024\/08\/p1026859-1536x864.jpg 1536w, https:\/\/photos-et-compagnie.fr\/blog\/wp-content\/uploads\/2024\/08\/p1026859-400x225.jpg 400w, https:\/\/photos-et-compagnie.fr\/blog\/wp-content\/uploads\/2024\/08\/p1026859-840x473.jpg 840w\" sizes=\"(max-width: 2000px) 100vw, 2000px\" \/><\/a><p id=\"caption-attachment-2738\" class=\"wp-caption-text\">Cabane de Sallena<\/p><\/div>\n<div id=\"attachment_2739\" style=\"width: 2010px\" class=\"wp-caption aligncenter\"><a href=\"https:\/\/photos-et-compagnie.fr\/blog\/wp-content\/uploads\/2024\/08\/p1026860.jpg\"><img aria-describedby=\"caption-attachment-2739\" decoding=\"async\" loading=\"lazy\" class=\"size-full wp-image-2739\" src=\"https:\/\/photos-et-compagnie.fr\/blog\/wp-content\/uploads\/2024\/08\/p1026860.jpg\" alt=\"\" width=\"2000\" height=\"1334\" srcset=\"https:\/\/photos-et-compagnie.fr\/blog\/wp-content\/uploads\/2024\/08\/p1026860.jpg 2000w, https:\/\/photos-et-compagnie.fr\/blog\/wp-content\/uploads\/2024\/08\/p1026860-300x200.jpg 300w, https:\/\/photos-et-compagnie.fr\/blog\/wp-content\/uploads\/2024\/08\/p1026860-1024x683.jpg 1024w, https:\/\/photos-et-compagnie.fr\/blog\/wp-content\/uploads\/2024\/08\/p1026860-768x512.jpg 768w, https:\/\/photos-et-compagnie.fr\/blog\/wp-content\/uploads\/2024\/08\/p1026860-1536x1025.jpg 1536w, https:\/\/photos-et-compagnie.fr\/blog\/wp-content\/uploads\/2024\/08\/p1026860-400x267.jpg 400w, https:\/\/photos-et-compagnie.fr\/blog\/wp-content\/uploads\/2024\/08\/p1026860-840x560.jpg 840w\" sizes=\"(max-width: 2000px) 100vw, 2000px\" \/><\/a><p id=\"caption-attachment-2739\" class=\"wp-caption-text\">Vers le col d&rsquo;Urdiceto (1\/3)<\/p><\/div>\n<div id=\"attachment_2740\" style=\"width: 2010px\" class=\"wp-caption aligncenter\"><a href=\"https:\/\/photos-et-compagnie.fr\/blog\/wp-content\/uploads\/2024\/08\/p1026861.jpg\"><img aria-describedby=\"caption-attachment-2740\" decoding=\"async\" loading=\"lazy\" class=\"size-full wp-image-2740\" src=\"https:\/\/photos-et-compagnie.fr\/blog\/wp-content\/uploads\/2024\/08\/p1026861.jpg\" alt=\"\" width=\"2000\" height=\"1334\" srcset=\"https:\/\/photos-et-compagnie.fr\/blog\/wp-content\/uploads\/2024\/08\/p1026861.jpg 2000w, https:\/\/photos-et-compagnie.fr\/blog\/wp-content\/uploads\/2024\/08\/p1026861-300x200.jpg 300w, https:\/\/photos-et-compagnie.fr\/blog\/wp-content\/uploads\/2024\/08\/p1026861-1024x683.jpg 1024w, https:\/\/photos-et-compagnie.fr\/blog\/wp-content\/uploads\/2024\/08\/p1026861-768x512.jpg 768w, https:\/\/photos-et-compagnie.fr\/blog\/wp-content\/uploads\/2024\/08\/p1026861-1536x1025.jpg 1536w, https:\/\/photos-et-compagnie.fr\/blog\/wp-content\/uploads\/2024\/08\/p1026861-400x267.jpg 400w, https:\/\/photos-et-compagnie.fr\/blog\/wp-content\/uploads\/2024\/08\/p1026861-840x560.jpg 840w\" sizes=\"(max-width: 2000px) 100vw, 2000px\" \/><\/a><p id=\"caption-attachment-2740\" class=\"wp-caption-text\">Vers le col d&rsquo;Urdiceto (2\/3)<\/p><\/div>\n<div id=\"attachment_2741\" style=\"width: 2010px\" class=\"wp-caption aligncenter\"><a href=\"https:\/\/photos-et-compagnie.fr\/blog\/wp-content\/uploads\/2024\/08\/p1026862.jpg\"><img aria-describedby=\"caption-attachment-2741\" decoding=\"async\" loading=\"lazy\" class=\"size-full wp-image-2741\" src=\"https:\/\/photos-et-compagnie.fr\/blog\/wp-content\/uploads\/2024\/08\/p1026862.jpg\" alt=\"\" width=\"2000\" height=\"1334\" srcset=\"https:\/\/photos-et-compagnie.fr\/blog\/wp-content\/uploads\/2024\/08\/p1026862.jpg 2000w, https:\/\/photos-et-compagnie.fr\/blog\/wp-content\/uploads\/2024\/08\/p1026862-300x200.jpg 300w, https:\/\/photos-et-compagnie.fr\/blog\/wp-content\/uploads\/2024\/08\/p1026862-1024x683.jpg 1024w, https:\/\/photos-et-compagnie.fr\/blog\/wp-content\/uploads\/2024\/08\/p1026862-768x512.jpg 768w, https:\/\/photos-et-compagnie.fr\/blog\/wp-content\/uploads\/2024\/08\/p1026862-1536x1025.jpg 1536w, https:\/\/photos-et-compagnie.fr\/blog\/wp-content\/uploads\/2024\/08\/p1026862-400x267.jpg 400w, https:\/\/photos-et-compagnie.fr\/blog\/wp-content\/uploads\/2024\/08\/p1026862-840x560.jpg 840w\" sizes=\"(max-width: 2000px) 100vw, 2000px\" \/><\/a><p id=\"caption-attachment-2741\" class=\"wp-caption-text\">Vers le col d&rsquo;Urdiceto (3\/3)<\/p><\/div>\n<p>Arriv\u00e9s au col, nous trouvons une petite cabane tr\u00e8s simple (un simple sol en b\u00e9ton). Nous savons qu\u2019un peu plus haut de situe un superbe refuge non gard\u00e9, son probl\u00e8me \u00e9tant qu\u2019il est accessible par une piste. Nous poussons jusque-l\u00e0 \u00e0 tout hasard, mais tombons sur une vision d\u2019horreur : deux 4&#215;4 gar\u00e9s devant le refuge, une vingtaine de personnes, des enfants qui crient en plongeant dans le lac attenant\u2026. Ni une ni deux nous faisons demi-tour, la petite cabane sera parfaite <img decoding=\"async\" loading=\"lazy\" class=\"smilies\" title=\"Tr\u00c3\u00a8s heureux\" src=\"https:\/\/forum.apran.fr\/images\/smilies\/icon_e_biggrin.gif\" alt=\":D\" width=\"15\" height=\"17\" \/>.<\/p>\n<p>Nous passons la soir\u00e9e dans la cabane et avons droit \u00e0 un d\u00e9fil\u00e9 de scouts avec des sacs \u00e0 dos \u00e9normes , allant probablement bivouaquer aux alentours du refuge non gard\u00e9. Un groupe d\u00e9cide m\u00eame de venir s\u2019asseoir pour une pause quasiment sur mes genoux alors que je lis tranquillement sur le pas de la cabane. Je me retranche \u00e0 l\u2019int\u00e9rieur tandis qu\u2019ils prennent leurs aises, et parlent fort en attendant le reste du groupe. Cela dure une demi-heure avant qu\u2019ils se d\u00e9cident enfin \u00e0 s\u2019en aller \u2026. Je me dis que les Espagnols ont un sens de l\u2019intimit\u00e9 assez particulier <img decoding=\"async\" loading=\"lazy\" class=\"smilies\" title=\"Tourne les yeux\" src=\"https:\/\/forum.apran.fr\/images\/smilies\/icon_rolleyes.gif\" alt=\":roll:\" width=\"15\" height=\"17\" \/>. Mais ce n\u2019est finalement peut \u00eatre pas qu\u2019une question de nationalit\u00e9, puisqu\u2019\u00e0 21 h un Toulousain vient garer son Duster juste devant la cabane (qui est quand m\u00eame sur le GR, \u00e0 presque 100 m\u00e8tres de la piste !) <img decoding=\"async\" loading=\"lazy\" class=\"smilies\" title=\"D\u00c3\u00a9moniaque ou tr\u00c3\u00a8s en col\u00c3\u00a8re\" src=\"https:\/\/forum.apran.fr\/images\/smilies\/icon_evil.gif\" alt=\":evil:\" width=\"15\" height=\"17\" \/>\u00a0<img decoding=\"async\" loading=\"lazy\" class=\"smilies\" title=\"D\u00c3\u00a9moniaque ou tr\u00c3\u00a8s en col\u00c3\u00a8re\" src=\"https:\/\/forum.apran.fr\/images\/smilies\/icon_evil.gif\" alt=\":evil:\" width=\"15\" height=\"17\" \/>.<\/p>\n<div id=\"attachment_2742\" style=\"width: 2010px\" class=\"wp-caption aligncenter\"><a href=\"https:\/\/photos-et-compagnie.fr\/blog\/wp-content\/uploads\/2024\/08\/img_4922.jpg\"><img aria-describedby=\"caption-attachment-2742\" decoding=\"async\" loading=\"lazy\" class=\"size-full wp-image-2742\" src=\"https:\/\/photos-et-compagnie.fr\/blog\/wp-content\/uploads\/2024\/08\/img_4922.jpg\" alt=\"\" width=\"2000\" height=\"1500\" srcset=\"https:\/\/photos-et-compagnie.fr\/blog\/wp-content\/uploads\/2024\/08\/img_4922.jpg 2000w, https:\/\/photos-et-compagnie.fr\/blog\/wp-content\/uploads\/2024\/08\/img_4922-300x225.jpg 300w, https:\/\/photos-et-compagnie.fr\/blog\/wp-content\/uploads\/2024\/08\/img_4922-1024x768.jpg 1024w, https:\/\/photos-et-compagnie.fr\/blog\/wp-content\/uploads\/2024\/08\/img_4922-768x576.jpg 768w, https:\/\/photos-et-compagnie.fr\/blog\/wp-content\/uploads\/2024\/08\/img_4922-1536x1152.jpg 1536w, https:\/\/photos-et-compagnie.fr\/blog\/wp-content\/uploads\/2024\/08\/img_4922-400x300.jpg 400w, https:\/\/photos-et-compagnie.fr\/blog\/wp-content\/uploads\/2024\/08\/img_4922-840x630.jpg 840w\" sizes=\"(max-width: 2000px) 100vw, 2000px\" \/><\/a><p id=\"caption-attachment-2742\" class=\"wp-caption-text\">Nous avons de la compagnie pour la nuit<\/p><\/div>\n<p>Conclusion : Urdiceto est un site magnifique, mais beaucoup trop accessible, \u00e0 fuir donc. J\u2019avoue que je n\u2019ai toujours pas compris le concept consistant \u00e0 construire une piste pour rendre accessible aux voitures un magnifique lac de montagne \u00e0 2500m d\u2019altitude <img decoding=\"async\" loading=\"lazy\" class=\"smilies\" title=\"Pensif\" src=\"https:\/\/forum.apran.fr\/images\/smilies\/icon_in_thinking.gif\" alt=\":thinking:\" width=\"18\" height=\"23\" \/>.<\/p>\n","protected":false},"excerpt":{"rendered":"<p>Mercredi 7 ao\u00fbt \ufeff\ufeff\ufeff Au d\u00e9part de cette belle cabane o\u00f9 nous avons pass\u00e9 une excellente nuit, nous sommes dans les nuages. Nous nous mettons en route vers le port d\u2019Aigues Tortes (ou Anes Cruzes selon les d\u00e9nominations). Le chemin remonte tranquillement le vallon le long d\u2019un torrent, et les nuages se d\u00e9chirent progressivement. L\u2019herbe est tremp\u00e9e et nos chaussures se gorgent rapidement d\u2019eau. Arriv\u00e9s au fond du vallon nous entamons la mont\u00e9e vers le col dans la caillasse. Le chemin est bien trac\u00e9, et bien que raide s\u2019av\u00e8re assez roulant. Un peu moins de 2 heures apr\u00e8s notre d\u00e9part nous sommes au sommet. Le vent est fort et charrie des nuages venant de la vall\u00e9e de l\u2019autre c\u00f4t\u00e9 du col. Nous enfilons les coupe vents et restons au col le temps d\u2019apercevoir la tr\u00e8s belle vue sur les Posets, qui jouent \u00e0 cache cache avec les nuages. La descente..<\/p>\n","protected":false},"author":1,"featured_media":0,"comment_status":"open","ping_status":"open","sticky":false,"template":"","format":"standard","meta":[],"categories":[11],"tags":[],"_links":{"self":[{"href":"https:\/\/photos-et-compagnie.fr\/blog\/wp-json\/wp\/v2\/posts\/2260"}],"collection":[{"href":"https:\/\/photos-et-compagnie.fr\/blog\/wp-json\/wp\/v2\/posts"}],"about":[{"href":"https:\/\/photos-et-compagnie.fr\/blog\/wp-json\/wp\/v2\/types\/post"}],"author":[{"embeddable":true,"href":"https:\/\/photos-et-compagnie.fr\/blog\/wp-json\/wp\/v2\/users\/1"}],"replies":[{"embeddable":true,"href":"https:\/\/photos-et-compagnie.fr\/blog\/wp-json\/wp\/v2\/comments?post=2260"}],"version-history":[{"count":4,"href":"https:\/\/photos-et-compagnie.fr\/blog\/wp-json\/wp\/v2\/posts\/2260\/revisions"}],"predecessor-version":[{"id":2744,"href":"https:\/\/photos-et-compagnie.fr\/blog\/wp-json\/wp\/v2\/posts\/2260\/revisions\/2744"}],"wp:attachment":[{"href":"https:\/\/photos-et-compagnie.fr\/blog\/wp-json\/wp\/v2\/media?parent=2260"}],"wp:term":[{"taxonomy":"category","embeddable":true,"href":"https:\/\/photos-et-compagnie.fr\/blog\/wp-json\/wp\/v2\/categories?post=2260"},{"taxonomy":"post_tag","embeddable":true,"href":"https:\/\/photos-et-compagnie.fr\/blog\/wp-json\/wp\/v2\/tags?post=2260"}],"curies":[{"name":"wp","href":"https:\/\/api.w.org\/{rel}","templated":true}]}}