{"id":2262,"date":"2024-08-09T11:38:51","date_gmt":"2024-08-09T11:38:51","guid":{"rendered":"https:\/\/photos-et-compagnie.fr\/blog\/?p=2262"},"modified":"2024-09-14T17:06:27","modified_gmt":"2024-09-14T17:06:27","slug":"jour-27-lacs-de-barroude-cirque-destaube","status":"publish","type":"post","link":"https:\/\/photos-et-compagnie.fr\/blog\/2024\/08\/jour-27-lacs-de-barroude-cirque-destaube\/","title":{"rendered":"Jour 27 &#8211; Lacs de Barroude -> Cirque d\u2019Estaub\u00e9"},"content":{"rendered":"<p><span style=\"text-decoration: underline;\"><strong>Vendredi 9 ao\u00fbt<\/strong><\/span><\/p>\n<p><iframe style=\"border: 0; width: 100%; height: 540px;\" src=\"https:\/\/www.visugpx.com\/KVU1zGDvA8?iframe&amp;t=12&amp;otm\" scrolling=\"no\" allowfullscreen=\"allowfullscreen\"><span data-mce-type=\"bookmark\" style=\"display: inline-block; width: 0px; overflow: hidden; line-height: 0;\" class=\"mce_SELRES_start\">\ufeff<\/span><span data-mce-type=\"bookmark\" style=\"display: inline-block; width: 0px; overflow: hidden; line-height: 0;\" class=\"mce_SELRES_start\">\ufeff<\/span><\/iframe>Nous quittons les lacs de Barroude puis obliquons vers le Nord Est, nous retrouvant plusieurs fois avec le soleil dans les yeux. C\u2019est la premi\u00e8re fois que cela nous arrive mais c\u2019est probablement le quotidien des HRPistes faisant le chemin dans le sens Ouest -&gt; Est. Ce n&rsquo;est pas tr\u00e8s agr\u00e9able, et nous ne sommes pas m\u00e9contents de faire la travers\u00e9e dans l\u2019autre sens.<\/p>\n<div id=\"attachment_2782\" style=\"width: 2010px\" class=\"wp-caption aligncenter\"><a href=\"https:\/\/photos-et-compagnie.fr\/blog\/wp-content\/uploads\/2024\/08\/p1026885.jpg\"><img aria-describedby=\"caption-attachment-2782\" decoding=\"async\" loading=\"lazy\" class=\"size-full wp-image-2782\" src=\"https:\/\/photos-et-compagnie.fr\/blog\/wp-content\/uploads\/2024\/08\/p1026885.jpg\" alt=\"\" width=\"2000\" height=\"1125\" srcset=\"https:\/\/photos-et-compagnie.fr\/blog\/wp-content\/uploads\/2024\/08\/p1026885.jpg 2000w, https:\/\/photos-et-compagnie.fr\/blog\/wp-content\/uploads\/2024\/08\/p1026885-300x169.jpg 300w, https:\/\/photos-et-compagnie.fr\/blog\/wp-content\/uploads\/2024\/08\/p1026885-1024x576.jpg 1024w, https:\/\/photos-et-compagnie.fr\/blog\/wp-content\/uploads\/2024\/08\/p1026885-768x432.jpg 768w, https:\/\/photos-et-compagnie.fr\/blog\/wp-content\/uploads\/2024\/08\/p1026885-1536x864.jpg 1536w, https:\/\/photos-et-compagnie.fr\/blog\/wp-content\/uploads\/2024\/08\/p1026885-400x225.jpg 400w, https:\/\/photos-et-compagnie.fr\/blog\/wp-content\/uploads\/2024\/08\/p1026885-840x473.jpg 840w\" sizes=\"(max-width: 2000px) 100vw, 2000px\" \/><\/a><p id=\"caption-attachment-2782\" class=\"wp-caption-text\">Ambiance matinale<\/p><\/div>\n<p>Mais le soleil \u00e9blouissant ne nous emp\u00eache pas de rep\u00e9rer une harde de plusieurs dizaines d\u2019isards, certains dans la combe que nous nous appr\u00eatons \u00e0 franchir, d\u2019autres sur les cr\u00eates qui nous font face. Nous passons un long moment \u00e0 les observer, c\u2019est un beau cadeau pour commencer la journ\u00e9e\u2026.<\/p>\n<div id=\"attachment_2783\" style=\"width: 2010px\" class=\"wp-caption aligncenter\"><a href=\"https:\/\/photos-et-compagnie.fr\/blog\/wp-content\/uploads\/2024\/08\/p1026887.jpg\"><img aria-describedby=\"caption-attachment-2783\" decoding=\"async\" loading=\"lazy\" class=\"size-full wp-image-2783\" src=\"https:\/\/photos-et-compagnie.fr\/blog\/wp-content\/uploads\/2024\/08\/p1026887.jpg\" alt=\"\" width=\"2000\" height=\"1334\" srcset=\"https:\/\/photos-et-compagnie.fr\/blog\/wp-content\/uploads\/2024\/08\/p1026887.jpg 2000w, https:\/\/photos-et-compagnie.fr\/blog\/wp-content\/uploads\/2024\/08\/p1026887-300x200.jpg 300w, https:\/\/photos-et-compagnie.fr\/blog\/wp-content\/uploads\/2024\/08\/p1026887-1024x683.jpg 1024w, https:\/\/photos-et-compagnie.fr\/blog\/wp-content\/uploads\/2024\/08\/p1026887-768x512.jpg 768w, https:\/\/photos-et-compagnie.fr\/blog\/wp-content\/uploads\/2024\/08\/p1026887-1536x1025.jpg 1536w, https:\/\/photos-et-compagnie.fr\/blog\/wp-content\/uploads\/2024\/08\/p1026887-400x267.jpg 400w, https:\/\/photos-et-compagnie.fr\/blog\/wp-content\/uploads\/2024\/08\/p1026887-840x560.jpg 840w\" sizes=\"(max-width: 2000px) 100vw, 2000px\" \/><\/a><p id=\"caption-attachment-2783\" class=\"wp-caption-text\">Rencontre \u00e0 l&rsquo;aube<\/p><\/div>\n<p>Pour quitter la vall\u00e9e de la Gela o\u00f9 nous nous trouvons, nous devons passer la Hourquette de Chermentas (hourquette, encore un nouveau mot \u00e0 ajouter \u00e0 la d\u00e9j\u00e0 longue liste des fa\u00e7ons de d\u00e9signer un col\u00a0 \u2026).<\/p>\n<div id=\"attachment_2784\" style=\"width: 2010px\" class=\"wp-caption aligncenter\"><a href=\"https:\/\/photos-et-compagnie.fr\/blog\/wp-content\/uploads\/2024\/08\/p1026891.jpg\"><img aria-describedby=\"caption-attachment-2784\" decoding=\"async\" loading=\"lazy\" class=\"size-full wp-image-2784\" src=\"https:\/\/photos-et-compagnie.fr\/blog\/wp-content\/uploads\/2024\/08\/p1026891.jpg\" alt=\"\" width=\"2000\" height=\"1334\" srcset=\"https:\/\/photos-et-compagnie.fr\/blog\/wp-content\/uploads\/2024\/08\/p1026891.jpg 2000w, https:\/\/photos-et-compagnie.fr\/blog\/wp-content\/uploads\/2024\/08\/p1026891-300x200.jpg 300w, https:\/\/photos-et-compagnie.fr\/blog\/wp-content\/uploads\/2024\/08\/p1026891-1024x683.jpg 1024w, https:\/\/photos-et-compagnie.fr\/blog\/wp-content\/uploads\/2024\/08\/p1026891-768x512.jpg 768w, https:\/\/photos-et-compagnie.fr\/blog\/wp-content\/uploads\/2024\/08\/p1026891-1536x1025.jpg 1536w, https:\/\/photos-et-compagnie.fr\/blog\/wp-content\/uploads\/2024\/08\/p1026891-400x267.jpg 400w, https:\/\/photos-et-compagnie.fr\/blog\/wp-content\/uploads\/2024\/08\/p1026891-840x560.jpg 840w\" sizes=\"(max-width: 2000px) 100vw, 2000px\" \/><\/a><p id=\"caption-attachment-2784\" class=\"wp-caption-text\">Vue de la Hourquette de Chermentas<\/p><\/div>\n<p>\u00c0 partir de l\u00e0, notre topo propose une variante \u00ab trapue \u00bb (je le cite) pour entrer dans le cirque de Troumouse par le Pic de la Gela, le Col de la Gela et le Col de la S\u00e8de. Au vu de la description nous pr\u00e9f\u00e9rons ne pas nous y engager, mais prendre l\u2019itin\u00e9raire en direction de la chapelle de H\u00e9as : nous commen\u00e7ons par monter \u00e0 la Hourquette de H\u00e9as, une toute petite br\u00e8che accessible apr\u00e8s une bavante courte mais intense.<\/p>\n<div id=\"attachment_2785\" style=\"width: 2010px\" class=\"wp-caption aligncenter\"><a href=\"https:\/\/photos-et-compagnie.fr\/blog\/wp-content\/uploads\/2024\/08\/p1026892.jpg\"><img aria-describedby=\"caption-attachment-2785\" decoding=\"async\" loading=\"lazy\" class=\"size-full wp-image-2785\" src=\"https:\/\/photos-et-compagnie.fr\/blog\/wp-content\/uploads\/2024\/08\/p1026892.jpg\" alt=\"\" width=\"2000\" height=\"1334\" srcset=\"https:\/\/photos-et-compagnie.fr\/blog\/wp-content\/uploads\/2024\/08\/p1026892.jpg 2000w, https:\/\/photos-et-compagnie.fr\/blog\/wp-content\/uploads\/2024\/08\/p1026892-300x200.jpg 300w, https:\/\/photos-et-compagnie.fr\/blog\/wp-content\/uploads\/2024\/08\/p1026892-1024x683.jpg 1024w, https:\/\/photos-et-compagnie.fr\/blog\/wp-content\/uploads\/2024\/08\/p1026892-768x512.jpg 768w, https:\/\/photos-et-compagnie.fr\/blog\/wp-content\/uploads\/2024\/08\/p1026892-1536x1025.jpg 1536w, https:\/\/photos-et-compagnie.fr\/blog\/wp-content\/uploads\/2024\/08\/p1026892-400x267.jpg 400w, https:\/\/photos-et-compagnie.fr\/blog\/wp-content\/uploads\/2024\/08\/p1026892-840x560.jpg 840w\" sizes=\"(max-width: 2000px) 100vw, 2000px\" \/><\/a><p id=\"caption-attachment-2785\" class=\"wp-caption-text\">Hourquette de H\u00e9as<\/p><\/div>\n<p>Puis nous descendons jusqu\u2019\u00e0 la cabane des Aguilous, entour\u00e9e de vache et orn\u00e9e d\u2019un peu engageant \u00ab propri\u00e9t\u00e9 priv\u00e9e, acc\u00e8s r\u00e9serv\u00e9 aux \u00e9leveurs \u00bb\u2026 derri\u00e8re une porte grande ouverte <img decoding=\"async\" loading=\"lazy\" class=\"smilies\" title=\"Tourne les yeux\" src=\"https:\/\/forum.apran.fr\/images\/smilies\/icon_rolleyes.gif\" alt=\":roll:\" width=\"15\" height=\"17\" \/>.<\/p>\n<div id=\"attachment_2786\" style=\"width: 1510px\" class=\"wp-caption aligncenter\"><a href=\"https:\/\/photos-et-compagnie.fr\/blog\/wp-content\/uploads\/2024\/08\/img_4926.jpg\"><img aria-describedby=\"caption-attachment-2786\" decoding=\"async\" loading=\"lazy\" class=\"size-full wp-image-2786\" src=\"https:\/\/photos-et-compagnie.fr\/blog\/wp-content\/uploads\/2024\/08\/img_4926.jpg\" alt=\"\" width=\"1500\" height=\"2000\" srcset=\"https:\/\/photos-et-compagnie.fr\/blog\/wp-content\/uploads\/2024\/08\/img_4926.jpg 1500w, https:\/\/photos-et-compagnie.fr\/blog\/wp-content\/uploads\/2024\/08\/img_4926-225x300.jpg 225w, https:\/\/photos-et-compagnie.fr\/blog\/wp-content\/uploads\/2024\/08\/img_4926-768x1024.jpg 768w, https:\/\/photos-et-compagnie.fr\/blog\/wp-content\/uploads\/2024\/08\/img_4926-1152x1536.jpg 1152w, https:\/\/photos-et-compagnie.fr\/blog\/wp-content\/uploads\/2024\/08\/img_4926-1024x1365.jpg 1024w, https:\/\/photos-et-compagnie.fr\/blog\/wp-content\/uploads\/2024\/08\/img_4926-400x533.jpg 400w, https:\/\/photos-et-compagnie.fr\/blog\/wp-content\/uploads\/2024\/08\/img_4926-840x1120.jpg 840w\" sizes=\"(max-width: 1500px) 100vw, 1500px\" \/><\/a><p id=\"caption-attachment-2786\" class=\"wp-caption-text\">Cabane des Aguilous<\/p><\/div>\n<p>Nous atteignons enfin la cabane de l\u2019Aguila (que nous n\u2019avons pas visit\u00e9e) pr\u00e8s de laquelle nous avons pu remplir nos gourde \u00e0 une source affubl\u00e9e d\u2019une l\u00e9gende sympathique.<\/p>\n<div id=\"attachment_2787\" style=\"width: 2010px\" class=\"wp-caption aligncenter\"><a href=\"https:\/\/photos-et-compagnie.fr\/blog\/wp-content\/uploads\/2024\/08\/p1026893.jpg\"><img aria-describedby=\"caption-attachment-2787\" decoding=\"async\" loading=\"lazy\" class=\"size-full wp-image-2787\" src=\"https:\/\/photos-et-compagnie.fr\/blog\/wp-content\/uploads\/2024\/08\/p1026893.jpg\" alt=\"\" width=\"2000\" height=\"1125\" srcset=\"https:\/\/photos-et-compagnie.fr\/blog\/wp-content\/uploads\/2024\/08\/p1026893.jpg 2000w, https:\/\/photos-et-compagnie.fr\/blog\/wp-content\/uploads\/2024\/08\/p1026893-300x169.jpg 300w, https:\/\/photos-et-compagnie.fr\/blog\/wp-content\/uploads\/2024\/08\/p1026893-1024x576.jpg 1024w, https:\/\/photos-et-compagnie.fr\/blog\/wp-content\/uploads\/2024\/08\/p1026893-768x432.jpg 768w, https:\/\/photos-et-compagnie.fr\/blog\/wp-content\/uploads\/2024\/08\/p1026893-1536x864.jpg 1536w, https:\/\/photos-et-compagnie.fr\/blog\/wp-content\/uploads\/2024\/08\/p1026893-400x225.jpg 400w, https:\/\/photos-et-compagnie.fr\/blog\/wp-content\/uploads\/2024\/08\/p1026893-840x473.jpg 840w\" sizes=\"(max-width: 2000px) 100vw, 2000px\" \/><\/a><p id=\"caption-attachment-2787\" class=\"wp-caption-text\">Descente vers la cabane de l&rsquo;Aguila, le Vignemale se rapproche !<\/p><\/div>\n<div id=\"attachment_2788\" style=\"width: 1510px\" class=\"wp-caption aligncenter\"><a href=\"https:\/\/photos-et-compagnie.fr\/blog\/wp-content\/uploads\/2024\/08\/img_4927.jpg\"><img aria-describedby=\"caption-attachment-2788\" decoding=\"async\" loading=\"lazy\" class=\"size-full wp-image-2788\" src=\"https:\/\/photos-et-compagnie.fr\/blog\/wp-content\/uploads\/2024\/08\/img_4927.jpg\" alt=\"\" width=\"1500\" height=\"2000\" srcset=\"https:\/\/photos-et-compagnie.fr\/blog\/wp-content\/uploads\/2024\/08\/img_4927.jpg 1500w, https:\/\/photos-et-compagnie.fr\/blog\/wp-content\/uploads\/2024\/08\/img_4927-225x300.jpg 225w, https:\/\/photos-et-compagnie.fr\/blog\/wp-content\/uploads\/2024\/08\/img_4927-768x1024.jpg 768w, https:\/\/photos-et-compagnie.fr\/blog\/wp-content\/uploads\/2024\/08\/img_4927-1152x1536.jpg 1152w, https:\/\/photos-et-compagnie.fr\/blog\/wp-content\/uploads\/2024\/08\/img_4927-1024x1365.jpg 1024w, https:\/\/photos-et-compagnie.fr\/blog\/wp-content\/uploads\/2024\/08\/img_4927-400x533.jpg 400w, https:\/\/photos-et-compagnie.fr\/blog\/wp-content\/uploads\/2024\/08\/img_4927-840x1120.jpg 840w\" sizes=\"(max-width: 1500px) 100vw, 1500px\" \/><\/a><p id=\"caption-attachment-2788\" class=\"wp-caption-text\">Oratoire de la Sainte Famille<\/p><\/div>\n<p>Plut\u00f4t que de continuer \u00e0 descendre vers la chapelle de H\u00e9as, nous prenons un chemin qui monte au Sud et qui nous am\u00e8nera jusqu\u2019au fond du cirque de Troumouse, qui nous offre ses murailles magnifiques (l\u2019envers de celles observ\u00e9es la veille) \u00e0 contempler. Il fait chaud et sec, d\u2019ailleurs le lac des Aires et les autres lacs du cirque sont quasiment compl\u00e8tement vides.<\/p>\n<div id=\"attachment_2789\" style=\"width: 2010px\" class=\"wp-caption aligncenter\"><a href=\"https:\/\/photos-et-compagnie.fr\/blog\/wp-content\/uploads\/2024\/08\/p1026896.jpg\"><img aria-describedby=\"caption-attachment-2789\" decoding=\"async\" loading=\"lazy\" class=\"size-full wp-image-2789\" src=\"https:\/\/photos-et-compagnie.fr\/blog\/wp-content\/uploads\/2024\/08\/p1026896.jpg\" alt=\"\" width=\"2000\" height=\"1334\" srcset=\"https:\/\/photos-et-compagnie.fr\/blog\/wp-content\/uploads\/2024\/08\/p1026896.jpg 2000w, https:\/\/photos-et-compagnie.fr\/blog\/wp-content\/uploads\/2024\/08\/p1026896-300x200.jpg 300w, https:\/\/photos-et-compagnie.fr\/blog\/wp-content\/uploads\/2024\/08\/p1026896-1024x683.jpg 1024w, https:\/\/photos-et-compagnie.fr\/blog\/wp-content\/uploads\/2024\/08\/p1026896-768x512.jpg 768w, https:\/\/photos-et-compagnie.fr\/blog\/wp-content\/uploads\/2024\/08\/p1026896-1536x1025.jpg 1536w, https:\/\/photos-et-compagnie.fr\/blog\/wp-content\/uploads\/2024\/08\/p1026896-400x267.jpg 400w, https:\/\/photos-et-compagnie.fr\/blog\/wp-content\/uploads\/2024\/08\/p1026896-840x560.jpg 840w\" sizes=\"(max-width: 2000px) 100vw, 2000px\" \/><\/a><p id=\"caption-attachment-2789\" class=\"wp-caption-text\">Cirque de Troumouse (1\/2)<\/p><\/div>\n<div id=\"attachment_2790\" style=\"width: 2010px\" class=\"wp-caption aligncenter\"><a href=\"https:\/\/photos-et-compagnie.fr\/blog\/wp-content\/uploads\/2024\/08\/p1026897.jpg\"><img aria-describedby=\"caption-attachment-2790\" decoding=\"async\" loading=\"lazy\" class=\"size-full wp-image-2790\" src=\"https:\/\/photos-et-compagnie.fr\/blog\/wp-content\/uploads\/2024\/08\/p1026897.jpg\" alt=\"\" width=\"2000\" height=\"1334\" srcset=\"https:\/\/photos-et-compagnie.fr\/blog\/wp-content\/uploads\/2024\/08\/p1026897.jpg 2000w, https:\/\/photos-et-compagnie.fr\/blog\/wp-content\/uploads\/2024\/08\/p1026897-300x200.jpg 300w, https:\/\/photos-et-compagnie.fr\/blog\/wp-content\/uploads\/2024\/08\/p1026897-1024x683.jpg 1024w, https:\/\/photos-et-compagnie.fr\/blog\/wp-content\/uploads\/2024\/08\/p1026897-768x512.jpg 768w, https:\/\/photos-et-compagnie.fr\/blog\/wp-content\/uploads\/2024\/08\/p1026897-1536x1025.jpg 1536w, https:\/\/photos-et-compagnie.fr\/blog\/wp-content\/uploads\/2024\/08\/p1026897-400x267.jpg 400w, https:\/\/photos-et-compagnie.fr\/blog\/wp-content\/uploads\/2024\/08\/p1026897-840x560.jpg 840w\" sizes=\"(max-width: 2000px) 100vw, 2000px\" \/><\/a><p id=\"caption-attachment-2790\" class=\"wp-caption-text\">Cirque de Troumouse (2\/2)<\/p><\/div>\n<p>Nous faisons une br\u00e8ve pause pique-nique pour reprendre des forces mais le soleil est vraiment trop fort, nous ne nous attardons pas et d\u00e9cidons d\u2019aller prendre un dessert \u00e0 l\u2019auberge du Maillet situ\u00e9e au pied du cirque. Au fur et \u00e0 mesure que nous nous approchons du bord Ouest du cirque et du terminus du petit train qui am\u00e8ne les visiteurs jusqu\u2019\u00e0 2100m, le nombre de personnes que nous croisons augmente de fa\u00e7on exponentielle. Jusqu\u2019\u00e0 culminer sur les derni\u00e8res centaines de m\u00e8tres, avec des gens partout : sur les sentiers, dans les torrents, et m\u00eame sur des serviettes au bord des torrents entre les vaches <img decoding=\"async\" loading=\"lazy\" class=\"smilies\" title=\"Choqu\u00c3\u00a9\" src=\"https:\/\/forum.apran.fr\/images\/smilies\/icon_eek.gif\" alt=\":shock:\" width=\"15\" height=\"17\" \/>.<\/p>\n<div id=\"attachment_2791\" style=\"width: 2010px\" class=\"wp-caption aligncenter\"><a href=\"https:\/\/photos-et-compagnie.fr\/blog\/wp-content\/uploads\/2024\/08\/img_4929.jpg\"><img aria-describedby=\"caption-attachment-2791\" decoding=\"async\" loading=\"lazy\" class=\"size-full wp-image-2791\" src=\"https:\/\/photos-et-compagnie.fr\/blog\/wp-content\/uploads\/2024\/08\/img_4929.jpg\" alt=\"\" width=\"2000\" height=\"1500\" srcset=\"https:\/\/photos-et-compagnie.fr\/blog\/wp-content\/uploads\/2024\/08\/img_4929.jpg 2000w, https:\/\/photos-et-compagnie.fr\/blog\/wp-content\/uploads\/2024\/08\/img_4929-300x225.jpg 300w, https:\/\/photos-et-compagnie.fr\/blog\/wp-content\/uploads\/2024\/08\/img_4929-1024x768.jpg 1024w, https:\/\/photos-et-compagnie.fr\/blog\/wp-content\/uploads\/2024\/08\/img_4929-768x576.jpg 768w, https:\/\/photos-et-compagnie.fr\/blog\/wp-content\/uploads\/2024\/08\/img_4929-1536x1152.jpg 1536w, https:\/\/photos-et-compagnie.fr\/blog\/wp-content\/uploads\/2024\/08\/img_4929-400x300.jpg 400w, https:\/\/photos-et-compagnie.fr\/blog\/wp-content\/uploads\/2024\/08\/img_4929-840x630.jpg 840w\" sizes=\"(max-width: 2000px) 100vw, 2000px\" \/><\/a><p id=\"caption-attachment-2791\" class=\"wp-caption-text\">Troumouse, c&rsquo;est vraiment le cirque !<\/p><\/div>\n<p>Une ambiance Disneyland qui nous fait fuir au plus vite, d\u2019autant que le soleil de plomb n\u2019aide pas : nous ne ferons m\u00eame pas le petit d\u00e9tour pour nous rendre au pied de la vierge de Troumouse et visiter la cabane du m\u00eame nom.<\/p>\n<div id=\"attachment_2792\" style=\"width: 2010px\" class=\"wp-caption aligncenter\"><a href=\"https:\/\/photos-et-compagnie.fr\/blog\/wp-content\/uploads\/2024\/08\/p1026898.jpg\"><img aria-describedby=\"caption-attachment-2792\" decoding=\"async\" loading=\"lazy\" class=\"size-full wp-image-2792\" src=\"https:\/\/photos-et-compagnie.fr\/blog\/wp-content\/uploads\/2024\/08\/p1026898.jpg\" alt=\"\" width=\"2000\" height=\"1125\" srcset=\"https:\/\/photos-et-compagnie.fr\/blog\/wp-content\/uploads\/2024\/08\/p1026898.jpg 2000w, https:\/\/photos-et-compagnie.fr\/blog\/wp-content\/uploads\/2024\/08\/p1026898-300x169.jpg 300w, https:\/\/photos-et-compagnie.fr\/blog\/wp-content\/uploads\/2024\/08\/p1026898-1024x576.jpg 1024w, https:\/\/photos-et-compagnie.fr\/blog\/wp-content\/uploads\/2024\/08\/p1026898-768x432.jpg 768w, https:\/\/photos-et-compagnie.fr\/blog\/wp-content\/uploads\/2024\/08\/p1026898-1536x864.jpg 1536w, https:\/\/photos-et-compagnie.fr\/blog\/wp-content\/uploads\/2024\/08\/p1026898-400x225.jpg 400w, https:\/\/photos-et-compagnie.fr\/blog\/wp-content\/uploads\/2024\/08\/p1026898-840x473.jpg 840w\" sizes=\"(max-width: 2000px) 100vw, 2000px\" \/><\/a><p id=\"caption-attachment-2792\" class=\"wp-caption-text\">Vers la sortie Ouest du cirque (1\/2)<\/p><\/div>\n<div id=\"attachment_2793\" style=\"width: 2010px\" class=\"wp-caption aligncenter\"><a href=\"https:\/\/photos-et-compagnie.fr\/blog\/wp-content\/uploads\/2024\/08\/p1026899.jpg\"><img aria-describedby=\"caption-attachment-2793\" decoding=\"async\" loading=\"lazy\" class=\"size-full wp-image-2793\" src=\"https:\/\/photos-et-compagnie.fr\/blog\/wp-content\/uploads\/2024\/08\/p1026899.jpg\" alt=\"\" width=\"2000\" height=\"1125\" srcset=\"https:\/\/photos-et-compagnie.fr\/blog\/wp-content\/uploads\/2024\/08\/p1026899.jpg 2000w, https:\/\/photos-et-compagnie.fr\/blog\/wp-content\/uploads\/2024\/08\/p1026899-300x169.jpg 300w, https:\/\/photos-et-compagnie.fr\/blog\/wp-content\/uploads\/2024\/08\/p1026899-1024x576.jpg 1024w, https:\/\/photos-et-compagnie.fr\/blog\/wp-content\/uploads\/2024\/08\/p1026899-768x432.jpg 768w, https:\/\/photos-et-compagnie.fr\/blog\/wp-content\/uploads\/2024\/08\/p1026899-1536x864.jpg 1536w, https:\/\/photos-et-compagnie.fr\/blog\/wp-content\/uploads\/2024\/08\/p1026899-400x225.jpg 400w, https:\/\/photos-et-compagnie.fr\/blog\/wp-content\/uploads\/2024\/08\/p1026899-840x473.jpg 840w\" sizes=\"(max-width: 2000px) 100vw, 2000px\" \/><\/a><p id=\"caption-attachment-2793\" class=\"wp-caption-text\">Vers la sortie Ouest du cirque (2\/2)<\/p><\/div>\n<p>Une fois au terminus du petit train, il nous faudra encore une trentaine de minutes pour descendre jusqu\u2019au parking et \u00e0 l\u2019auberge du Maillet, o\u00f9 nous ferons une heure de pause, et reconstituerons nos r\u00e9serves d\u2019\u00e9nergie \u00e0 coup de tarte \u00e0 la myrtille, de verres de Coca et de boules de glace.<\/p>\n<div id=\"attachment_2794\" style=\"width: 1510px\" class=\"wp-caption aligncenter\"><a href=\"https:\/\/photos-et-compagnie.fr\/blog\/wp-content\/uploads\/2024\/08\/img_4932.jpg\"><img aria-describedby=\"caption-attachment-2794\" decoding=\"async\" loading=\"lazy\" class=\"size-full wp-image-2794\" src=\"https:\/\/photos-et-compagnie.fr\/blog\/wp-content\/uploads\/2024\/08\/img_4932.jpg\" alt=\"\" width=\"1500\" height=\"2000\" srcset=\"https:\/\/photos-et-compagnie.fr\/blog\/wp-content\/uploads\/2024\/08\/img_4932.jpg 1500w, https:\/\/photos-et-compagnie.fr\/blog\/wp-content\/uploads\/2024\/08\/img_4932-225x300.jpg 225w, https:\/\/photos-et-compagnie.fr\/blog\/wp-content\/uploads\/2024\/08\/img_4932-768x1024.jpg 768w, https:\/\/photos-et-compagnie.fr\/blog\/wp-content\/uploads\/2024\/08\/img_4932-1152x1536.jpg 1152w, https:\/\/photos-et-compagnie.fr\/blog\/wp-content\/uploads\/2024\/08\/img_4932-1024x1365.jpg 1024w, https:\/\/photos-et-compagnie.fr\/blog\/wp-content\/uploads\/2024\/08\/img_4932-400x533.jpg 400w, https:\/\/photos-et-compagnie.fr\/blog\/wp-content\/uploads\/2024\/08\/img_4932-840x1120.jpg 840w\" sizes=\"(max-width: 1500px) 100vw, 1500px\" \/><\/a><p id=\"caption-attachment-2794\" class=\"wp-caption-text\">Parking et Auberge du Maillet<\/p><\/div>\n<p>Apr\u00e8s cette pause bien appr\u00e9ci\u00e9e, il nous reste encore deux ultimes heures de marche pour rejoindre le cirque d\u2019Estaub\u00e9 o\u00f9 nous avons pr\u00e9vu de bivouaquer. Le chemin monte tr\u00e8s tranquillement \u00e0 flanc de montagne, et comme hier apr\u00e8s-midi la chaleur est att\u00e9nu\u00e9e par un vent bienvenu.<\/p>\n<div id=\"attachment_2795\" style=\"width: 2010px\" class=\"wp-caption aligncenter\"><a href=\"https:\/\/photos-et-compagnie.fr\/blog\/wp-content\/uploads\/2024\/08\/p1026902.jpg\"><img aria-describedby=\"caption-attachment-2795\" decoding=\"async\" loading=\"lazy\" class=\"size-full wp-image-2795\" src=\"https:\/\/photos-et-compagnie.fr\/blog\/wp-content\/uploads\/2024\/08\/p1026902.jpg\" alt=\"\" width=\"2000\" height=\"1334\" srcset=\"https:\/\/photos-et-compagnie.fr\/blog\/wp-content\/uploads\/2024\/08\/p1026902.jpg 2000w, https:\/\/photos-et-compagnie.fr\/blog\/wp-content\/uploads\/2024\/08\/p1026902-300x200.jpg 300w, https:\/\/photos-et-compagnie.fr\/blog\/wp-content\/uploads\/2024\/08\/p1026902-1024x683.jpg 1024w, https:\/\/photos-et-compagnie.fr\/blog\/wp-content\/uploads\/2024\/08\/p1026902-768x512.jpg 768w, https:\/\/photos-et-compagnie.fr\/blog\/wp-content\/uploads\/2024\/08\/p1026902-1536x1025.jpg 1536w, https:\/\/photos-et-compagnie.fr\/blog\/wp-content\/uploads\/2024\/08\/p1026902-400x267.jpg 400w, https:\/\/photos-et-compagnie.fr\/blog\/wp-content\/uploads\/2024\/08\/p1026902-840x560.jpg 840w\" sizes=\"(max-width: 2000px) 100vw, 2000px\" \/><\/a><p id=\"caption-attachment-2795\" class=\"wp-caption-text\">Au revoir Troumouse (1\/2)<\/p><\/div>\n<div id=\"attachment_2796\" style=\"width: 2010px\" class=\"wp-caption aligncenter\"><a href=\"https:\/\/photos-et-compagnie.fr\/blog\/wp-content\/uploads\/2024\/08\/p1026903.jpg\"><img aria-describedby=\"caption-attachment-2796\" decoding=\"async\" loading=\"lazy\" class=\"size-full wp-image-2796\" src=\"https:\/\/photos-et-compagnie.fr\/blog\/wp-content\/uploads\/2024\/08\/p1026903.jpg\" alt=\"\" width=\"2000\" height=\"1334\" srcset=\"https:\/\/photos-et-compagnie.fr\/blog\/wp-content\/uploads\/2024\/08\/p1026903.jpg 2000w, https:\/\/photos-et-compagnie.fr\/blog\/wp-content\/uploads\/2024\/08\/p1026903-300x200.jpg 300w, https:\/\/photos-et-compagnie.fr\/blog\/wp-content\/uploads\/2024\/08\/p1026903-1024x683.jpg 1024w, https:\/\/photos-et-compagnie.fr\/blog\/wp-content\/uploads\/2024\/08\/p1026903-768x512.jpg 768w, https:\/\/photos-et-compagnie.fr\/blog\/wp-content\/uploads\/2024\/08\/p1026903-1536x1025.jpg 1536w, https:\/\/photos-et-compagnie.fr\/blog\/wp-content\/uploads\/2024\/08\/p1026903-400x267.jpg 400w, https:\/\/photos-et-compagnie.fr\/blog\/wp-content\/uploads\/2024\/08\/p1026903-840x560.jpg 840w\" sizes=\"(max-width: 2000px) 100vw, 2000px\" \/><\/a><p id=\"caption-attachment-2796\" class=\"wp-caption-text\">Au revoir Troumouse (2\/2)<\/p><\/div>\n<p>Nous arrivons ensuite au-dessus du lac des Gloriettes, o\u00f9 nous pouvons capter le r\u00e9seau mobile pour la premi\u00e8re fois en 5 jours. Nous en profitons pour appeler nos familles et donner quelques nouvelles aux amis. L\u2019extr\u00e9mit\u00e9 Sud du lac est la porte d\u2019entr\u00e9e vers le cirque d\u2019Estaub\u00e9, o\u00f9 nous p\u00e9n\u00e9trons au travers d\u2019un joli canyon longeant un torrent.<\/p>\n<div id=\"attachment_2797\" style=\"width: 2010px\" class=\"wp-caption aligncenter\"><a href=\"https:\/\/photos-et-compagnie.fr\/blog\/wp-content\/uploads\/2024\/08\/p1026905.jpg\"><img aria-describedby=\"caption-attachment-2797\" decoding=\"async\" loading=\"lazy\" class=\"size-full wp-image-2797\" src=\"https:\/\/photos-et-compagnie.fr\/blog\/wp-content\/uploads\/2024\/08\/p1026905.jpg\" alt=\"\" width=\"2000\" height=\"1125\" srcset=\"https:\/\/photos-et-compagnie.fr\/blog\/wp-content\/uploads\/2024\/08\/p1026905.jpg 2000w, https:\/\/photos-et-compagnie.fr\/blog\/wp-content\/uploads\/2024\/08\/p1026905-300x169.jpg 300w, https:\/\/photos-et-compagnie.fr\/blog\/wp-content\/uploads\/2024\/08\/p1026905-1024x576.jpg 1024w, https:\/\/photos-et-compagnie.fr\/blog\/wp-content\/uploads\/2024\/08\/p1026905-768x432.jpg 768w, https:\/\/photos-et-compagnie.fr\/blog\/wp-content\/uploads\/2024\/08\/p1026905-1536x864.jpg 1536w, https:\/\/photos-et-compagnie.fr\/blog\/wp-content\/uploads\/2024\/08\/p1026905-400x225.jpg 400w, https:\/\/photos-et-compagnie.fr\/blog\/wp-content\/uploads\/2024\/08\/p1026905-840x473.jpg 840w\" sizes=\"(max-width: 2000px) 100vw, 2000px\" \/><\/a><p id=\"caption-attachment-2797\" class=\"wp-caption-text\">Bonjour Estaub\u00e9 (1\/3)<\/p><\/div>\n<div id=\"attachment_2798\" style=\"width: 2010px\" class=\"wp-caption aligncenter\"><a href=\"https:\/\/photos-et-compagnie.fr\/blog\/wp-content\/uploads\/2024\/08\/p1026906.jpg\"><img aria-describedby=\"caption-attachment-2798\" decoding=\"async\" loading=\"lazy\" class=\"size-full wp-image-2798\" src=\"https:\/\/photos-et-compagnie.fr\/blog\/wp-content\/uploads\/2024\/08\/p1026906.jpg\" alt=\"\" width=\"2000\" height=\"1334\" srcset=\"https:\/\/photos-et-compagnie.fr\/blog\/wp-content\/uploads\/2024\/08\/p1026906.jpg 2000w, https:\/\/photos-et-compagnie.fr\/blog\/wp-content\/uploads\/2024\/08\/p1026906-300x200.jpg 300w, https:\/\/photos-et-compagnie.fr\/blog\/wp-content\/uploads\/2024\/08\/p1026906-1024x683.jpg 1024w, https:\/\/photos-et-compagnie.fr\/blog\/wp-content\/uploads\/2024\/08\/p1026906-768x512.jpg 768w, https:\/\/photos-et-compagnie.fr\/blog\/wp-content\/uploads\/2024\/08\/p1026906-1536x1025.jpg 1536w, https:\/\/photos-et-compagnie.fr\/blog\/wp-content\/uploads\/2024\/08\/p1026906-400x267.jpg 400w, https:\/\/photos-et-compagnie.fr\/blog\/wp-content\/uploads\/2024\/08\/p1026906-840x560.jpg 840w\" sizes=\"(max-width: 2000px) 100vw, 2000px\" \/><\/a><p id=\"caption-attachment-2798\" class=\"wp-caption-text\">Bonjour Estaub\u00e9 (2\/3)<\/p><\/div>\n<p>Arriv\u00e9s au bout du canyon, il nous reste encore une quinzaine de minutes pour atteindre la cabane d\u2019Estaub\u00e9. Nous constatons qu\u2019elle est libre, ce qui est une excellente nouvelle : vu le nombre de vaches et moutons aux alentours nous n\u2019aurions pas aim\u00e9 dormir en tente.<\/p>\n<div id=\"attachment_2799\" style=\"width: 2010px\" class=\"wp-caption aligncenter\"><a href=\"https:\/\/photos-et-compagnie.fr\/blog\/wp-content\/uploads\/2024\/08\/p1026908.jpg\"><img aria-describedby=\"caption-attachment-2799\" decoding=\"async\" loading=\"lazy\" class=\"size-full wp-image-2799\" src=\"https:\/\/photos-et-compagnie.fr\/blog\/wp-content\/uploads\/2024\/08\/p1026908.jpg\" alt=\"\" width=\"2000\" height=\"1334\" srcset=\"https:\/\/photos-et-compagnie.fr\/blog\/wp-content\/uploads\/2024\/08\/p1026908.jpg 2000w, https:\/\/photos-et-compagnie.fr\/blog\/wp-content\/uploads\/2024\/08\/p1026908-300x200.jpg 300w, https:\/\/photos-et-compagnie.fr\/blog\/wp-content\/uploads\/2024\/08\/p1026908-1024x683.jpg 1024w, https:\/\/photos-et-compagnie.fr\/blog\/wp-content\/uploads\/2024\/08\/p1026908-768x512.jpg 768w, https:\/\/photos-et-compagnie.fr\/blog\/wp-content\/uploads\/2024\/08\/p1026908-1536x1025.jpg 1536w, https:\/\/photos-et-compagnie.fr\/blog\/wp-content\/uploads\/2024\/08\/p1026908-400x267.jpg 400w, https:\/\/photos-et-compagnie.fr\/blog\/wp-content\/uploads\/2024\/08\/p1026908-840x560.jpg 840w\" sizes=\"(max-width: 2000px) 100vw, 2000px\" \/><\/a><p id=\"caption-attachment-2799\" class=\"wp-caption-text\">Bonjour Estaub\u00e9 (3\/3)<\/p><\/div>\n<div id=\"attachment_2800\" style=\"width: 2010px\" class=\"wp-caption aligncenter\"><a href=\"https:\/\/photos-et-compagnie.fr\/blog\/wp-content\/uploads\/2024\/08\/p1026909_stitch.jpg\"><img aria-describedby=\"caption-attachment-2800\" decoding=\"async\" loading=\"lazy\" class=\"size-full wp-image-2800\" src=\"https:\/\/photos-et-compagnie.fr\/blog\/wp-content\/uploads\/2024\/08\/p1026909_stitch.jpg\" alt=\"\" width=\"2000\" height=\"883\" srcset=\"https:\/\/photos-et-compagnie.fr\/blog\/wp-content\/uploads\/2024\/08\/p1026909_stitch.jpg 2000w, https:\/\/photos-et-compagnie.fr\/blog\/wp-content\/uploads\/2024\/08\/p1026909_stitch-300x132.jpg 300w, https:\/\/photos-et-compagnie.fr\/blog\/wp-content\/uploads\/2024\/08\/p1026909_stitch-1024x452.jpg 1024w, https:\/\/photos-et-compagnie.fr\/blog\/wp-content\/uploads\/2024\/08\/p1026909_stitch-768x339.jpg 768w, https:\/\/photos-et-compagnie.fr\/blog\/wp-content\/uploads\/2024\/08\/p1026909_stitch-1536x678.jpg 1536w, https:\/\/photos-et-compagnie.fr\/blog\/wp-content\/uploads\/2024\/08\/p1026909_stitch-400x177.jpg 400w, https:\/\/photos-et-compagnie.fr\/blog\/wp-content\/uploads\/2024\/08\/p1026909_stitch-840x371.jpg 840w\" sizes=\"(max-width: 2000px) 100vw, 2000px\" \/><\/a><p id=\"caption-attachment-2800\" class=\"wp-caption-text\">Cabane d&rsquo;Estaub\u00e9<\/p><\/div>\n<p>A la cabane, nous croiserons un p\u00e8re accompagn\u00e9e de ses deux enfants, en randonn\u00e9e pour le week end. Il doit rejoindre son \u00e9pouse le lendemain matin de l&rsquo;autre c\u00f4t\u00e9 du cirque, et vient de se rendre compte que l&rsquo;itin\u00e9raire qu&rsquo;il avait envisag\u00e9 n&rsquo;est pas praticable. Comme il va devoir faire un long d\u00e9tour et arriver tr\u00e8s en retard au rendez vous, nous lui pr\u00eatons notre balise satellite pour qu&rsquo;ils puisse envoyer un message \u00e0 son \u00e9pouse, qui du coup ne s&rsquo;inqui\u00e9tera pas de ne pas le voir arriver.<\/p>\n<p>Une fois notre routine habituelle (lessive, toilette, repas) exp\u00e9di\u00e9e, nous profitons de la vue splendide et des derni\u00e8res lumi\u00e8res du jour sur le cirque.<\/p>\n<div id=\"attachment_2801\" style=\"width: 2010px\" class=\"wp-caption aligncenter\"><a href=\"https:\/\/photos-et-compagnie.fr\/blog\/wp-content\/uploads\/2024\/08\/p1026923.jpg\"><img aria-describedby=\"caption-attachment-2801\" decoding=\"async\" loading=\"lazy\" class=\"size-full wp-image-2801\" src=\"https:\/\/photos-et-compagnie.fr\/blog\/wp-content\/uploads\/2024\/08\/p1026923.jpg\" alt=\"\" width=\"2000\" height=\"1334\" srcset=\"https:\/\/photos-et-compagnie.fr\/blog\/wp-content\/uploads\/2024\/08\/p1026923.jpg 2000w, https:\/\/photos-et-compagnie.fr\/blog\/wp-content\/uploads\/2024\/08\/p1026923-300x200.jpg 300w, https:\/\/photos-et-compagnie.fr\/blog\/wp-content\/uploads\/2024\/08\/p1026923-1024x683.jpg 1024w, https:\/\/photos-et-compagnie.fr\/blog\/wp-content\/uploads\/2024\/08\/p1026923-768x512.jpg 768w, https:\/\/photos-et-compagnie.fr\/blog\/wp-content\/uploads\/2024\/08\/p1026923-1536x1025.jpg 1536w, https:\/\/photos-et-compagnie.fr\/blog\/wp-content\/uploads\/2024\/08\/p1026923-400x267.jpg 400w, https:\/\/photos-et-compagnie.fr\/blog\/wp-content\/uploads\/2024\/08\/p1026923-840x560.jpg 840w\" sizes=\"(max-width: 2000px) 100vw, 2000px\" \/><\/a><p id=\"caption-attachment-2801\" class=\"wp-caption-text\">Cirque d&rsquo;Estaub\u00e9 \u00e0 l&rsquo;heure bleue (1\/2)<\/p><\/div>\n<div id=\"attachment_2802\" style=\"width: 2010px\" class=\"wp-caption aligncenter\"><a href=\"https:\/\/photos-et-compagnie.fr\/blog\/wp-content\/uploads\/2024\/08\/p1026925.jpg\"><img aria-describedby=\"caption-attachment-2802\" decoding=\"async\" loading=\"lazy\" class=\"size-full wp-image-2802\" src=\"https:\/\/photos-et-compagnie.fr\/blog\/wp-content\/uploads\/2024\/08\/p1026925.jpg\" alt=\"\" width=\"2000\" height=\"1125\" srcset=\"https:\/\/photos-et-compagnie.fr\/blog\/wp-content\/uploads\/2024\/08\/p1026925.jpg 2000w, https:\/\/photos-et-compagnie.fr\/blog\/wp-content\/uploads\/2024\/08\/p1026925-300x169.jpg 300w, https:\/\/photos-et-compagnie.fr\/blog\/wp-content\/uploads\/2024\/08\/p1026925-1024x576.jpg 1024w, https:\/\/photos-et-compagnie.fr\/blog\/wp-content\/uploads\/2024\/08\/p1026925-768x432.jpg 768w, https:\/\/photos-et-compagnie.fr\/blog\/wp-content\/uploads\/2024\/08\/p1026925-1536x864.jpg 1536w, https:\/\/photos-et-compagnie.fr\/blog\/wp-content\/uploads\/2024\/08\/p1026925-400x225.jpg 400w, https:\/\/photos-et-compagnie.fr\/blog\/wp-content\/uploads\/2024\/08\/p1026925-840x473.jpg 840w\" sizes=\"(max-width: 2000px) 100vw, 2000px\" \/><\/a><p id=\"caption-attachment-2802\" class=\"wp-caption-text\">Cirque d&rsquo;Estaub\u00e9 \u00e0 l&rsquo;heure bleue (2\/2)<\/p><\/div>\n","protected":false},"excerpt":{"rendered":"<p>Vendredi 9 ao\u00fbt \ufeff\ufeffNous quittons les lacs de Barroude puis obliquons vers le Nord Est, nous retrouvant plusieurs fois avec le soleil dans les yeux. C\u2019est la premi\u00e8re fois que cela nous arrive mais c\u2019est probablement le quotidien des HRPistes faisant le chemin dans le sens Ouest -&gt; Est. Ce n&rsquo;est pas tr\u00e8s agr\u00e9able, et nous ne sommes pas m\u00e9contents de faire la travers\u00e9e dans l\u2019autre sens. Mais le soleil \u00e9blouissant ne nous emp\u00eache pas de rep\u00e9rer une harde de plusieurs dizaines d\u2019isards, certains dans la combe que nous nous appr\u00eatons \u00e0 franchir, d\u2019autres sur les cr\u00eates qui nous font face. Nous passons un long moment \u00e0 les observer, c\u2019est un beau cadeau pour commencer la journ\u00e9e\u2026. Pour quitter la vall\u00e9e de la Gela o\u00f9 nous nous trouvons, nous devons passer la Hourquette de Chermentas (hourquette, encore un nouveau mot \u00e0 ajouter \u00e0 la d\u00e9j\u00e0 longue liste des fa\u00e7ons de..<\/p>\n","protected":false},"author":1,"featured_media":0,"comment_status":"open","ping_status":"open","sticky":false,"template":"","format":"standard","meta":[],"categories":[11],"tags":[],"_links":{"self":[{"href":"https:\/\/photos-et-compagnie.fr\/blog\/wp-json\/wp\/v2\/posts\/2262"}],"collection":[{"href":"https:\/\/photos-et-compagnie.fr\/blog\/wp-json\/wp\/v2\/posts"}],"about":[{"href":"https:\/\/photos-et-compagnie.fr\/blog\/wp-json\/wp\/v2\/types\/post"}],"author":[{"embeddable":true,"href":"https:\/\/photos-et-compagnie.fr\/blog\/wp-json\/wp\/v2\/users\/1"}],"replies":[{"embeddable":true,"href":"https:\/\/photos-et-compagnie.fr\/blog\/wp-json\/wp\/v2\/comments?post=2262"}],"version-history":[{"count":9,"href":"https:\/\/photos-et-compagnie.fr\/blog\/wp-json\/wp\/v2\/posts\/2262\/revisions"}],"predecessor-version":[{"id":2809,"href":"https:\/\/photos-et-compagnie.fr\/blog\/wp-json\/wp\/v2\/posts\/2262\/revisions\/2809"}],"wp:attachment":[{"href":"https:\/\/photos-et-compagnie.fr\/blog\/wp-json\/wp\/v2\/media?parent=2262"}],"wp:term":[{"taxonomy":"category","embeddable":true,"href":"https:\/\/photos-et-compagnie.fr\/blog\/wp-json\/wp\/v2\/categories?post=2262"},{"taxonomy":"post_tag","embeddable":true,"href":"https:\/\/photos-et-compagnie.fr\/blog\/wp-json\/wp\/v2\/tags?post=2262"}],"curies":[{"name":"wp","href":"https:\/\/api.w.org\/{rel}","templated":true}]}}