{"id":2956,"date":"2025-07-05T13:10:56","date_gmt":"2025-07-05T13:10:56","guid":{"rendered":"https:\/\/photos-et-compagnie.fr\/blog\/?p=2956"},"modified":"2025-07-28T12:41:09","modified_gmt":"2025-07-28T12:41:09","slug":"transalpes-2025-sommaire","status":"publish","type":"post","link":"https:\/\/photos-et-compagnie.fr\/blog\/2025\/07\/transalpes-2025-sommaire\/","title":{"rendered":"Transalpes 2025 &#8211; Sommaire"},"content":{"rendered":"<p>&nbsp;<\/p>\n<p>Apr\u00e8s une pause dans ma travers\u00e9e des Alpes (d\u00e9but\u00e9e en <a href=\"https:\/\/photos-et-compagnie.fr\/blog\/2022\/07\/transalpes-2022-sommaire\/\" target=\"_blank\" rel=\"noopener\">2022<\/a> et <a href=\"https:\/\/photos-et-compagnie.fr\/blog\/2023\/07\/transalpes-2023-sommaire\/\" target=\"_blank\" rel=\"noopener\">2023<\/a>) l\u2019an dernier pour me consacrer aux <a href=\"https:\/\/photos-et-compagnie.fr\/blog\/2024\/07\/hrp-2024-sommaire\/\" target=\"_blank\" rel=\"noopener\">Pyr\u00e9n\u00e9es<\/a>, j\u2019ai d\u00e9cid\u00e9 de repartir de Tignes, o\u00f9 j\u2019\u00e9tais arriv\u00e9 en 2023, et de poursuivre vers le Sud.<\/p>\n<p>Lors de la pr\u00e9paration de l\u2019itin\u00e9raire, j\u2019ai r\u00e9alis\u00e9 qu\u2019en marchant une semaine depuis Tignes, la Transalpes me faisait arriver \u00e0 la chapelle de la Montette, non loin d\u2019Abri\u00e8s dans le Queyras. Comme j\u2019avais r\u00e9serv\u00e9 des vacances avec Karine et des amis \u00e0 Arvieux \u00e0 partir du 13 juillet, j\u2019ai donc d\u00e9cid\u00e9 de rejoindre mon lieu de vacances \u00e0 pied, en combinant<\/p>\n<ul>\n<li>Six jours de marche sur l\u2019itin\u00e9raire TransAlpes, de Tignes \u00e0 la Chapelle de la Montette,<\/li>\n<li>Deux jours sur le GR58 (Tour du Queyras) pour rallier Arvieux depuis la chapelle de la Montette.<\/li>\n<\/ul>\n<p>J\u2019esp\u00e8re, au travers de ce r\u00e9cit, vous faire voyager avec moi sur les sentiers, les cols et les sommets, et vous faire partager les \u00e9motions que j\u2019ai ressenties \u2026 tout en me permettant de figer ces souvenirs \u00ab sur le papier \u00bb, afin de ne pas les oublier trop vite.<\/p>\n<p>Pour commencer la lecture du carnet complet, cliquez\u00a0<a href=\"https:\/\/photos-et-compagnie.fr\/blog\/2025\/07\/jour-0-tignes-val-claret-sous-le-col-de-fresse\/\" target=\"_blank\" rel=\"noopener\">ici<\/a>. Vous pouvez aussi acc\u00e9der directement \u00e0 une journ\u00e9e particuli\u00e8re via le sommaire ci-dessous :<\/p>\n<ul>\n<li><a href=\"https:\/\/photos-et-compagnie.fr\/blog\/2025\/07\/jour-0-tignes-val-claret-sous-le-col-de-fresse\/\" target=\"_blank\" rel=\"noopener\">Jour 0 \u2013 Tignes Val Claret -&gt; Sous le col de Fresse<\/a><\/li>\n<li><a href=\"https:\/\/photos-et-compagnie.fr\/blog\/2025\/07\/jour-1-sous-le-col-de-fresse-refuge-de-la-femma\/\" target=\"_blank\" rel=\"noopener\">Jour 1 \u2013 Sous le col de Fresse -&gt; Refuge de la Femma<\/a><\/li>\n<li><a href=\"https:\/\/photos-et-compagnie.fr\/blog\/2025\/07\/jour-2-refuge-de-la-femma-chalets-suiffet\/\" target=\"_blank\" rel=\"noopener\">Jour 2 \u2013 Refuge de la Femma -&gt; Chalets Suiffet<\/a><\/li>\n<li><a href=\"https:\/\/photos-et-compagnie.fr\/blog\/2025\/07\/jour-3-chalets-suiffet-refuge-dambin\/\" target=\"_blank\" rel=\"noopener\">Jour 3 \u2013 Chalets Suiffet -&gt; Refuge d\u2019Ambin<\/a><\/li>\n<li><a href=\"https:\/\/photos-et-compagnie.fr\/blog\/2025\/07\/jour-4-refuge-dambin-refuge-arlaud\/\" target=\"_blank\" rel=\"noopener\">Jour 4 \u2013 Refuge d\u2019Ambin -&gt; Refuge Arlaud<\/a><\/li>\n<li><a href=\"https:\/\/photos-et-compagnie.fr\/blog\/2025\/07\/jour-5-refuge-arlaud-sous-le-col-clapis\/\" target=\"_blank\" rel=\"noopener\">Jour 5 \u2013 Refuge Arlaud -&gt; sous le Col Clapis<\/a><\/li>\n<li><a href=\"https:\/\/photos-et-compagnie.fr\/blog\/2025\/07\/jour-6-sous-le-col-clapis-chapelle-de-la-montette\/\" target=\"_blank\" rel=\"noopener\">Jour 6 \u2013 Sous le Col Clapis -&gt; Chapelle de la Montette<\/a><\/li>\n<li><a href=\"https:\/\/photos-et-compagnie.fr\/blog\/2025\/07\/jour-7-chapelle-de-la-montette-sous-le-col-de-peas\/\" target=\"_blank\" rel=\"noopener\">Jour 7 \u2013 Chapelle de la Montette -&gt; Sous le Col de P\u00e9as<\/a><\/li>\n<li><a href=\"https:\/\/photos-et-compagnie.fr\/blog\/2025\/07\/jour-8-sous-le-col-de-peas-arvieux-hameau-de-brunissard\/\" target=\"_blank\" rel=\"noopener\">Jour 8 \u2013 Sous le Col de P\u00e9as -&gt; Arvieux, hameau de Brunissard<\/a><\/li>\n<\/ul>\n","protected":false},"excerpt":{"rendered":"<p>&nbsp; Apr\u00e8s une pause dans ma travers\u00e9e des Alpes (d\u00e9but\u00e9e en 2022 et 2023) l\u2019an dernier pour me consacrer aux Pyr\u00e9n\u00e9es, j\u2019ai d\u00e9cid\u00e9 de repartir de Tignes, o\u00f9 j\u2019\u00e9tais arriv\u00e9 en 2023, et de poursuivre vers le Sud. Lors de la pr\u00e9paration de l\u2019itin\u00e9raire, j\u2019ai r\u00e9alis\u00e9 qu\u2019en marchant une semaine depuis Tignes, la Transalpes me faisait arriver \u00e0 la chapelle de la Montette, non loin d\u2019Abri\u00e8s dans le Queyras. Comme j\u2019avais r\u00e9serv\u00e9 des vacances avec Karine et des amis \u00e0 Arvieux \u00e0 partir du 13 juillet, j\u2019ai donc d\u00e9cid\u00e9 de rejoindre mon lieu de vacances \u00e0 pied, en combinant Six jours de marche sur l\u2019itin\u00e9raire TransAlpes, de Tignes \u00e0 la Chapelle de la Montette, Deux jours sur le GR58 (Tour du Queyras) pour rallier Arvieux depuis la chapelle de la Montette. J\u2019esp\u00e8re, au travers de ce r\u00e9cit, vous faire voyager avec moi sur les sentiers, les cols et les sommets,..<\/p>\n","protected":false},"author":1,"featured_media":3006,"comment_status":"open","ping_status":"open","sticky":false,"template":"","format":"standard","meta":[],"categories":[10],"tags":[],"_links":{"self":[{"href":"https:\/\/photos-et-compagnie.fr\/blog\/wp-json\/wp\/v2\/posts\/2956"}],"collection":[{"href":"https:\/\/photos-et-compagnie.fr\/blog\/wp-json\/wp\/v2\/posts"}],"about":[{"href":"https:\/\/photos-et-compagnie.fr\/blog\/wp-json\/wp\/v2\/types\/post"}],"author":[{"embeddable":true,"href":"https:\/\/photos-et-compagnie.fr\/blog\/wp-json\/wp\/v2\/users\/1"}],"replies":[{"embeddable":true,"href":"https:\/\/photos-et-compagnie.fr\/blog\/wp-json\/wp\/v2\/comments?post=2956"}],"version-history":[{"count":5,"href":"https:\/\/photos-et-compagnie.fr\/blog\/wp-json\/wp\/v2\/posts\/2956\/revisions"}],"predecessor-version":[{"id":3147,"href":"https:\/\/photos-et-compagnie.fr\/blog\/wp-json\/wp\/v2\/posts\/2956\/revisions\/3147"}],"wp:featuredmedia":[{"embeddable":true,"href":"https:\/\/photos-et-compagnie.fr\/blog\/wp-json\/wp\/v2\/media\/3006"}],"wp:attachment":[{"href":"https:\/\/photos-et-compagnie.fr\/blog\/wp-json\/wp\/v2\/media?parent=2956"}],"wp:term":[{"taxonomy":"category","embeddable":true,"href":"https:\/\/photos-et-compagnie.fr\/blog\/wp-json\/wp\/v2\/categories?post=2956"},{"taxonomy":"post_tag","embeddable":true,"href":"https:\/\/photos-et-compagnie.fr\/blog\/wp-json\/wp\/v2\/tags?post=2956"}],"curies":[{"name":"wp","href":"https:\/\/api.w.org\/{rel}","templated":true}]}}